{"id":1775,"date":"2020-04-11T10:03:07","date_gmt":"2020-04-11T15:03:07","guid":{"rendered":"https:\/\/bomberos.puyo.gob.ec\/por-llamado-del-ecu911-la-unidad-a5-del-cuerpo-de-bomberos-de-pastaza-se-dirige\/"},"modified":"2020-04-11T10:46:51","modified_gmt":"2020-04-11T15:46:51","slug":"por-llamado-del-ecu911-la-unidad-a5-del-cuerpo-de-bomberos-de-pastaza-se-dirige","status":"publish","type":"post","link":"https:\/\/bomberos.puyo.gob.ec\/2019\/por-llamado-del-ecu911-la-unidad-a5-del-cuerpo-de-bomberos-de-pastaza-se-dirige\/","title":{"rendered":"Por llamado del #ECU911 la unidad A5 del Cuerpo de Bomberos de Pastaza se dirige&#8230;"},"content":{"rendered":"<p>Por llamado del <a class=\"_58cn\" href=\"https:\/\/facebook.com\/hashtag\/ecu911?source=feed_text&#038;epa=HASHTAG&#038;__xts__%5B0%5D=68.ARCTEozndUvbNbahOpFdicg8eyFIl6Bq1ujODzXGHeCXHB4dv_Fv9uYZxOmiTGYTz29ljIXQOcxb-D7X6t47FOZnCfJck0tgywhMxRNGgMpLFfgSMyJ4UsKBJ3JpwbcjVDcYF6lHfaTHqwL3t0BDaU9x9xhJWD1VL8QrVNjt2vLouLbqTHAkjgAqEuYXvWxyZ4gzONIV01lJ5CTM2G8IK0LG37tEmQS9HZm9ULlo6dB06lMlRL54pnm9FPkEy6nqXldqvJAG4FZZo7XVU4UjsrC2OIcovPq5kJCJviyos6tQhL4WN8kZ4FhNygvEO18G0suUIlgEGHkiEZnb4uQ7_f5KmQ&#038;__tn__=%2ANK-R\" data-ft=\"&#123;&quot;type&quot;:104,&quot;tn&quot;:&quot;*N&quot;&#125;\"><span class=\"_5afx\"><span aria-label=\"hashtag\" class=\"_58cl _5afz\">#ECU911<\/span><\/span><\/a> la unidad A5 del Cuerpo de Bomberos de Pastaza se dirige a la parroquia Veracruz a una emergencia m\u00e9dica al llegar al lugar se atiende a un paciente de 17 a\u00f1os el mismo que presenta laceraciones en el rostro producto de una ca\u00edda de su propia altura luego de sufrir un ataque de convulsiones, el paciente es trasladado al hospital Puyo lo recibe el m\u00e9dico de turno<\/p>\n<p><a href=\"https:\/\/bomberos.puyo.gob.ec\/2019\/wp-content\/uploads\/Por-llamado-del-ECU911-la-unidad-A5-del-Cuerpo-de.fna&#038;oh=275a2c3efe590a21e135ee7675147c2a&#038;oe=5EB813F9.jpeg\"><img decoding=\"async\" class=\"wp_automatic_fb_img\" title=\"\" src=\"https:\/\/bomberos.puyo.gob.ec\/2019\/wp-content\/uploads\/Por-llamado-del-ECU911-la-unidad-A5-del-Cuerpo-de.fna&#038;oh=275a2c3efe590a21e135ee7675147c2a&#038;oe=5EB813F9.jpeg\" \/><\/a><br \/><a href=\"https:\/\/bomberos.puyo.gob.ec\/2019\/wp-content\/uploads\/Por-llamado-del-ECU911-la-unidad-A5-del-Cuerpo-de.fna&#038;oh=fa88119cfb29a914b2cad317e0eb9a09&#038;oe=5EB9691B.jpeg\"><img decoding=\"async\" class=\"wp_automatic_fb_img\" title=\"\" src=\"https:\/\/bomberos.puyo.gob.ec\/2019\/wp-content\/uploads\/Por-llamado-del-ECU911-la-unidad-A5-del-Cuerpo-de.fna&#038;oh=fa88119cfb29a914b2cad317e0eb9a09&#038;oe=5EB9691B.jpeg\" \/><\/a><br \/><a href=\"https:\/\/bomberos.puyo.gob.ec\/2019\/wp-content\/uploads\/Por-llamado-del-ECU911-la-unidad-A5-del-Cuerpo-de.fna&#038;oh=27d95ba69e6b252acccf5af35f267153&#038;oe=5EB7B0DE.jpeg\"><img decoding=\"async\" class=\"wp_automatic_fb_img\" title=\"\" src=\"https:\/\/bomberos.puyo.gob.ec\/2019\/wp-content\/uploads\/Por-llamado-del-ECU911-la-unidad-A5-del-Cuerpo-de.fna&#038;oh=27d95ba69e6b252acccf5af35f267153&#038;oe=5EB7B0DE.jpeg\" \/><\/a><br \/>\n<br \/><a href=\"https:\/\/www.facebook.com\/465093860312824\/posts\/1578376502317882\">en facebook&#8230; <\/a>  <\/p>\n","protected":false},"excerpt":{"rendered":"<p>Por llamado del <a class=\"_58cn\" href=\"https:\/\/facebook.com\/hashtag\/ecu911?source=feed_text&#038;epa=HASHTAG&#038;__xts__%5B0%5D=68.ARCTEozndUvbNbahOpFdicg8eyFIl6Bq1ujODzXGHeCXHB4dv_Fv9uYZxOmiTGYTz29ljIXQOcxb-D7X6t47FOZnCfJck0tgywhMxRNGgMpLFfgSMyJ4UsKBJ3JpwbcjVDcYF6lHfaTHqwL3t0BDaU9x9xhJWD1VL8QrVNjt2vLouLbqTHAkjgAqEuYXvWxyZ4gzONIV01lJ5CTM2G8IK0LG37tEmQS9HZm9ULlo6dB06lMlRL54pnm9FPkEy6nqXldqvJAG4FZZo7XVU4UjsrC2OIcovPq5kJCJviyos6tQhL4WN8kZ4FhNygvEO18G0suUIlgEGHkiEZnb4uQ7_f5KmQ&#038;__tn__=%2ANK-R\" data-ft=\"&#123;&quot;type&quot;:104,&quot;tn&quot;:&quot;*N&quot;&#125;\"><span class=\"_5afx\"><span aria-label=\"hashtag\" class=\"_58cl _5afz\">#ECU911<\/span><\/span><\/a> la unidad A5 del Cuerpo de Bomberos de Pastaza se dirige a la parroquia Veracruz a una emergencia m\u00e9dica al llegar al lugar se atiende a un paciente de 17 a\u00f1os el mismo que presenta laceraciones en el rostro producto de una ca\u00edda de su propia altura luego de sufrir un ataque de convulsiones, el paciente es trasladado al hospital Puyo lo recibe el m\u00e9dico de turno<\/p>\n<p><a href=\"https:\/\/scontent.fuio15-1.fna.fbcdn.net\/v\/t1.0-9\/92763073_1578376232317909_8697467293052960768_o.jpg?_nc_cat=111&#038;_nc_sid=8024bb&#038;_nc_ohc=CSXQIM0oTNAAX_8FnWH&#038;_nc_ht=scontent.fuio15-1.fna&#038;oh=275a2c3efe590a21e135ee7675147c2a&#038;oe=5EB813F9\"><img decoding=\"async\" class=\"wp_automatic_fb_img\" title=\"\" src=\"https:\/\/scontent.fuio15-1.fna.fbcdn.net\/v\/t1.0-9\/92763073_1578376232317909_8697467293052960768_o.jpg?_nc_cat=111&#038;_nc_sid=8024bb&#038;_nc_ohc=CSXQIM0oTNAAX_8FnWH&#038;_nc_ht=scontent.fuio15-1.fna&#038;oh=275a2c3efe590a21e135ee7675147c2a&#038;oe=5EB813F9\" \/><\/a><br \/><a href=\"https:\/\/scontent.fuio15-1.fna.fbcdn.net\/v\/t1.0-9\/93522268_1578376368984562_3870687650289549312_o.jpg?_nc_cat=105&#038;_nc_sid=8024bb&#038;_nc_ohc=dQtHPOJz6DIAX_hw_Bk&#038;_nc_ht=scontent.fuio15-1.fna&#038;oh=fa88119cfb29a914b2cad317e0eb9a09&#038;oe=5EB9691B\"><img decoding=\"async\" class=\"wp_automatic_fb_img\" title=\"\" src=\"https:\/\/scontent.fuio15-1.fna.fbcdn.net\/v\/t1.0-9\/93522268_1578376368984562_3870687650289549312_o.jpg?_nc_cat=105&#038;_nc_sid=8024bb&#038;_nc_ohc=dQtHPOJz6DIAX_hw_Bk&#038;_nc_ht=scontent.fuio15-1.fna&#038;oh=fa88119cfb29a914b2cad317e0eb9a09&#038;oe=5EB9691B\" \/><\/a><br \/><a href=\"https:\/\/scontent.fuio15-1.fna.fbcdn.net\/v\/t1.0-9\/92865575_1578376445651221_8780756806390513664_o.jpg?_nc_cat=106&#038;_nc_sid=8024bb&#038;_nc_ohc=A9h1KoFpZpoAX9KBuKu&#038;_nc_ht=scontent.fuio15-1.fna&#038;oh=27d95ba69e6b252acccf5af35f267153&#038;oe=5EB7B0DE\"><img decoding=\"async\" class=\"wp_automatic_fb_img\" title=\"\" src=\"https:\/\/scontent.fuio15-1.fna.fbcdn.net\/v\/t1.0-9\/92865575_1578376445651221_8780756806390513664_o.jpg?_nc_cat=106&#038;_nc_sid=8024bb&#038;_nc_ohc=A9h1KoFpZpoAX9KBuKu&#038;_nc_ht=scontent.fuio15-1.fna&#038;oh=27d95ba69e6b252acccf5af35f267153&#038;oe=5EB7B0DE\" \/><\/a><\/p>\n","protected":false},"author":1,"featured_media":1776,"comment_status":"open","ping_status":"open","sticky":false,"template":"","format":"standard","meta":[],"categories":[1],"tags":[73,64,32,86,69,31,74,30,41],"_links":{"self":[{"href":"https:\/\/bomberos.puyo.gob.ec\/2019\/wp-json\/wp\/v2\/posts\/1775"}],"collection":[{"href":"https:\/\/bomberos.puyo.gob.ec\/2019\/wp-json\/wp\/v2\/posts"}],"about":[{"href":"https:\/\/bomberos.puyo.gob.ec\/2019\/wp-json\/wp\/v2\/types\/post"}],"author":[{"embeddable":true,"href":"https:\/\/bomberos.puyo.gob.ec\/2019\/wp-json\/wp\/v2\/users\/1"}],"replies":[{"embeddable":true,"href":"https:\/\/bomberos.puyo.gob.ec\/2019\/wp-json\/wp\/v2\/comments?post=1775"}],"version-history":[{"count":1,"href":"https:\/\/bomberos.puyo.gob.ec\/2019\/wp-json\/wp\/v2\/posts\/1775\/revisions"}],"predecessor-version":[{"id":1777,"href":"https:\/\/bomberos.puyo.gob.ec\/2019\/wp-json\/wp\/v2\/posts\/1775\/revisions\/1777"}],"wp:featuredmedia":[{"embeddable":true,"href":"https:\/\/bomberos.puyo.gob.ec\/2019\/wp-json\/wp\/v2\/media\/1776"}],"wp:attachment":[{"href":"https:\/\/bomberos.puyo.gob.ec\/2019\/wp-json\/wp\/v2\/media?parent=1775"}],"wp:term":[{"taxonomy":"category","embeddable":true,"href":"https:\/\/bomberos.puyo.gob.ec\/2019\/wp-json\/wp\/v2\/categories?post=1775"},{"taxonomy":"post_tag","embeddable":true,"href":"https:\/\/bomberos.puyo.gob.ec\/2019\/wp-json\/wp\/v2\/tags?post=1775"}],"curies":[{"name":"wp","href":"https:\/\/api.w.org\/{rel}","templated":true}]}}