{"id":1745,"date":"2020-04-07T13:30:00","date_gmt":"2020-04-07T18:30:00","guid":{"rendered":"https:\/\/bomberos.puyo.gob.ec\/por-llamado-de-la-comandancia-y-en-coordinacion-con-el-ecu911-la-unidad-bomberi\/"},"modified":"2020-04-07T14:05:26","modified_gmt":"2020-04-07T19:05:26","slug":"por-llamado-de-la-comandancia-y-en-coordinacion-con-el-ecu911-la-unidad-bomberi","status":"publish","type":"post","link":"https:\/\/bomberos.puyo.gob.ec\/2019\/por-llamado-de-la-comandancia-y-en-coordinacion-con-el-ecu911-la-unidad-bomberi\/","title":{"rendered":"Por llamado de la comandancia y en coordinaci\u00f3n con el #ECU911 la unidad bomberi&#8230;"},"content":{"rendered":"<p>Por llamado de la comandancia y en coordinaci\u00f3n con el <a class=\"_58cn\" href=\"https:\/\/facebook.com\/hashtag\/ecu911?source=feed_text&#038;epa=HASHTAG&#038;__xts__%5B0%5D=68.ARArrJEyJtgjoK3h_x-2B1NR7KvB7PbUFj5hWV_62f0DhlWuSBA0V2PxeE7xlZ12cQbSwAK2S140if75OFpSOldVJQNSkwvujtcks1M6jb3VDiFy5tVtxeNWGVDO1rOYk_RVHKTTEnmHf3eOVSuL0dquFa-pyUP6cxSYG4BGeaTKWsTzkXaWblzmrNUtE7WcDNXyqBH-_nHoV4fTV9P-JpJntqSt2H9pyitXdvO_NgrgaJgY2MGDJroeIyRt5ZGUBagDxrRnt89u3ntjOZJ7TW2WPT8f0KcmNmcnTb2ta1dnp7-OLO2r8sP69jYBxkpdkPi8ZEnbfE5oCEXaGo4ATPpVJQ&#038;__tn__=%2ANK-R\" data-ft=\"&#123;&quot;type&quot;:104,&quot;tn&quot;:&quot;*N&quot;&#125;\"><span class=\"_5afx\"><span aria-label=\"hashtag\" class=\"_58cl _5afz\">#ECU911<\/span><\/span><\/a> la unidad bomberil se dirige a una <a class=\"_58cn\" href=\"https:\/\/facebook.com\/hashtag\/emergenciam&#xe9;dica?source=feed_text&#038;epa=HASHTAG&#038;__xts__%5B0%5D=68.ARArrJEyJtgjoK3h_x-2B1NR7KvB7PbUFj5hWV_62f0DhlWuSBA0V2PxeE7xlZ12cQbSwAK2S140if75OFpSOldVJQNSkwvujtcks1M6jb3VDiFy5tVtxeNWGVDO1rOYk_RVHKTTEnmHf3eOVSuL0dquFa-pyUP6cxSYG4BGeaTKWsTzkXaWblzmrNUtE7WcDNXyqBH-_nHoV4fTV9P-JpJntqSt2H9pyitXdvO_NgrgaJgY2MGDJroeIyRt5ZGUBagDxrRnt89u3ntjOZJ7TW2WPT8f0KcmNmcnTb2ta1dnp7-OLO2r8sP69jYBxkpdkPi8ZEnbfE5oCEXaGo4ATPpVJQ&#038;__tn__=%2ANK-R\" data-ft=\"&#123;&quot;type&quot;:104,&quot;tn&quot;:&quot;*N&quot;&#125;\"><span class=\"_5afx\"><span aria-label=\"hashtag\" class=\"_58cl _5afz\">#emergenciam\u00e9dica<\/span><\/span><\/a> en el sector del km 18 v\u00eda a Pomona, llegando al lugar, se atiende a paciente de 2 a\u00f1os de edad misma que se traslada con un diagn\u00f3stico  presuntivo  de varicela  hacia el Subcentro de Salud Urbano Puyo, quedando a cargo de la, posterior la unidad retorna a la estaci\u00f3n X2.<br \/> SE TOM\u00d3 TODAS LAS PRECAUCIONES SIGUIENDO TODOS LOS PROTOCOLOS<\/p>\n<p><a href=\"https:\/\/bomberos.puyo.gob.ec\/2019\/wp-content\/uploads\/Por-llamado-de-la-comandancia-y-en-coordinacion-con-el.fna&#038;oh=9d32ec478c60b8b696d814455bc857e4&#038;oe=5EB18C2D.jpeg\"><img decoding=\"async\" class=\"wp_automatic_fb_img\" title=\"\" src=\"https:\/\/bomberos.puyo.gob.ec\/2019\/wp-content\/uploads\/Por-llamado-de-la-comandancia-y-en-coordinacion-con-el.fna&#038;oh=9d32ec478c60b8b696d814455bc857e4&#038;oe=5EB18C2D.jpeg\" \/><\/a><br \/><a href=\"https:\/\/bomberos.puyo.gob.ec\/2019\/wp-content\/uploads\/Por-llamado-de-la-comandancia-y-en-coordinacion-con-el.fna&#038;oh=bea85b6051d65716ebf4a157de0c3eb5&#038;oe=5EB097D1.jpeg\"><img decoding=\"async\" class=\"wp_automatic_fb_img\" title=\"\" src=\"https:\/\/bomberos.puyo.gob.ec\/2019\/wp-content\/uploads\/Por-llamado-de-la-comandancia-y-en-coordinacion-con-el.fna&#038;oh=bea85b6051d65716ebf4a157de0c3eb5&#038;oe=5EB097D1.jpeg\" \/><\/a><br \/><a href=\"https:\/\/bomberos.puyo.gob.ec\/2019\/wp-content\/uploads\/Por-llamado-de-la-comandancia-y-en-coordinacion-con-el.fna&#038;oh=fceefb86446c605f98d5a4a615dfb88a&#038;oe=5EB26696.jpeg\"><img decoding=\"async\" class=\"wp_automatic_fb_img\" title=\"\" src=\"https:\/\/bomberos.puyo.gob.ec\/2019\/wp-content\/uploads\/Por-llamado-de-la-comandancia-y-en-coordinacion-con-el.fna&#038;oh=fceefb86446c605f98d5a4a615dfb88a&#038;oe=5EB26696.jpeg\" \/><\/a><br \/>\n<br \/><a href=\"https:\/\/www.facebook.com\/465093860312824\/posts\/1574938992661633\">en facebook&#8230; <\/a>  <\/p>\n","protected":false},"excerpt":{"rendered":"<p>Por llamado de la comandancia y en coordinaci\u00f3n con el <a class=\"_58cn\" href=\"https:\/\/facebook.com\/hashtag\/ecu911?source=feed_text&#038;epa=HASHTAG&#038;__xts__%5B0%5D=68.ARArrJEyJtgjoK3h_x-2B1NR7KvB7PbUFj5hWV_62f0DhlWuSBA0V2PxeE7xlZ12cQbSwAK2S140if75OFpSOldVJQNSkwvujtcks1M6jb3VDiFy5tVtxeNWGVDO1rOYk_RVHKTTEnmHf3eOVSuL0dquFa-pyUP6cxSYG4BGeaTKWsTzkXaWblzmrNUtE7WcDNXyqBH-_nHoV4fTV9P-JpJntqSt2H9pyitXdvO_NgrgaJgY2MGDJroeIyRt5ZGUBagDxrRnt89u3ntjOZJ7TW2WPT8f0KcmNmcnTb2ta1dnp7-OLO2r8sP69jYBxkpdkPi8ZEnbfE5oCEXaGo4ATPpVJQ&#038;__tn__=%2ANK-R\" data-ft=\"&#123;&quot;type&quot;:104,&quot;tn&quot;:&quot;*N&quot;&#125;\"><span class=\"_5afx\"><span aria-label=\"hashtag\" class=\"_58cl _5afz\">#ECU911<\/span><\/span><\/a> la unidad bomberil se dirige a una <a class=\"_58cn\" href=\"https:\/\/facebook.com\/hashtag\/emergenciam&#xe9;dica?source=feed_text&#038;epa=HASHTAG&#038;__xts__%5B0%5D=68.ARArrJEyJtgjoK3h_x-2B1NR7KvB7PbUFj5hWV_62f0DhlWuSBA0V2PxeE7xlZ12cQbSwAK2S140if75OFpSOldVJQNSkwvujtcks1M6jb3VDiFy5tVtxeNWGVDO1rOYk_RVHKTTEnmHf3eOVSuL0dquFa-pyUP6cxSYG4BGeaTKWsTzkXaWblzmrNUtE7WcDNXyqBH-_nHoV4fTV9P-JpJntqSt2H9pyitXdvO_NgrgaJgY2MGDJroeIyRt5ZGUBagDxrRnt89u3ntjOZJ7TW2WPT8f0KcmNmcnTb2ta1dnp7-OLO2r8sP69jYBxkpdkPi8ZEnbfE5oCEXaGo4ATPpVJQ&#038;__tn__=%2ANK-R\" data-ft=\"&#123;&quot;type&quot;:104,&quot;tn&quot;:&quot;*N&quot;&#125;\"><span class=\"_5afx\"><span aria-label=\"hashtag\" class=\"_58cl _5afz\">#emergenciam\u00e9dica<\/span><\/span><\/a> en el sector del km 18 v\u00eda a Pomona, llegando al lugar, se atiende a paciente de 2 a\u00f1os de edad misma que se traslada con un diagn\u00f3stico  presuntivo  de varicela  hacia el Subcentro de Salud Urbano Puyo, quedando a cargo de la, posterior la unidad retorna a la estaci\u00f3n X2.<br \/> SE TOM\u00d3 TODAS LAS PRECAUCIONES SIGUIENDO TODOS LOS PROTOCOLOS<\/p>\n<p><a href=\"https:\/\/scontent.fuio15-1.fna.fbcdn.net\/v\/t1.0-9\/92328503_1574937975995068_4508935256652382208_o.jpg?_nc_cat=107&#038;_nc_sid=8024bb&#038;_nc_ohc=9atO8Mg7Tu8AX-k1XhQ&#038;_nc_ht=scontent.fuio15-1.fna&#038;oh=9d32ec478c60b8b696d814455bc857e4&#038;oe=5EB18C2D\"><img decoding=\"async\" class=\"wp_automatic_fb_img\" title=\"\" src=\"https:\/\/scontent.fuio15-1.fna.fbcdn.net\/v\/t1.0-9\/92328503_1574937975995068_4508935256652382208_o.jpg?_nc_cat=107&#038;_nc_sid=8024bb&#038;_nc_ohc=9atO8Mg7Tu8AX-k1XhQ&#038;_nc_ht=scontent.fuio15-1.fna&#038;oh=9d32ec478c60b8b696d814455bc857e4&#038;oe=5EB18C2D\" \/><\/a><br \/><a href=\"https:\/\/scontent.fuio15-1.fna.fbcdn.net\/v\/t1.0-9\/92463507_1574937962661736_169926408221491200_o.jpg?_nc_cat=105&#038;_nc_sid=8024bb&#038;_nc_ohc=Ljd1Tw2jrPgAX-pOtNB&#038;_nc_ht=scontent.fuio15-1.fna&#038;oh=bea85b6051d65716ebf4a157de0c3eb5&#038;oe=5EB097D1\"><img decoding=\"async\" class=\"wp_automatic_fb_img\" title=\"\" src=\"https:\/\/scontent.fuio15-1.fna.fbcdn.net\/v\/t1.0-9\/92463507_1574937962661736_169926408221491200_o.jpg?_nc_cat=105&#038;_nc_sid=8024bb&#038;_nc_ohc=Ljd1Tw2jrPgAX-pOtNB&#038;_nc_ht=scontent.fuio15-1.fna&#038;oh=bea85b6051d65716ebf4a157de0c3eb5&#038;oe=5EB097D1\" \/><\/a><br \/><a href=\"https:\/\/scontent.fuio15-1.fna.fbcdn.net\/v\/t1.0-9\/92691419_1574937942661738_6318508865126137856_o.jpg?_nc_cat=106&#038;_nc_sid=8024bb&#038;_nc_ohc=aMUHN0x2nsEAX_K6ZF1&#038;_nc_ht=scontent.fuio15-1.fna&#038;oh=fceefb86446c605f98d5a4a615dfb88a&#038;oe=5EB26696\"><img decoding=\"async\" class=\"wp_automatic_fb_img\" title=\"\" src=\"https:\/\/scontent.fuio15-1.fna.fbcdn.net\/v\/t1.0-9\/92691419_1574937942661738_6318508865126137856_o.jpg?_nc_cat=106&#038;_nc_sid=8024bb&#038;_nc_ohc=aMUHN0x2nsEAX_K6ZF1&#038;_nc_ht=scontent.fuio15-1.fna&#038;oh=fceefb86446c605f98d5a4a615dfb88a&#038;oe=5EB26696\" \/><\/a><\/p>\n","protected":false},"author":1,"featured_media":1746,"comment_status":"open","ping_status":"open","sticky":false,"template":"","format":"standard","meta":[],"categories":[1],"tags":[697,132,42,82,69,29,31,30,41],"_links":{"self":[{"href":"https:\/\/bomberos.puyo.gob.ec\/2019\/wp-json\/wp\/v2\/posts\/1745"}],"collection":[{"href":"https:\/\/bomberos.puyo.gob.ec\/2019\/wp-json\/wp\/v2\/posts"}],"about":[{"href":"https:\/\/bomberos.puyo.gob.ec\/2019\/wp-json\/wp\/v2\/types\/post"}],"author":[{"embeddable":true,"href":"https:\/\/bomberos.puyo.gob.ec\/2019\/wp-json\/wp\/v2\/users\/1"}],"replies":[{"embeddable":true,"href":"https:\/\/bomberos.puyo.gob.ec\/2019\/wp-json\/wp\/v2\/comments?post=1745"}],"version-history":[{"count":1,"href":"https:\/\/bomberos.puyo.gob.ec\/2019\/wp-json\/wp\/v2\/posts\/1745\/revisions"}],"predecessor-version":[{"id":1747,"href":"https:\/\/bomberos.puyo.gob.ec\/2019\/wp-json\/wp\/v2\/posts\/1745\/revisions\/1747"}],"wp:featuredmedia":[{"embeddable":true,"href":"https:\/\/bomberos.puyo.gob.ec\/2019\/wp-json\/wp\/v2\/media\/1746"}],"wp:attachment":[{"href":"https:\/\/bomberos.puyo.gob.ec\/2019\/wp-json\/wp\/v2\/media?parent=1745"}],"wp:term":[{"taxonomy":"category","embeddable":true,"href":"https:\/\/bomberos.puyo.gob.ec\/2019\/wp-json\/wp\/v2\/categories?post=1745"},{"taxonomy":"post_tag","embeddable":true,"href":"https:\/\/bomberos.puyo.gob.ec\/2019\/wp-json\/wp\/v2\/tags?post=1745"}],"curies":[{"name":"wp","href":"https:\/\/api.w.org\/{rel}","templated":true}]}}