{"id":1742,"date":"2020-04-07T11:51:38","date_gmt":"2020-04-07T16:51:38","guid":{"rendered":"https:\/\/bomberos.puyo.gob.ec\/por-llamado-del-ecu911-la-unidad-bomberil-asiste-con-tres-efectivos-al-barrio-l\/"},"modified":"2020-04-07T12:00:20","modified_gmt":"2020-04-07T17:00:20","slug":"por-llamado-del-ecu911-la-unidad-bomberil-asiste-con-tres-efectivos-al-barrio-l","status":"publish","type":"post","link":"https:\/\/bomberos.puyo.gob.ec\/2019\/por-llamado-del-ecu911-la-unidad-bomberil-asiste-con-tres-efectivos-al-barrio-l\/","title":{"rendered":"Por llamado del #ECU911 la unidad bomberil asiste con tres efectivos al barrio L&#8230;"},"content":{"rendered":"<p>Por llamado del <a class=\"_58cn\" href=\"https:\/\/facebook.com\/hashtag\/ecu911?source=feed_text&#038;epa=HASHTAG&#038;__xts__%5B0%5D=68.ARBIGK3paXyMeMCIUFEiFw_MJFXg5rhZeZxyx09w7gnY9L0pendmXcOXixn84_Mgp0IL8MVE2tmMxCMVEUnlGVXy1avuY5DNPksk0IdvkI_E6rg7cxGeSRQXaN5VqapuYHai4Fsi26vverVJ20rvtQdFWb6de44Y8YZ8SqyGyUWxMWLefTKKw85V_OmYGABeudJTao9TVUEosQTMokajMRFg5380RzqAiVh5DDSfO8fxl-d4aUn07OzEFFVaPZO6tb7bn9bo2mgJ_PJNJWNSTWaEntz8O_m4UWtKuxlZuWUv45leg08ADJvsvrI9Au8tn9gtyo6XRDAcItNWX3N2qVqJ3Q&#038;__tn__=%2ANK-R\" data-ft=\"&#123;&quot;type&quot;:104,&quot;tn&quot;:&quot;*N&quot;&#125;\"><span class=\"_5afx\"><span aria-label=\"hashtag\" class=\"_58cl _5afz\">#ECU911<\/span><\/span><\/a> la unidad bomberil asiste con tres efectivos al barrio La Merced sector Escuela Especial donde se atiende a un paciente de sexo masculino de 36 a\u00f1os de edad, el mismo que presenta una herida cortante en regi\u00f3n parietal izquierda producto de agresi\u00f3n f\u00edsica por un ciudadano, es trasladada al Hospital General Puyo.<\/p>\n<p><a href=\"https:\/\/bomberos.puyo.gob.ec\/2019\/wp-content\/uploads\/Por-llamado-del-ECU911-la-unidad-bomberil-asiste-con-tres.fna&#038;oh=f423ebec914552478ede604d3f35bbb5&#038;oe=5EB0B914.jpeg\"><img decoding=\"async\" class=\"wp_automatic_fb_img\" title=\"\" src=\"https:\/\/bomberos.puyo.gob.ec\/2019\/wp-content\/uploads\/Por-llamado-del-ECU911-la-unidad-bomberil-asiste-con-tres.fna&#038;oh=f423ebec914552478ede604d3f35bbb5&#038;oe=5EB0B914.jpeg\" \/><\/a><br \/>\n<br \/><a href=\"https:\/\/www.facebook.com\/465093860312824\/posts\/1574923325996533\">en facebook&#8230; <\/a>  <\/p>\n","protected":false},"excerpt":{"rendered":"<p>Por llamado del <a class=\"_58cn\" href=\"https:\/\/facebook.com\/hashtag\/ecu911?source=feed_text&#038;epa=HASHTAG&#038;__xts__%5B0%5D=68.ARBIGK3paXyMeMCIUFEiFw_MJFXg5rhZeZxyx09w7gnY9L0pendmXcOXixn84_Mgp0IL8MVE2tmMxCMVEUnlGVXy1avuY5DNPksk0IdvkI_E6rg7cxGeSRQXaN5VqapuYHai4Fsi26vverVJ20rvtQdFWb6de44Y8YZ8SqyGyUWxMWLefTKKw85V_OmYGABeudJTao9TVUEosQTMokajMRFg5380RzqAiVh5DDSfO8fxl-d4aUn07OzEFFVaPZO6tb7bn9bo2mgJ_PJNJWNSTWaEntz8O_m4UWtKuxlZuWUv45leg08ADJvsvrI9Au8tn9gtyo6XRDAcItNWX3N2qVqJ3Q&#038;__tn__=%2ANK-R\" data-ft=\"&#123;&quot;type&quot;:104,&quot;tn&quot;:&quot;*N&quot;&#125;\"><span class=\"_5afx\"><span aria-label=\"hashtag\" class=\"_58cl _5afz\">#ECU911<\/span><\/span><\/a> la unidad bomberil asiste con tres efectivos al barrio La Merced sector Escuela Especial donde se atiende a un paciente de sexo masculino de 36 a\u00f1os de edad, el mismo que presenta una herida cortante en regi\u00f3n parietal izquierda producto de agresi\u00f3n f\u00edsica por un ciudadano, es trasladada al Hospital General Puyo.<\/p>\n<p><a href=\"https:\/\/scontent.fuio15-1.fna.fbcdn.net\/v\/t1.0-9\/92743703_1574923285996537_6223733325043859456_o.jpg?_nc_cat=103&#038;_nc_sid=8024bb&#038;_nc_ohc=XQ2cNsOlcicAX8MYT4H&#038;_nc_ht=scontent.fuio15-1.fna&#038;oh=f423ebec914552478ede604d3f35bbb5&#038;oe=5EB0B914\"><img decoding=\"async\" class=\"wp_automatic_fb_img\" title=\"\" src=\"https:\/\/scontent.fuio15-1.fna.fbcdn.net\/v\/t1.0-9\/92743703_1574923285996537_6223733325043859456_o.jpg?_nc_cat=103&#038;_nc_sid=8024bb&#038;_nc_ohc=XQ2cNsOlcicAX8MYT4H&#038;_nc_ht=scontent.fuio15-1.fna&#038;oh=f423ebec914552478ede604d3f35bbb5&#038;oe=5EB0B914\" \/><\/a><\/p>\n","protected":false},"author":1,"featured_media":1743,"comment_status":"open","ping_status":"open","sticky":false,"template":"","format":"standard","meta":[],"categories":[1],"tags":[203,408,35,42,32,69,300,31,30,523,41],"_links":{"self":[{"href":"https:\/\/bomberos.puyo.gob.ec\/2019\/wp-json\/wp\/v2\/posts\/1742"}],"collection":[{"href":"https:\/\/bomberos.puyo.gob.ec\/2019\/wp-json\/wp\/v2\/posts"}],"about":[{"href":"https:\/\/bomberos.puyo.gob.ec\/2019\/wp-json\/wp\/v2\/types\/post"}],"author":[{"embeddable":true,"href":"https:\/\/bomberos.puyo.gob.ec\/2019\/wp-json\/wp\/v2\/users\/1"}],"replies":[{"embeddable":true,"href":"https:\/\/bomberos.puyo.gob.ec\/2019\/wp-json\/wp\/v2\/comments?post=1742"}],"version-history":[{"count":1,"href":"https:\/\/bomberos.puyo.gob.ec\/2019\/wp-json\/wp\/v2\/posts\/1742\/revisions"}],"predecessor-version":[{"id":1744,"href":"https:\/\/bomberos.puyo.gob.ec\/2019\/wp-json\/wp\/v2\/posts\/1742\/revisions\/1744"}],"wp:featuredmedia":[{"embeddable":true,"href":"https:\/\/bomberos.puyo.gob.ec\/2019\/wp-json\/wp\/v2\/media\/1743"}],"wp:attachment":[{"href":"https:\/\/bomberos.puyo.gob.ec\/2019\/wp-json\/wp\/v2\/media?parent=1742"}],"wp:term":[{"taxonomy":"category","embeddable":true,"href":"https:\/\/bomberos.puyo.gob.ec\/2019\/wp-json\/wp\/v2\/categories?post=1742"},{"taxonomy":"post_tag","embeddable":true,"href":"https:\/\/bomberos.puyo.gob.ec\/2019\/wp-json\/wp\/v2\/tags?post=1742"}],"curies":[{"name":"wp","href":"https:\/\/api.w.org\/{rel}","templated":true}]}}