{"id":1733,"date":"2020-04-05T10:47:54","date_gmt":"2020-04-05T15:47:54","guid":{"rendered":"https:\/\/bomberos.puyo.gob.ec\/por-llamado-del-ecu911-la-unidad-a5-del-cuerpo-de-bomberos-pastaza-asiste-con-t\/"},"modified":"2020-04-05T12:50:39","modified_gmt":"2020-04-05T17:50:39","slug":"por-llamado-del-ecu911-la-unidad-a5-del-cuerpo-de-bomberos-pastaza-asiste-con-t","status":"publish","type":"post","link":"https:\/\/bomberos.puyo.gob.ec\/2019\/por-llamado-del-ecu911-la-unidad-a5-del-cuerpo-de-bomberos-pastaza-asiste-con-t\/","title":{"rendered":"Por llamado del #ECU911 la unidad A5 del Cuerpo de Bomberos Pastaza asiste con t&#8230;"},"content":{"rendered":"<p>Por llamado del <a class=\"_58cn\" href=\"https:\/\/facebook.com\/hashtag\/ecu911?source=feed_text&#038;epa=HASHTAG&#038;__xts__%5B0%5D=68.ARB-TvjBpeBeoFaDa032TekWSg6IFg9DSXAdFg6JszppPLq8NmnKP0gF_RaRd5mvDTt1GlCaoRX6wQhK2eVIsdPp60vqYbINOXQY9zp65pZWUOPkydIDeHvWVooySUB92VuJDyIPSH5ew3V7V7YsZ92bFMPZxA28gJ8BqqCNBWdQF0chSgAIHZyQ7ObnTgE5ku2rB0VJfM48IlKuIVQkQIaoK_V4AM91THQG9E3SPC-M0TUSBRqnVUu90G77bAq-BpDAzr7YyZyxcK5q4QhTUABafmPR8m6CWtjePMuGhCDGWVwLeVrxwgV7tpC_bhu5mCQXxM-HdA7G-u8OkQeFuCO2kQ&#038;__tn__=%2ANK-R\" data-ft=\"&#123;&quot;type&quot;:104,&quot;tn&quot;:&quot;*N&quot;&#125;\"><span class=\"_5afx\"><span aria-label=\"hashtag\" class=\"_58cl _5afz\">#ECU911<\/span><\/span><\/a> la unidad A5 del Cuerpo de Bomberos Pastaza asiste con tres efectivos a La Comunidad La Florida donde se atiende a un paciente de sexo masculino de 49 a\u00f1os de edad, el  mismo que presenta una herida cortante en regi\u00f3n supraciliar izquierda producto de agresi\u00f3n f\u00edsica,  paciente niega ser transportado a casa de salud por lo que es atendido en el lugar quedando con indicaciones y recomendaciones.<\/p>\n<p><a href=\"https:\/\/bomberos.puyo.gob.ec\/2019\/wp-content\/uploads\/Por-llamado-del-ECU911-la-unidad-A5-del-Cuerpo-de.fna&#038;oh=bc4078a8df57c993ee164bb4525593b3&#038;oe=5EAE069F.jpeg\"><img decoding=\"async\" class=\"wp_automatic_fb_img\" title=\"\" src=\"https:\/\/bomberos.puyo.gob.ec\/2019\/wp-content\/uploads\/Por-llamado-del-ECU911-la-unidad-A5-del-Cuerpo-de.fna&#038;oh=bc4078a8df57c993ee164bb4525593b3&#038;oe=5EAE069F.jpeg\" \/><\/a><br \/><a href=\"https:\/\/bomberos.puyo.gob.ec\/2019\/wp-content\/uploads\/Por-llamado-del-ECU911-la-unidad-A5-del-Cuerpo-de.fna&#038;oh=e0293d89c2146cfc30d0eb8a197e12b5&#038;oe=5EB1021F.jpeg\"><img decoding=\"async\" class=\"wp_automatic_fb_img\" title=\"\" src=\"https:\/\/bomberos.puyo.gob.ec\/2019\/wp-content\/uploads\/Por-llamado-del-ECU911-la-unidad-A5-del-Cuerpo-de.fna&#038;oh=e0293d89c2146cfc30d0eb8a197e12b5&#038;oe=5EB1021F.jpeg\" \/><\/a><br \/>\n<br \/><a href=\"https:\/\/www.facebook.com\/465093860312824\/posts\/1573138586175007\">en facebook&#8230; <\/a>  <\/p>\n","protected":false},"excerpt":{"rendered":"<p>Por llamado del <a class=\"_58cn\" href=\"https:\/\/facebook.com\/hashtag\/ecu911?source=feed_text&#038;epa=HASHTAG&#038;__xts__%5B0%5D=68.ARB-TvjBpeBeoFaDa032TekWSg6IFg9DSXAdFg6JszppPLq8NmnKP0gF_RaRd5mvDTt1GlCaoRX6wQhK2eVIsdPp60vqYbINOXQY9zp65pZWUOPkydIDeHvWVooySUB92VuJDyIPSH5ew3V7V7YsZ92bFMPZxA28gJ8BqqCNBWdQF0chSgAIHZyQ7ObnTgE5ku2rB0VJfM48IlKuIVQkQIaoK_V4AM91THQG9E3SPC-M0TUSBRqnVUu90G77bAq-BpDAzr7YyZyxcK5q4QhTUABafmPR8m6CWtjePMuGhCDGWVwLeVrxwgV7tpC_bhu5mCQXxM-HdA7G-u8OkQeFuCO2kQ&#038;__tn__=%2ANK-R\" data-ft=\"&#123;&quot;type&quot;:104,&quot;tn&quot;:&quot;*N&quot;&#125;\"><span class=\"_5afx\"><span aria-label=\"hashtag\" class=\"_58cl _5afz\">#ECU911<\/span><\/span><\/a> la unidad A5 del Cuerpo de Bomberos Pastaza asiste con tres efectivos a La Comunidad La Florida donde se atiende a un paciente de sexo masculino de 49 a\u00f1os de edad, el  mismo que presenta una herida cortante en regi\u00f3n supraciliar izquierda producto de agresi\u00f3n f\u00edsica,  paciente niega ser transportado a casa de salud por lo que es atendido en el lugar quedando con indicaciones y recomendaciones.<\/p>\n<p><a href=\"https:\/\/scontent.fuio15-1.fna.fbcdn.net\/v\/t1.0-9\/92232124_1573138522841680_5713547358386520064_o.jpg?_nc_cat=110&#038;_nc_sid=8024bb&#038;_nc_ohc=2SyS4EeLSckAX8qaXjM&#038;_nc_ht=scontent.fuio15-1.fna&#038;oh=bc4078a8df57c993ee164bb4525593b3&#038;oe=5EAE069F\"><img decoding=\"async\" class=\"wp_automatic_fb_img\" title=\"\" src=\"https:\/\/scontent.fuio15-1.fna.fbcdn.net\/v\/t1.0-9\/92232124_1573138522841680_5713547358386520064_o.jpg?_nc_cat=110&#038;_nc_sid=8024bb&#038;_nc_ohc=2SyS4EeLSckAX8qaXjM&#038;_nc_ht=scontent.fuio15-1.fna&#038;oh=bc4078a8df57c993ee164bb4525593b3&#038;oe=5EAE069F\" \/><\/a><br \/><a href=\"https:\/\/scontent.fuio15-1.fna.fbcdn.net\/v\/t1.0-9\/92357669_1573138529508346_954528821946613760_o.jpg?_nc_cat=100&#038;_nc_sid=8024bb&#038;_nc_ohc=VGmSqIJSOyIAX-C4BUS&#038;_nc_ht=scontent.fuio15-1.fna&#038;oh=e0293d89c2146cfc30d0eb8a197e12b5&#038;oe=5EB1021F\"><img decoding=\"async\" class=\"wp_automatic_fb_img\" title=\"\" src=\"https:\/\/scontent.fuio15-1.fna.fbcdn.net\/v\/t1.0-9\/92357669_1573138529508346_954528821946613760_o.jpg?_nc_cat=100&#038;_nc_sid=8024bb&#038;_nc_ohc=VGmSqIJSOyIAX-C4BUS&#038;_nc_ht=scontent.fuio15-1.fna&#038;oh=e0293d89c2146cfc30d0eb8a197e12b5&#038;oe=5EB1021F\" \/><\/a><\/p>\n","protected":false},"author":1,"featured_media":1734,"comment_status":"open","ping_status":"open","sticky":false,"template":"","format":"standard","meta":[],"categories":[1],"tags":[203,73,42,64,32,69,31,74,30,41],"_links":{"self":[{"href":"https:\/\/bomberos.puyo.gob.ec\/2019\/wp-json\/wp\/v2\/posts\/1733"}],"collection":[{"href":"https:\/\/bomberos.puyo.gob.ec\/2019\/wp-json\/wp\/v2\/posts"}],"about":[{"href":"https:\/\/bomberos.puyo.gob.ec\/2019\/wp-json\/wp\/v2\/types\/post"}],"author":[{"embeddable":true,"href":"https:\/\/bomberos.puyo.gob.ec\/2019\/wp-json\/wp\/v2\/users\/1"}],"replies":[{"embeddable":true,"href":"https:\/\/bomberos.puyo.gob.ec\/2019\/wp-json\/wp\/v2\/comments?post=1733"}],"version-history":[{"count":1,"href":"https:\/\/bomberos.puyo.gob.ec\/2019\/wp-json\/wp\/v2\/posts\/1733\/revisions"}],"predecessor-version":[{"id":1735,"href":"https:\/\/bomberos.puyo.gob.ec\/2019\/wp-json\/wp\/v2\/posts\/1733\/revisions\/1735"}],"wp:featuredmedia":[{"embeddable":true,"href":"https:\/\/bomberos.puyo.gob.ec\/2019\/wp-json\/wp\/v2\/media\/1734"}],"wp:attachment":[{"href":"https:\/\/bomberos.puyo.gob.ec\/2019\/wp-json\/wp\/v2\/media?parent=1733"}],"wp:term":[{"taxonomy":"category","embeddable":true,"href":"https:\/\/bomberos.puyo.gob.ec\/2019\/wp-json\/wp\/v2\/categories?post=1733"},{"taxonomy":"post_tag","embeddable":true,"href":"https:\/\/bomberos.puyo.gob.ec\/2019\/wp-json\/wp\/v2\/tags?post=1733"}],"curies":[{"name":"wp","href":"https:\/\/api.w.org\/{rel}","templated":true}]}}