{"id":1713,"date":"2020-03-28T20:57:15","date_gmt":"2020-03-29T01:57:15","guid":{"rendered":"https:\/\/bomberos.puyo.gob.ec\/por-llamado-del-ecu911-la-unidad-se-dirige-a-una-emergenciamedica-al-sector-d\/"},"modified":"2020-03-28T21:08:33","modified_gmt":"2020-03-29T02:08:33","slug":"por-llamado-del-ecu911-la-unidad-se-dirige-a-una-emergenciamedica-al-sector-d","status":"publish","type":"post","link":"https:\/\/bomberos.puyo.gob.ec\/2019\/por-llamado-del-ecu911-la-unidad-se-dirige-a-una-emergenciamedica-al-sector-d\/","title":{"rendered":"Por llamado del #ECU911 la unidad se dirige a una #emergenciam\u00e9dica al sector  d&#8230;"},"content":{"rendered":"<p><span><\/p>\n<p>Por llamado del <a class=\"_5ayv _qdx\" href=\"https:\/\/facebook.com\/hashtag\/ecu911?_ft_=mf_story_key.1566330450189154%3Atop_level_post_id.1566330450189154%3Atl_objid.1566330450189154%3Acontent_owner_id_new.465093860312824%3Athrowback_story_fbid.1566330450189154%3Apage_id.465093860312824%3Aphoto_attachments_list.%5B1566330230189176%2C1566330226855843%2C1566330216855844%2C1566330286855837%5D%3Astory_location.4%3Astory_attachment_style.album%3Atds_flgs.3%3Apage_insights.%7B%22465093860312824%22%3A%7B%22page_id%22%3A465093860312824%2C%22actor_id%22%3A465093860312824%2C%22dm%22%3A%7B%22isShare%22%3A0%2C%22originalPostOwnerID%22%3A0%7D%2C%22psn%22%3A%22EntStatusCreationStory%22%2C%22post_context%22%3A%7B%22object_fbtype%22%3A266%2C%22publish_time%22%3A1585447035%2C%22story_name%22%3A%22EntStatusCreationStory%22%2C%22story_fbid%22%3A%5B1566330450189154%5D%7D%2C%22role%22%3A1%2C%22sl%22%3A4%2C%22targets%22%3A%5B%7B%22actor_id%22%3A465093860312824%2C%22page_id%22%3A465093860312824%2C%22post_id%22%3A1566330450189154%2C%22role%22%3A1%2C%22share_id%22%3A0%7D%5D%7D%7D%3Athid.465093860312824%3A306061129499414%3A2%3A0%3A1585724399%3A1218408560425824875&amp;__tn__=%2As-R\"><span class=\"_5aw4 _qdz\">#ECU911<\/span><\/a> la unidad se dirige a una <a class=\"_5ayv _qdx\" href=\"https:\/\/facebook.com\/hashtag\/emergenciam%C3%A9dica?_ft_=mf_story_key.1566330450189154%3Atop_level_post_id.1566330450189154%3Atl_objid.1566330450189154%3Acontent_owner_id_new.465093860312824%3Athrowback_story_fbid.1566330450189154%3Apage_id.465093860312824%3Aphoto_attachments_list.%5B1566330230189176%2C1566330226855843%2C1566330216855844%2C1566330286855837%5D%3Astory_location.4%3Astory_attachment_style.album%3Atds_flgs.3%3Apage_insights.%7B%22465093860312824%22%3A%7B%22page_id%22%3A465093860312824%2C%22actor_id%22%3A465093860312824%2C%22dm%22%3A%7B%22isShare%22%3A0%2C%22originalPostOwnerID%22%3A0%7D%2C%22psn%22%3A%22EntStatusCreationStory%22%2C%22post_context%22%3A%7B%22object_fbtype%22%3A266%2C%22publish_time%22%3A1585447035%2C%22story_name%22%3A%22EntStatusCreationStory%22%2C%22story_fbid%22%3A%5B1566330450189154%5D%7D%2C%22role%22%3A1%2C%22sl%22%3A4%2C%22targets%22%3A%5B%7B%22actor_id%22%3A465093860312824%2C%22page_id%22%3A465093860312824%2C%22post_id%22%3A1566330450189154%2C%22role%22%3A1%2C%22share_id%22%3A0%7D%5D%7D%7D%3Athid.465093860312824%3A306061129499414%3A2%3A0%3A1585724399%3A1218408560425824875&amp;__tn__=%2As-R\"><span class=\"_5aw4 _qdz\">#<span>emergenciam\u00e9dic<\/span><wbr><\/wbr><span class=\"word_break\"><\/span>a<\/span><\/a> al sector  del barrio Obrero calle Cotopaxi y Manab\u00ed, se atiende a paciente de 24 a\u00f1os de edad, v\u00edctima  de agresi\u00f3n  f\u00edsica, presenta Contusi\u00f3n en la parte frontal del rostro, m\u00e1s herida cortante en muslo izquierdo, de inmediato se trasladada al Hospital Puyo.<\/p>\n<p><\/span>\n<\/p>\n<p><a href=\"https:\/\/bomberos.puyo.gob.ec\/2019\/wp-content\/uploads\/Por-llamado-del-ECU911-la-unidad-se-dirige-a-una.fna&#038;oh=366cbce7063802a5d18b44e207a8b992&#038;oe=5EA3E4D3.jpeg\"><img decoding=\"async\" class=\"wp_automatic_fb_img\" title=\"\" src=\"https:\/\/bomberos.puyo.gob.ec\/2019\/wp-content\/uploads\/Por-llamado-del-ECU911-la-unidad-se-dirige-a-una.fna&#038;oh=366cbce7063802a5d18b44e207a8b992&#038;oe=5EA3E4D3.jpeg\" \/><\/a><br \/><a href=\"https:\/\/bomberos.puyo.gob.ec\/2019\/wp-content\/uploads\/Por-llamado-del-ECU911-la-unidad-se-dirige-a-una.fna&#038;oh=e8c2262202707b97d6ace33101747ff1&#038;oe=5EA485DD.jpeg\"><img decoding=\"async\" class=\"wp_automatic_fb_img\" title=\"\" src=\"https:\/\/bomberos.puyo.gob.ec\/2019\/wp-content\/uploads\/Por-llamado-del-ECU911-la-unidad-se-dirige-a-una.fna&#038;oh=e8c2262202707b97d6ace33101747ff1&#038;oe=5EA485DD.jpeg\" \/><\/a><br \/><a href=\"https:\/\/bomberos.puyo.gob.ec\/2019\/wp-content\/uploads\/Por-llamado-del-ECU911-la-unidad-se-dirige-a-una.fna&#038;oh=f68886f9e67d23e0535595f2e4bbd7d5&#038;oe=5EA4F8A1.jpeg\"><img decoding=\"async\" class=\"wp_automatic_fb_img\" title=\"\" src=\"https:\/\/bomberos.puyo.gob.ec\/2019\/wp-content\/uploads\/Por-llamado-del-ECU911-la-unidad-se-dirige-a-una.fna&#038;oh=f68886f9e67d23e0535595f2e4bbd7d5&#038;oe=5EA4F8A1.jpeg\" \/><\/a><br \/><a href=\"https:\/\/bomberos.puyo.gob.ec\/2019\/wp-content\/uploads\/Por-llamado-del-ECU911-la-unidad-se-dirige-a-una.fna&#038;oh=77c9ab80331fd857b15c943c495cfe22&#038;oe=5EA3C9B5.jpeg\"><img decoding=\"async\" class=\"wp_automatic_fb_img\" title=\"\" src=\"https:\/\/bomberos.puyo.gob.ec\/2019\/wp-content\/uploads\/Por-llamado-del-ECU911-la-unidad-se-dirige-a-una.fna&#038;oh=77c9ab80331fd857b15c943c495cfe22&#038;oe=5EA3C9B5.jpeg\" \/><\/a><br \/><a href=\"https:\/\/bomberos.puyo.gob.ec\/2019\/wp-content\/uploads\/Por-llamado-del-ECU911-la-unidad-se-dirige-a-una.fna&#038;oh=626f80f47436cd15d726f66ab836f138&#038;oe=5EA75750.jpeg\"><img decoding=\"async\" class=\"wp_automatic_fb_img\" title=\"\" src=\"https:\/\/bomberos.puyo.gob.ec\/2019\/wp-content\/uploads\/Por-llamado-del-ECU911-la-unidad-se-dirige-a-una.fna&#038;oh=626f80f47436cd15d726f66ab836f138&#038;oe=5EA75750.jpeg\" \/><\/a><br \/>\n<br \/><a href=\"https:\/\/www.facebook.com\/465093860312824\/posts\/1566330450189154\">en facebook&#8230; <\/a>  <\/p>\n","protected":false},"excerpt":{"rendered":"<p><span><\/p>\n<p>Por llamado del <a class=\"_5ayv _qdx\" href=\"https:\/\/facebook.com\/hashtag\/ecu911?_ft_=mf_story_key.1566330450189154%3Atop_level_post_id.1566330450189154%3Atl_objid.1566330450189154%3Acontent_owner_id_new.465093860312824%3Athrowback_story_fbid.1566330450189154%3Apage_id.465093860312824%3Aphoto_attachments_list.%5B1566330230189176%2C1566330226855843%2C1566330216855844%2C1566330286855837%5D%3Astory_location.4%3Astory_attachment_style.album%3Atds_flgs.3%3Apage_insights.%7B%22465093860312824%22%3A%7B%22page_id%22%3A465093860312824%2C%22actor_id%22%3A465093860312824%2C%22dm%22%3A%7B%22isShare%22%3A0%2C%22originalPostOwnerID%22%3A0%7D%2C%22psn%22%3A%22EntStatusCreationStory%22%2C%22post_context%22%3A%7B%22object_fbtype%22%3A266%2C%22publish_time%22%3A1585447035%2C%22story_name%22%3A%22EntStatusCreationStory%22%2C%22story_fbid%22%3A%5B1566330450189154%5D%7D%2C%22role%22%3A1%2C%22sl%22%3A4%2C%22targets%22%3A%5B%7B%22actor_id%22%3A465093860312824%2C%22page_id%22%3A465093860312824%2C%22post_id%22%3A1566330450189154%2C%22role%22%3A1%2C%22share_id%22%3A0%7D%5D%7D%7D%3Athid.465093860312824%3A306061129499414%3A2%3A0%3A1585724399%3A1218408560425824875&amp;__tn__=%2As-R\"><span class=\"_5aw4 _qdz\">#ECU911<\/span><\/a> la unidad se dirige a una <a class=\"_5ayv _qdx\" href=\"https:\/\/facebook.com\/hashtag\/emergenciam%C3%A9dica?_ft_=mf_story_key.1566330450189154%3Atop_level_post_id.1566330450189154%3Atl_objid.1566330450189154%3Acontent_owner_id_new.465093860312824%3Athrowback_story_fbid.1566330450189154%3Apage_id.465093860312824%3Aphoto_attachments_list.%5B1566330230189176%2C1566330226855843%2C1566330216855844%2C1566330286855837%5D%3Astory_location.4%3Astory_attachment_style.album%3Atds_flgs.3%3Apage_insights.%7B%22465093860312824%22%3A%7B%22page_id%22%3A465093860312824%2C%22actor_id%22%3A465093860312824%2C%22dm%22%3A%7B%22isShare%22%3A0%2C%22originalPostOwnerID%22%3A0%7D%2C%22psn%22%3A%22EntStatusCreationStory%22%2C%22post_context%22%3A%7B%22object_fbtype%22%3A266%2C%22publish_time%22%3A1585447035%2C%22story_name%22%3A%22EntStatusCreationStory%22%2C%22story_fbid%22%3A%5B1566330450189154%5D%7D%2C%22role%22%3A1%2C%22sl%22%3A4%2C%22targets%22%3A%5B%7B%22actor_id%22%3A465093860312824%2C%22page_id%22%3A465093860312824%2C%22post_id%22%3A1566330450189154%2C%22role%22%3A1%2C%22share_id%22%3A0%7D%5D%7D%7D%3Athid.465093860312824%3A306061129499414%3A2%3A0%3A1585724399%3A1218408560425824875&amp;__tn__=%2As-R\"><span class=\"_5aw4 _qdz\">#<span>emergenciam\u00e9dic<\/span><wbr><\/wbr><span class=\"word_break\"><\/span>a<\/span><\/a> al sector  del barrio Obrero calle Cotopaxi y Manab\u00ed, se atiende a paciente de 24 a\u00f1os de edad, v\u00edctima  de agresi\u00f3n  f\u00edsica, presenta Contusi\u00f3n en la parte frontal del rostro, m\u00e1s herida cortante en muslo izquierdo, de inmediato se trasladada al Hospital Puyo.<\/p>\n<p><\/span>\n<\/p>\n<p><a href=\"https:\/\/scontent.fuio15-1.fna.fbcdn.net\/v\/t1.0-9\/91540003_1566330240189175_8947269501590700032_o.jpg?_nc_cat=107&#038;_nc_sid=8024bb&#038;_nc_eui2=AeHiXAWSQPMRennC9PSM1gHBHeWhZza75dE3P1XNyup69lhR-6cB1LO3CjczqowfU8exLWDGnVvEeQ50HRrM33SpP_55btBC6Wri7ADiYomwMg&#038;_nc_ohc=ySbI5FIgjisAX_ncu4h&#038;_nc_ht=scontent.fuio15-1.fna&#038;oh=366cbce7063802a5d18b44e207a8b992&#038;oe=5EA3E4D3\"><img decoding=\"async\" class=\"wp_automatic_fb_img\" title=\"\" src=\"https:\/\/scontent.fuio15-1.fna.fbcdn.net\/v\/t1.0-9\/91540003_1566330240189175_8947269501590700032_o.jpg?_nc_cat=107&#038;_nc_sid=8024bb&#038;_nc_eui2=AeHiXAWSQPMRennC9PSM1gHBHeWhZza75dE3P1XNyup69lhR-6cB1LO3CjczqowfU8exLWDGnVvEeQ50HRrM33SpP_55btBC6Wri7ADiYomwMg&#038;_nc_ohc=ySbI5FIgjisAX_ncu4h&#038;_nc_ht=scontent.fuio15-1.fna&#038;oh=366cbce7063802a5d18b44e207a8b992&#038;oe=5EA3E4D3\" \/><\/a><br \/><a href=\"https:\/\/scontent.fuio15-1.fna.fbcdn.net\/v\/t1.0-9\/91136594_1566330236855842_6916572422460145664_o.jpg?_nc_cat=111&#038;_nc_sid=8024bb&#038;_nc_eui2=AeGwtnAvgA52ZreYdVrxZ9Ghq-i6tBVj7BLPoina9LirJq-GzNI4HRrTL2Qu-tT58Q1IqRCEEvxb5KP7H7lHMHNeU8ckBdQjLSE5BmjCdwHIEw&#038;_nc_ohc=bHSWnvrhwKIAX_gLGHf&#038;_nc_ht=scontent.fuio15-1.fna&#038;oh=e8c2262202707b97d6ace33101747ff1&#038;oe=5EA485DD\"><img decoding=\"async\" class=\"wp_automatic_fb_img\" title=\"\" src=\"https:\/\/scontent.fuio15-1.fna.fbcdn.net\/v\/t1.0-9\/91136594_1566330236855842_6916572422460145664_o.jpg?_nc_cat=111&#038;_nc_sid=8024bb&#038;_nc_eui2=AeGwtnAvgA52ZreYdVrxZ9Ghq-i6tBVj7BLPoina9LirJq-GzNI4HRrTL2Qu-tT58Q1IqRCEEvxb5KP7H7lHMHNeU8ckBdQjLSE5BmjCdwHIEw&#038;_nc_ohc=bHSWnvrhwKIAX_gLGHf&#038;_nc_ht=scontent.fuio15-1.fna&#038;oh=e8c2262202707b97d6ace33101747ff1&#038;oe=5EA485DD\" \/><\/a><br \/><a href=\"https:\/\/scontent.fuio15-1.fna.fbcdn.net\/v\/t1.0-9\/91327886_1566330220189177_1279058930244255744_o.jpg?_nc_cat=107&#038;_nc_sid=8024bb&#038;_nc_eui2=AeEBlk4EMMiryi6NVf8ccrzmWkArCmg0wu3Rbb2ermI0YCfLIvKJJbvdE__5nNu7LDVyKyMmOcDFmAqho-aqL1Xuq2K-vmWHDVps_TUR9J3xbg&#038;_nc_ohc=MvOJs4aLCIIAX9RkUaj&#038;_nc_ht=scontent.fuio15-1.fna&#038;oh=f68886f9e67d23e0535595f2e4bbd7d5&#038;oe=5EA4F8A1\"><img decoding=\"async\" class=\"wp_automatic_fb_img\" title=\"\" src=\"https:\/\/scontent.fuio15-1.fna.fbcdn.net\/v\/t1.0-9\/91327886_1566330220189177_1279058930244255744_o.jpg?_nc_cat=107&#038;_nc_sid=8024bb&#038;_nc_eui2=AeEBlk4EMMiryi6NVf8ccrzmWkArCmg0wu3Rbb2ermI0YCfLIvKJJbvdE__5nNu7LDVyKyMmOcDFmAqho-aqL1Xuq2K-vmWHDVps_TUR9J3xbg&#038;_nc_ohc=MvOJs4aLCIIAX9RkUaj&#038;_nc_ht=scontent.fuio15-1.fna&#038;oh=f68886f9e67d23e0535595f2e4bbd7d5&#038;oe=5EA4F8A1\" \/><\/a><br \/><a href=\"https:\/\/scontent.fuio15-1.fna.fbcdn.net\/v\/t1.0-9\/91428508_1566330300189169_1541320864677494784_o.jpg?_nc_cat=110&#038;_nc_sid=8024bb&#038;_nc_eui2=AeElGEXI7vuJ_MvADQaaWAGyBz-crH8D7wCNZzeQogrljGR85LmR2Z6LJjB72TbNvbbqgh9MgndptLDJcVgmufYv7LSLc8Ape9Dbmha0Zvmlmw&#038;_nc_ohc=k3FBXQ1Uet8AX8P4ir6&#038;_nc_ht=scontent.fuio15-1.fna&#038;oh=77c9ab80331fd857b15c943c495cfe22&#038;oe=5EA3C9B5\"><img decoding=\"async\" class=\"wp_automatic_fb_img\" title=\"\" src=\"https:\/\/scontent.fuio15-1.fna.fbcdn.net\/v\/t1.0-9\/91428508_1566330300189169_1541320864677494784_o.jpg?_nc_cat=110&#038;_nc_sid=8024bb&#038;_nc_eui2=AeElGEXI7vuJ_MvADQaaWAGyBz-crH8D7wCNZzeQogrljGR85LmR2Z6LJjB72TbNvbbqgh9MgndptLDJcVgmufYv7LSLc8Ape9Dbmha0Zvmlmw&#038;_nc_ohc=k3FBXQ1Uet8AX8P4ir6&#038;_nc_ht=scontent.fuio15-1.fna&#038;oh=77c9ab80331fd857b15c943c495cfe22&#038;oe=5EA3C9B5\" \/><\/a><br \/><a href=\"https:\/\/scontent.fuio15-1.fna.fbcdn.net\/v\/t1.0-9\/91504805_1566330296855836_3825692361715875840_o.jpg?_nc_cat=104&#038;_nc_sid=8024bb&#038;_nc_eui2=AeFnhrEAwPF-Ww1lq341EPCuMeQqKQjb9uO78lVhnucsLun9jVvdJP8yQdHTQxNH8mL368p61DeUG81cHe06tTK_SuCJjguX_LdUQoRhXvsRSg&#038;_nc_ohc=g8_FXHXKRLMAX_wW_FH&#038;_nc_ht=scontent.fuio15-1.fna&#038;oh=626f80f47436cd15d726f66ab836f138&#038;oe=5EA75750\"><img decoding=\"async\" class=\"wp_automatic_fb_img\" title=\"\" src=\"https:\/\/scontent.fuio15-1.fna.fbcdn.net\/v\/t1.0-9\/91504805_1566330296855836_3825692361715875840_o.jpg?_nc_cat=104&#038;_nc_sid=8024bb&#038;_nc_eui2=AeFnhrEAwPF-Ww1lq341EPCuMeQqKQjb9uO78lVhnucsLun9jVvdJP8yQdHTQxNH8mL368p61DeUG81cHe06tTK_SuCJjguX_LdUQoRhXvsRSg&#038;_nc_ohc=g8_FXHXKRLMAX_wW_FH&#038;_nc_ht=scontent.fuio15-1.fna&#038;oh=626f80f47436cd15d726f66ab836f138&#038;oe=5EA75750\" \/><\/a><\/p>\n","protected":false},"author":1,"featured_media":1714,"comment_status":"open","ping_status":"open","sticky":false,"template":"","format":"standard","meta":[],"categories":[1],"tags":[32,86,69,29,31,30,276,119,41],"_links":{"self":[{"href":"https:\/\/bomberos.puyo.gob.ec\/2019\/wp-json\/wp\/v2\/posts\/1713"}],"collection":[{"href":"https:\/\/bomberos.puyo.gob.ec\/2019\/wp-json\/wp\/v2\/posts"}],"about":[{"href":"https:\/\/bomberos.puyo.gob.ec\/2019\/wp-json\/wp\/v2\/types\/post"}],"author":[{"embeddable":true,"href":"https:\/\/bomberos.puyo.gob.ec\/2019\/wp-json\/wp\/v2\/users\/1"}],"replies":[{"embeddable":true,"href":"https:\/\/bomberos.puyo.gob.ec\/2019\/wp-json\/wp\/v2\/comments?post=1713"}],"version-history":[{"count":1,"href":"https:\/\/bomberos.puyo.gob.ec\/2019\/wp-json\/wp\/v2\/posts\/1713\/revisions"}],"predecessor-version":[{"id":1715,"href":"https:\/\/bomberos.puyo.gob.ec\/2019\/wp-json\/wp\/v2\/posts\/1713\/revisions\/1715"}],"wp:featuredmedia":[{"embeddable":true,"href":"https:\/\/bomberos.puyo.gob.ec\/2019\/wp-json\/wp\/v2\/media\/1714"}],"wp:attachment":[{"href":"https:\/\/bomberos.puyo.gob.ec\/2019\/wp-json\/wp\/v2\/media?parent=1713"}],"wp:term":[{"taxonomy":"category","embeddable":true,"href":"https:\/\/bomberos.puyo.gob.ec\/2019\/wp-json\/wp\/v2\/categories?post=1713"},{"taxonomy":"post_tag","embeddable":true,"href":"https:\/\/bomberos.puyo.gob.ec\/2019\/wp-json\/wp\/v2\/tags?post=1713"}],"curies":[{"name":"wp","href":"https:\/\/api.w.org\/{rel}","templated":true}]}}