{"id":1701,"date":"2020-03-23T11:44:26","date_gmt":"2020-03-23T16:44:26","guid":{"rendered":"https:\/\/bomberos.puyo.gob.ec\/emergenciamedica-17\/"},"modified":"2020-03-23T13:04:01","modified_gmt":"2020-03-23T18:04:01","slug":"emergenciamedica-17","status":"publish","type":"post","link":"https:\/\/bomberos.puyo.gob.ec\/2019\/emergenciamedica-17\/","title":{"rendered":"#EmergenciaM\u00e9dica&#8230;"},"content":{"rendered":"<p><a class=\"_58cn\" href=\"https:\/\/facebook.com\/hashtag\/emergenciam&#xe9;dica?source=feed_text&#038;epa=HASHTAG&#038;__xts__%5B0%5D=68.ARAc9n5I3ok94-9HLR-gNSxgZ5Ankxkv4erWUjqTpucb6MdQZnIuV1dpRMuIVPA6YJyPkMR0N4KxEQZMJ5o25ky3hzNZWBpq22p1GSSyMcxr5o1FObh5jWRouUSkcrYp_m2aNLIysBgQguKwRLPxIAvJkMTHStXZ75hmVYIH_Vjh7ZFW5040A45ESyx77OyHtTbu48ArlQWRIt5t7w-DrPyuMkZp1tJHb6M4c9Op4DkmZ4wP30GJEW30IgPcGg_srOlbTv-cns_6jx4V9wvBbzBcqoW_5UEbAe2MymuWY_xkFAAiQEb_k9qBz2zWBk73HVcy54xBH6MK0usj5Q6CO5ieoQ&#038;__tn__=%2ANK-R\" data-ft=\"&#123;&quot;type&quot;:104,&quot;tn&quot;:&quot;*N&quot;&#125;\"><span class=\"_5afx\"><span aria-label=\"hashtag\" class=\"_58cl _5afz\">#EmergenciaM\u00e9dica<\/span><\/span><\/a><\/p>\n<p> Por llamado del <a class=\"_58cn\" href=\"https:\/\/facebook.com\/hashtag\/ecu911?source=feed_text&#038;epa=HASHTAG&#038;__xts__%5B0%5D=68.ARAc9n5I3ok94-9HLR-gNSxgZ5Ankxkv4erWUjqTpucb6MdQZnIuV1dpRMuIVPA6YJyPkMR0N4KxEQZMJ5o25ky3hzNZWBpq22p1GSSyMcxr5o1FObh5jWRouUSkcrYp_m2aNLIysBgQguKwRLPxIAvJkMTHStXZ75hmVYIH_Vjh7ZFW5040A45ESyx77OyHtTbu48ArlQWRIt5t7w-DrPyuMkZp1tJHb6M4c9Op4DkmZ4wP30GJEW30IgPcGg_srOlbTv-cns_6jx4V9wvBbzBcqoW_5UEbAe2MymuWY_xkFAAiQEb_k9qBz2zWBk73HVcy54xBH6MK0usj5Q6CO5ieoQ&#038;__tn__=%2ANK-R\" data-ft=\"&#123;&quot;type&quot;:104,&quot;tn&quot;:&quot;*N&quot;&#125;\"><span class=\"_5afx\"><span aria-label=\"hashtag\" class=\"_58cl _5afz\">#ECU911<\/span><\/span><\/a> la unidad A4 asiste con tres efectivos a las calles 24 de Mayo y 9 de octubre donde se atiende a un paciente masculino de 36 a\u00f1os de edad, el mismo que presenta herida en cabeza producto de agresi\u00f3n f\u00edsica por parte de un ciudadano, paciente niega ser transportado por lo que queda con indicaciones y recomendaciones bajo su responsabilidad<\/p>\n<p><a href=\"https:\/\/bomberos.puyo.gob.ec\/2019\/wp-content\/uploads\/EmergenciaMedica.fna&#038;oh=962dc356296558d0a6ca3ae4ffe12656&#038;oe=5E9D8BF8.jpeg\"><img decoding=\"async\" class=\"wp_automatic_fb_img\" title=\"\" src=\"https:\/\/bomberos.puyo.gob.ec\/2019\/wp-content\/uploads\/EmergenciaMedica.fna&#038;oh=962dc356296558d0a6ca3ae4ffe12656&#038;oe=5E9D8BF8.jpeg\" \/><\/a><br \/><a href=\"https:\/\/bomberos.puyo.gob.ec\/2019\/wp-content\/uploads\/EmergenciaMedica.fna&#038;oh=cd9e22d8688186fad327b80f3a1a6460&#038;oe=5E9E23A8.jpeg\"><img decoding=\"async\" class=\"wp_automatic_fb_img\" title=\"\" src=\"https:\/\/bomberos.puyo.gob.ec\/2019\/wp-content\/uploads\/EmergenciaMedica.fna&#038;oh=cd9e22d8688186fad327b80f3a1a6460&#038;oe=5E9E23A8.jpeg\" \/><\/a><br \/>\n<br \/><a href=\"https:\/\/www.facebook.com\/465093860312824\/posts\/1561430837345782\">en facebook&#8230; <\/a>  <\/p>\n","protected":false},"excerpt":{"rendered":"<p><a class=\"_58cn\" href=\"https:\/\/facebook.com\/hashtag\/emergenciam&#xe9;dica?source=feed_text&#038;epa=HASHTAG&#038;__xts__%5B0%5D=68.ARAc9n5I3ok94-9HLR-gNSxgZ5Ankxkv4erWUjqTpucb6MdQZnIuV1dpRMuIVPA6YJyPkMR0N4KxEQZMJ5o25ky3hzNZWBpq22p1GSSyMcxr5o1FObh5jWRouUSkcrYp_m2aNLIysBgQguKwRLPxIAvJkMTHStXZ75hmVYIH_Vjh7ZFW5040A45ESyx77OyHtTbu48ArlQWRIt5t7w-DrPyuMkZp1tJHb6M4c9Op4DkmZ4wP30GJEW30IgPcGg_srOlbTv-cns_6jx4V9wvBbzBcqoW_5UEbAe2MymuWY_xkFAAiQEb_k9qBz2zWBk73HVcy54xBH6MK0usj5Q6CO5ieoQ&#038;__tn__=%2ANK-R\" data-ft=\"&#123;&quot;type&quot;:104,&quot;tn&quot;:&quot;*N&quot;&#125;\"><span class=\"_5afx\"><span aria-label=\"hashtag\" class=\"_58cl _5afz\">#EmergenciaM\u00e9dica<\/span><\/span><\/a><\/p>\n<p> Por llamado del <a class=\"_58cn\" href=\"https:\/\/facebook.com\/hashtag\/ecu911?source=feed_text&#038;epa=HASHTAG&#038;__xts__%5B0%5D=68.ARAc9n5I3ok94-9HLR-gNSxgZ5Ankxkv4erWUjqTpucb6MdQZnIuV1dpRMuIVPA6YJyPkMR0N4KxEQZMJ5o25ky3hzNZWBpq22p1GSSyMcxr5o1FObh5jWRouUSkcrYp_m2aNLIysBgQguKwRLPxIAvJkMTHStXZ75hmVYIH_Vjh7ZFW5040A45ESyx77OyHtTbu48ArlQWRIt5t7w-DrPyuMkZp1tJHb6M4c9Op4DkmZ4wP30GJEW30IgPcGg_srOlbTv-cns_6jx4V9wvBbzBcqoW_5UEbAe2MymuWY_xkFAAiQEb_k9qBz2zWBk73HVcy54xBH6MK0usj5Q6CO5ieoQ&#038;__tn__=%2ANK-R\" data-ft=\"&#123;&quot;type&quot;:104,&quot;tn&quot;:&quot;*N&quot;&#125;\"><span class=\"_5afx\"><span aria-label=\"hashtag\" class=\"_58cl _5afz\">#ECU911<\/span><\/span><\/a> la unidad A4 asiste con tres efectivos a las calles 24 de Mayo y 9 de octubre donde se atiende a un paciente masculino de 36 a\u00f1os de edad, el mismo que presenta herida en cabeza producto de agresi\u00f3n f\u00edsica por parte de un ciudadano, paciente niega ser transportado por lo que queda con indicaciones y recomendaciones bajo su responsabilidad<\/p>\n<p><a href=\"https:\/\/scontent.fuio15-1.fna.fbcdn.net\/v\/t1.0-9\/90853156_1561430770679122_5672868035203956736_n.jpg?_nc_cat=105&#038;_nc_sid=110474&#038;_nc_ohc=NP14cp1FeCcAX-NUr0y&#038;_nc_ht=scontent.fuio15-1.fna&#038;oh=962dc356296558d0a6ca3ae4ffe12656&#038;oe=5E9D8BF8\"><img decoding=\"async\" class=\"wp_automatic_fb_img\" title=\"\" src=\"https:\/\/scontent.fuio15-1.fna.fbcdn.net\/v\/t1.0-9\/90853156_1561430770679122_5672868035203956736_n.jpg?_nc_cat=105&#038;_nc_sid=110474&#038;_nc_ohc=NP14cp1FeCcAX-NUr0y&#038;_nc_ht=scontent.fuio15-1.fna&#038;oh=962dc356296558d0a6ca3ae4ffe12656&#038;oe=5E9D8BF8\" \/><\/a><br \/><a href=\"https:\/\/scontent.fuio15-1.fna.fbcdn.net\/v\/t1.0-9\/90702065_1561430814012451_9042690223070248960_n.jpg?_nc_cat=107&#038;_nc_sid=110474&#038;_nc_ohc=xHUOubvuxFgAX93HDzB&#038;_nc_ht=scontent.fuio15-1.fna&#038;oh=cd9e22d8688186fad327b80f3a1a6460&#038;oe=5E9E23A8\"><img decoding=\"async\" class=\"wp_automatic_fb_img\" title=\"\" src=\"https:\/\/scontent.fuio15-1.fna.fbcdn.net\/v\/t1.0-9\/90702065_1561430814012451_9042690223070248960_n.jpg?_nc_cat=107&#038;_nc_sid=110474&#038;_nc_ohc=xHUOubvuxFgAX93HDzB&#038;_nc_ht=scontent.fuio15-1.fna&#038;oh=cd9e22d8688186fad327b80f3a1a6460&#038;oe=5E9E23A8\" \/><\/a><\/p>\n","protected":false},"author":1,"featured_media":1702,"comment_status":"open","ping_status":"open","sticky":false,"template":"","format":"standard","meta":[],"categories":[1],"tags":[69,29],"_links":{"self":[{"href":"https:\/\/bomberos.puyo.gob.ec\/2019\/wp-json\/wp\/v2\/posts\/1701"}],"collection":[{"href":"https:\/\/bomberos.puyo.gob.ec\/2019\/wp-json\/wp\/v2\/posts"}],"about":[{"href":"https:\/\/bomberos.puyo.gob.ec\/2019\/wp-json\/wp\/v2\/types\/post"}],"author":[{"embeddable":true,"href":"https:\/\/bomberos.puyo.gob.ec\/2019\/wp-json\/wp\/v2\/users\/1"}],"replies":[{"embeddable":true,"href":"https:\/\/bomberos.puyo.gob.ec\/2019\/wp-json\/wp\/v2\/comments?post=1701"}],"version-history":[{"count":1,"href":"https:\/\/bomberos.puyo.gob.ec\/2019\/wp-json\/wp\/v2\/posts\/1701\/revisions"}],"predecessor-version":[{"id":1703,"href":"https:\/\/bomberos.puyo.gob.ec\/2019\/wp-json\/wp\/v2\/posts\/1701\/revisions\/1703"}],"wp:featuredmedia":[{"embeddable":true,"href":"https:\/\/bomberos.puyo.gob.ec\/2019\/wp-json\/wp\/v2\/media\/1702"}],"wp:attachment":[{"href":"https:\/\/bomberos.puyo.gob.ec\/2019\/wp-json\/wp\/v2\/media?parent=1701"}],"wp:term":[{"taxonomy":"category","embeddable":true,"href":"https:\/\/bomberos.puyo.gob.ec\/2019\/wp-json\/wp\/v2\/categories?post=1701"},{"taxonomy":"post_tag","embeddable":true,"href":"https:\/\/bomberos.puyo.gob.ec\/2019\/wp-json\/wp\/v2\/tags?post=1701"}],"curies":[{"name":"wp","href":"https:\/\/api.w.org\/{rel}","templated":true}]}}