{"id":1698,"date":"2020-03-23T10:11:31","date_gmt":"2020-03-23T15:11:31","guid":{"rendered":"https:\/\/bomberos.puyo.gob.ec\/por-llamado-del-ecu911-la-unidad-a4-asiste-con-tres-efectivos-a-las-calles-24-d\/"},"modified":"2020-03-23T10:58:58","modified_gmt":"2020-03-23T15:58:58","slug":"por-llamado-del-ecu911-la-unidad-a4-asiste-con-tres-efectivos-a-las-calles-24-d","status":"publish","type":"post","link":"https:\/\/bomberos.puyo.gob.ec\/2019\/por-llamado-del-ecu911-la-unidad-a4-asiste-con-tres-efectivos-a-las-calles-24-d\/","title":{"rendered":"Por llamado del #ECU911 la unidad A4 asiste con tres efectivos a las calles 24 d&#8230;"},"content":{"rendered":"<p>Por llamado del <a class=\"_58cn\" href=\"https:\/\/facebook.com\/hashtag\/ecu911?source=feed_text&#038;epa=HASHTAG&#038;__xts__%5B0%5D=68.ARCh1sOi543NvZBAdGei8Siq9rnn4SYKniyEPYPAsU3Nee9hq1QKTFsvGV3uAdtTirEsP4XIQGFFhnkmZWqQPXgnJiwF6thAlXepasCCqnS5vDePHVaWLaA8dBqSPwmC9-MnK7hlvSCNjAfxg2M-8ge2TIG1jqdn93N0sHJ3qMl206t6Ruyy74QGUPSEoyPaT2G562GI_RIfnd-ipsk9h4ZbhokJq2fXsDRdWqLQURWT9ke0e8SaniUJx3KLRKdaPKSRXTjF83gCvytcq_TiI3FZNHcPuTxVHNrj9cUR8Xk_5aR1LHKncPTNBdR2EDHrlV6hX8ZNQ8DWsZ2rXKxZ8jMHDA&#038;__tn__=%2ANK-R\" data-ft=\"&#123;&quot;type&quot;:104,&quot;tn&quot;:&quot;*N&quot;&#125;\"><span class=\"_5afx\"><span aria-label=\"hashtag\" class=\"_58cl _5afz\">#ECU911<\/span><\/span><\/a> la unidad A4 asiste con tres efectivos a las calles 24 de Mayo y 9 de octubre donde se atiende a un paciente masculino de 36 a\u00f1os de edad, el mismo que presenta herida en cabeza producto de agresi\u00f3n f\u00edsica por parte de un ciudadano , paciente niega ser transportado por lo que queda con indicaciones y recomendaciones bajo su responsabilidad.<\/p>\n<p><a href=\"https:\/\/bomberos.puyo.gob.ec\/2019\/wp-content\/uploads\/Por-llamado-del-ECU911-la-unidad-A4-asiste-con-tres.fna&#038;oh=e26eaa4eaff8744d80b38a65a091cf30&#038;oe=5E9EE985.jpeg\"><img decoding=\"async\" class=\"wp_automatic_fb_img\" title=\"\" src=\"https:\/\/bomberos.puyo.gob.ec\/2019\/wp-content\/uploads\/Por-llamado-del-ECU911-la-unidad-A4-asiste-con-tres.fna&#038;oh=e26eaa4eaff8744d80b38a65a091cf30&#038;oe=5E9EE985.jpeg\" \/><\/a><br \/><a href=\"https:\/\/bomberos.puyo.gob.ec\/2019\/wp-content\/uploads\/Por-llamado-del-ECU911-la-unidad-A4-asiste-con-tres.fna&#038;oh=14dc062309f3f555f672a716824beff7&#038;oe=5E9CF239.jpeg\"><img decoding=\"async\" class=\"wp_automatic_fb_img\" title=\"\" src=\"https:\/\/bomberos.puyo.gob.ec\/2019\/wp-content\/uploads\/Por-llamado-del-ECU911-la-unidad-A4-asiste-con-tres.fna&#038;oh=14dc062309f3f555f672a716824beff7&#038;oe=5E9CF239.jpeg\" \/><\/a><br \/>\n<br \/><a href=\"https:\/\/www.facebook.com\/465093860312824\/posts\/1561365227352343\">en facebook&#8230; <\/a>  <\/p>\n","protected":false},"excerpt":{"rendered":"<p>Por llamado del <a class=\"_58cn\" href=\"https:\/\/facebook.com\/hashtag\/ecu911?source=feed_text&#038;epa=HASHTAG&#038;__xts__%5B0%5D=68.ARCh1sOi543NvZBAdGei8Siq9rnn4SYKniyEPYPAsU3Nee9hq1QKTFsvGV3uAdtTirEsP4XIQGFFhnkmZWqQPXgnJiwF6thAlXepasCCqnS5vDePHVaWLaA8dBqSPwmC9-MnK7hlvSCNjAfxg2M-8ge2TIG1jqdn93N0sHJ3qMl206t6Ruyy74QGUPSEoyPaT2G562GI_RIfnd-ipsk9h4ZbhokJq2fXsDRdWqLQURWT9ke0e8SaniUJx3KLRKdaPKSRXTjF83gCvytcq_TiI3FZNHcPuTxVHNrj9cUR8Xk_5aR1LHKncPTNBdR2EDHrlV6hX8ZNQ8DWsZ2rXKxZ8jMHDA&#038;__tn__=%2ANK-R\" data-ft=\"&#123;&quot;type&quot;:104,&quot;tn&quot;:&quot;*N&quot;&#125;\"><span class=\"_5afx\"><span aria-label=\"hashtag\" class=\"_58cl _5afz\">#ECU911<\/span><\/span><\/a> la unidad A4 asiste con tres efectivos a las calles 24 de Mayo y 9 de octubre donde se atiende a un paciente masculino de 36 a\u00f1os de edad, el mismo que presenta herida en cabeza producto de agresi\u00f3n f\u00edsica por parte de un ciudadano , paciente niega ser transportado por lo que queda con indicaciones y recomendaciones bajo su responsabilidad.<\/p>\n<p><a href=\"https:\/\/scontent.fuio15-1.fna.fbcdn.net\/v\/t1.0-9\/90685272_1561365180685681_5059890002071126016_o.jpg?_nc_cat=105&#038;_nc_sid=8024bb&#038;_nc_ohc=3n-9Ssgh-M0AX-VNrpE&#038;_nc_ht=scontent.fuio15-1.fna&#038;oh=e26eaa4eaff8744d80b38a65a091cf30&#038;oe=5E9EE985\"><img decoding=\"async\" class=\"wp_automatic_fb_img\" title=\"\" src=\"https:\/\/scontent.fuio15-1.fna.fbcdn.net\/v\/t1.0-9\/90685272_1561365180685681_5059890002071126016_o.jpg?_nc_cat=105&#038;_nc_sid=8024bb&#038;_nc_ohc=3n-9Ssgh-M0AX-VNrpE&#038;_nc_ht=scontent.fuio15-1.fna&#038;oh=e26eaa4eaff8744d80b38a65a091cf30&#038;oe=5E9EE985\" \/><\/a><br \/><a href=\"https:\/\/scontent.fuio15-1.fna.fbcdn.net\/v\/t1.0-9\/90743329_1561365184019014_8972834555685765120_o.jpg?_nc_cat=101&#038;_nc_sid=8024bb&#038;_nc_ohc=UFnm_GujrMYAX9Aa714&#038;_nc_ht=scontent.fuio15-1.fna&#038;oh=14dc062309f3f555f672a716824beff7&#038;oe=5E9CF239\"><img decoding=\"async\" class=\"wp_automatic_fb_img\" title=\"\" src=\"https:\/\/scontent.fuio15-1.fna.fbcdn.net\/v\/t1.0-9\/90743329_1561365184019014_8972834555685765120_o.jpg?_nc_cat=101&#038;_nc_sid=8024bb&#038;_nc_ohc=UFnm_GujrMYAX9Aa714&#038;_nc_ht=scontent.fuio15-1.fna&#038;oh=14dc062309f3f555f672a716824beff7&#038;oe=5E9CF239\" \/><\/a><\/p>\n","protected":false},"author":1,"featured_media":1699,"comment_status":"open","ping_status":"open","sticky":false,"template":"","format":"standard","meta":[],"categories":[1],"tags":[203,401,42,32,69,300,22,31,30,523,41],"_links":{"self":[{"href":"https:\/\/bomberos.puyo.gob.ec\/2019\/wp-json\/wp\/v2\/posts\/1698"}],"collection":[{"href":"https:\/\/bomberos.puyo.gob.ec\/2019\/wp-json\/wp\/v2\/posts"}],"about":[{"href":"https:\/\/bomberos.puyo.gob.ec\/2019\/wp-json\/wp\/v2\/types\/post"}],"author":[{"embeddable":true,"href":"https:\/\/bomberos.puyo.gob.ec\/2019\/wp-json\/wp\/v2\/users\/1"}],"replies":[{"embeddable":true,"href":"https:\/\/bomberos.puyo.gob.ec\/2019\/wp-json\/wp\/v2\/comments?post=1698"}],"version-history":[{"count":1,"href":"https:\/\/bomberos.puyo.gob.ec\/2019\/wp-json\/wp\/v2\/posts\/1698\/revisions"}],"predecessor-version":[{"id":1700,"href":"https:\/\/bomberos.puyo.gob.ec\/2019\/wp-json\/wp\/v2\/posts\/1698\/revisions\/1700"}],"wp:featuredmedia":[{"embeddable":true,"href":"https:\/\/bomberos.puyo.gob.ec\/2019\/wp-json\/wp\/v2\/media\/1699"}],"wp:attachment":[{"href":"https:\/\/bomberos.puyo.gob.ec\/2019\/wp-json\/wp\/v2\/media?parent=1698"}],"wp:term":[{"taxonomy":"category","embeddable":true,"href":"https:\/\/bomberos.puyo.gob.ec\/2019\/wp-json\/wp\/v2\/categories?post=1698"},{"taxonomy":"post_tag","embeddable":true,"href":"https:\/\/bomberos.puyo.gob.ec\/2019\/wp-json\/wp\/v2\/tags?post=1698"}],"curies":[{"name":"wp","href":"https:\/\/api.w.org\/{rel}","templated":true}]}}