{"id":1677,"date":"2020-03-20T15:03:16","date_gmt":"2020-03-20T20:03:16","guid":{"rendered":"https:\/\/bomberos.puyo.gob.ec\/en-coordinacion-con-bomberos-shell-se-colabora-con-un-binomio-k9-y-un-equipo-de\/"},"modified":"2020-03-20T15:18:51","modified_gmt":"2020-03-20T20:18:51","slug":"en-coordinacion-con-bomberos-shell-se-colabora-con-un-binomio-k9-y-un-equipo-de","status":"publish","type":"post","link":"https:\/\/bomberos.puyo.gob.ec\/2019\/en-coordinacion-con-bomberos-shell-se-colabora-con-un-binomio-k9-y-un-equipo-de\/","title":{"rendered":"En coordinaci\u00f3n con Bomberos Shell se colabora con un binomio k9 y un equipo de &#8230;"},"content":{"rendered":"<p>En coordinaci\u00f3n con Bomberos Shell se colabora con un binomio k9 y un equipo de b\u00fasqueda en selva con orientaci\u00f3n con gps para realizar la b\u00fasqueda de unas personas perdidas en el sector de las Cavernas del r\u00edo Anzu en el sector de Mera, ya en el lugar se procede a introducir las coordenadas donde est\u00e1n las personas perdidas en el gps y se procede a realizar la b\u00fasqueda con medio canino. el personal apoya la b\u00fasqueda hasta las 4 am donde se est\u00e1 pr\u00f3ximo a localizar, pero mediante contacto telef\u00f3nico se nos informa que las personas desaparecidas han sido alcanzadas por otro grupo de b\u00fasqueda. teniendo la situaci\u00f3n controlada y en coordinaci\u00f3n con el j1 de Shell el personal procede a retornar a la estaci\u00f3n x1 y x2.<\/p>\n<p><a href=\"https:\/\/bomberos.puyo.gob.ec\/2019\/wp-content\/uploads\/En-coordinacion-con-Bomberos-Shell-se-colabora-con-un-binomio.fna&#038;oh=bcf2ab694d062c96ac9f717eb3ed5d1c&#038;oe=5E9923D3.jpeg\"><img decoding=\"async\" class=\"wp_automatic_fb_img\" title=\"\" src=\"https:\/\/bomberos.puyo.gob.ec\/2019\/wp-content\/uploads\/En-coordinacion-con-Bomberos-Shell-se-colabora-con-un-binomio.fna&#038;oh=bcf2ab694d062c96ac9f717eb3ed5d1c&#038;oe=5E9923D3.jpeg\" \/><\/a><br \/>\n<br \/><a href=\"https:\/\/www.facebook.com\/465093860312824\/posts\/1558706767618189\">en facebook&#8230; <\/a>  <\/p>\n","protected":false},"excerpt":{"rendered":"<p>En coordinaci\u00f3n con Bomberos Shell se colabora con un binomio k9 y un equipo de b\u00fasqueda en selva con orientaci\u00f3n con gps para realizar la b\u00fasqueda de unas personas perdidas en el sector de las Cavernas del r\u00edo Anzu en el sector de Mera, ya en el lugar se procede a introducir las coordenadas donde est\u00e1n las personas perdidas en el gps y se procede a realizar la b\u00fasqueda con medio canino. el personal apoya la b\u00fasqueda hasta las 4 am donde se est\u00e1 pr\u00f3ximo a localizar, pero mediante contacto telef\u00f3nico se nos informa que las personas desaparecidas han sido alcanzadas por otro grupo de b\u00fasqueda. teniendo la situaci\u00f3n controlada y en coordinaci\u00f3n con el j1 de Shell el personal procede a retornar a la estaci\u00f3n x1 y x2.<\/p>\n<p><a href=\"https:\/\/scontent.fuio15-1.fna.fbcdn.net\/v\/t1.0-9\/90104763_1558706737618192_2927887628114067456_o.jpg?_nc_cat=103&#038;_nc_sid=8024bb&#038;_nc_ohc=9BMPl05wyacAX-6v9pM&#038;_nc_ht=scontent.fuio15-1.fna&#038;oh=bcf2ab694d062c96ac9f717eb3ed5d1c&#038;oe=5E9923D3\"><img decoding=\"async\" class=\"wp_automatic_fb_img\" title=\"\" src=\"https:\/\/scontent.fuio15-1.fna.fbcdn.net\/v\/t1.0-9\/90104763_1558706737618192_2927887628114067456_o.jpg?_nc_cat=103&#038;_nc_sid=8024bb&#038;_nc_ohc=9BMPl05wyacAX-6v9pM&#038;_nc_ht=scontent.fuio15-1.fna&#038;oh=bcf2ab694d062c96ac9f717eb3ed5d1c&#038;oe=5E9923D3\" \/><\/a><\/p>\n","protected":false},"author":1,"featured_media":1678,"comment_status":"open","ping_status":"open","sticky":false,"template":"","format":"standard","meta":[],"categories":[1],"tags":[674,73,673,42,82,429,672],"_links":{"self":[{"href":"https:\/\/bomberos.puyo.gob.ec\/2019\/wp-json\/wp\/v2\/posts\/1677"}],"collection":[{"href":"https:\/\/bomberos.puyo.gob.ec\/2019\/wp-json\/wp\/v2\/posts"}],"about":[{"href":"https:\/\/bomberos.puyo.gob.ec\/2019\/wp-json\/wp\/v2\/types\/post"}],"author":[{"embeddable":true,"href":"https:\/\/bomberos.puyo.gob.ec\/2019\/wp-json\/wp\/v2\/users\/1"}],"replies":[{"embeddable":true,"href":"https:\/\/bomberos.puyo.gob.ec\/2019\/wp-json\/wp\/v2\/comments?post=1677"}],"version-history":[{"count":1,"href":"https:\/\/bomberos.puyo.gob.ec\/2019\/wp-json\/wp\/v2\/posts\/1677\/revisions"}],"predecessor-version":[{"id":1679,"href":"https:\/\/bomberos.puyo.gob.ec\/2019\/wp-json\/wp\/v2\/posts\/1677\/revisions\/1679"}],"wp:featuredmedia":[{"embeddable":true,"href":"https:\/\/bomberos.puyo.gob.ec\/2019\/wp-json\/wp\/v2\/media\/1678"}],"wp:attachment":[{"href":"https:\/\/bomberos.puyo.gob.ec\/2019\/wp-json\/wp\/v2\/media?parent=1677"}],"wp:term":[{"taxonomy":"category","embeddable":true,"href":"https:\/\/bomberos.puyo.gob.ec\/2019\/wp-json\/wp\/v2\/categories?post=1677"},{"taxonomy":"post_tag","embeddable":true,"href":"https:\/\/bomberos.puyo.gob.ec\/2019\/wp-json\/wp\/v2\/tags?post=1677"}],"curies":[{"name":"wp","href":"https:\/\/api.w.org\/{rel}","templated":true}]}}