{"id":1668,"date":"2020-03-19T10:21:11","date_gmt":"2020-03-19T15:21:11","guid":{"rendered":"https:\/\/bomberos.puyo.gob.ec\/agradecimientoporayudasolidaria\/"},"modified":"2020-03-19T10:49:26","modified_gmt":"2020-03-19T15:49:26","slug":"agradecimientoporayudasolidaria","status":"publish","type":"post","link":"https:\/\/bomberos.puyo.gob.ec\/2019\/agradecimientoporayudasolidaria\/","title":{"rendered":"#AgradecimientoporAyudaSolidaria&#8230;"},"content":{"rendered":"<p><a><span>#Agradecimiento<\/span><wbr><\/wbr><span class=\"word_break\"><\/span><span>porAyudaSolidar<\/span><wbr><\/wbr><span class=\"word_break\"><\/span>ia<\/a><\/p>\n<p><\/p>\n<p> Alcalde de Arajuno, C\u00e9sar Grefa, expresa su agradecimiento al alcalde Oswaldo Z\u00fa\u00f1iga y al Cuerpo de Bomberos Municipal del cant\u00f3n Pastaza por la ayuda brindada con personal experto en tareas en aguas r\u00e1pidas durante la emergencia por la crecentada de los r\u00edos Arajuno y Wapuno&#8230;<\/p>\n<p><img decoding=\"async\" loading=\"lazy\" src=\"https:\/\/bomberos.puyo.gob.ec\/2019\/wp-content\/uploads\/AgradecimientoporAyudaSolidaria.fna&#038;_nc_tp=5&#038;oh=bb79372c9a8bf85c15a4c156a4a617d1&#038;oe=5E985BD6.jpeg\" width=\"97\" height=\"196\" class=\"gl r\" alt=\"video\"><img decoding=\"async\" loading=\"lazy\" src=\"https:\/\/bomberos.puyo.gob.ec\/2019\/wp-content\/uploads\/AgradecimientoporAyudaSolidaria.fna&#038;_nc_tp=5&#038;oh=75b51bb069b478fffa1ce31c452008b6&#038;oe=5E989E1F.jpeg\" width=\"97\" height=\"97\" class=\"gl r\" alt=\"video\"><img decoding=\"async\" loading=\"lazy\" src=\"https:\/\/bomberos.puyo.gob.ec\/2019\/wp-content\/uploads\/AgradecimientoporAyudaSolidaria.fna&#038;_nc_tp=5&#038;oh=1fc0b106fbf710686b4bceb97cf4d44d&#038;oe=5E9823E9.jpeg\" width=\"97\" height=\"97\" class=\"gl r\" alt=\"video\"><br \/>\n<br \/><a href=\"https:\/\/www.facebook.com\/465093860312824\/posts\/1557552094400323\">en facebook&#8230; <\/a>  <\/p>\n","protected":false},"excerpt":{"rendered":"<p><a><span>#Agradecimiento<\/span><wbr><\/wbr><span class=\"word_break\"><\/span><span>porAyudaSolidar<\/span><wbr><\/wbr><span class=\"word_break\"><\/span>ia<\/a><\/p>\n<p><\/p>\n<p> Alcalde de Arajuno, C\u00e9sar Grefa, expresa su agradecimiento al alcalde Oswaldo Z\u00fa\u00f1iga y al Cuerpo de Bomberos Municipal del cant\u00f3n Pastaza por la ayuda brindada con personal experto en tareas en aguas r\u00e1pidas durante la emergencia por la crecentada de los r\u00edos Arajuno y Wapuno&#8230;<\/p>\n<p><img decoding=\"async\" loading=\"lazy\" src=\"https:\/\/scontent.fuio15-1.fna.fbcdn.net\/v\/t15.5256-10\/cp0\/e15\/q65\/c6.0.98.200a\/p110x80\/83889742_348072956113782_1640408964241817600_n.jpg?_nc_cat=101&#038;_nc_sid=08861d&#038;efg=eyJpIjoiYiJ9&#038;_nc_ohc=kDcw1Lc8d_UAX9vQ8GU&#038;_nc_ht=scontent.fuio15-1.fna&#038;_nc_tp=5&#038;oh=bb79372c9a8bf85c15a4c156a4a617d1&#038;oe=5E985BD6\" width=\"97\" height=\"196\" class=\"gl r\" alt=\"video\"><img decoding=\"async\" loading=\"lazy\" src=\"https:\/\/scontent.fuio15-1.fna.fbcdn.net\/v\/t15.5256-10\/cp0\/e15\/q65\/c0.41.100.100a\/p100x100\/83897694_154891285691149_5829718097665196032_n.jpg?_nc_cat=106&#038;_nc_sid=08861d&#038;efg=eyJpIjoiYiJ9&#038;_nc_ohc=6gGfxAwLdyYAX_ZdnVD&#038;_nc_ht=scontent.fuio15-1.fna&#038;_nc_tp=5&#038;oh=75b51bb069b478fffa1ce31c452008b6&#038;oe=5E989E1F\" width=\"97\" height=\"97\" class=\"gl r\" alt=\"video\"><img decoding=\"async\" loading=\"lazy\" src=\"https:\/\/scontent.fuio15-1.fna.fbcdn.net\/v\/t15.5256-10\/cp0\/e15\/q65\/c41.0.100.100a\/p100x100\/83897060_348345116083055_310374033528979456_n.jpg?_nc_cat=110&#038;_nc_sid=08861d&#038;efg=eyJpIjoiYiJ9&#038;_nc_ohc=iKtgJrCnQG8AX_8I2Jv&#038;_nc_ht=scontent.fuio15-1.fna&#038;_nc_tp=5&#038;oh=1fc0b106fbf710686b4bceb97cf4d44d&#038;oe=5E9823E9\" width=\"97\" height=\"97\" class=\"gl r\" alt=\"video\"><\/p>\n","protected":false},"author":1,"featured_media":1669,"comment_status":"open","ping_status":"open","sticky":false,"template":"","format":"standard","meta":[],"categories":[1],"tags":[670],"_links":{"self":[{"href":"https:\/\/bomberos.puyo.gob.ec\/2019\/wp-json\/wp\/v2\/posts\/1668"}],"collection":[{"href":"https:\/\/bomberos.puyo.gob.ec\/2019\/wp-json\/wp\/v2\/posts"}],"about":[{"href":"https:\/\/bomberos.puyo.gob.ec\/2019\/wp-json\/wp\/v2\/types\/post"}],"author":[{"embeddable":true,"href":"https:\/\/bomberos.puyo.gob.ec\/2019\/wp-json\/wp\/v2\/users\/1"}],"replies":[{"embeddable":true,"href":"https:\/\/bomberos.puyo.gob.ec\/2019\/wp-json\/wp\/v2\/comments?post=1668"}],"version-history":[{"count":1,"href":"https:\/\/bomberos.puyo.gob.ec\/2019\/wp-json\/wp\/v2\/posts\/1668\/revisions"}],"predecessor-version":[{"id":1670,"href":"https:\/\/bomberos.puyo.gob.ec\/2019\/wp-json\/wp\/v2\/posts\/1668\/revisions\/1670"}],"wp:featuredmedia":[{"embeddable":true,"href":"https:\/\/bomberos.puyo.gob.ec\/2019\/wp-json\/wp\/v2\/media\/1669"}],"wp:attachment":[{"href":"https:\/\/bomberos.puyo.gob.ec\/2019\/wp-json\/wp\/v2\/media?parent=1668"}],"wp:term":[{"taxonomy":"category","embeddable":true,"href":"https:\/\/bomberos.puyo.gob.ec\/2019\/wp-json\/wp\/v2\/categories?post=1668"},{"taxonomy":"post_tag","embeddable":true,"href":"https:\/\/bomberos.puyo.gob.ec\/2019\/wp-json\/wp\/v2\/tags?post=1668"}],"curies":[{"name":"wp","href":"https:\/\/api.w.org\/{rel}","templated":true}]}}