{"id":1654,"date":"2020-03-18T16:18:42","date_gmt":"2020-03-18T21:18:42","guid":{"rendered":"https:\/\/bomberos.puyo.gob.ec\/por-llamado-del-ecu911-la-unidad-a4-se-dirige-a-una-emergenciamedica-en-el-se\/"},"modified":"2020-03-18T18:11:38","modified_gmt":"2020-03-18T23:11:38","slug":"por-llamado-del-ecu911-la-unidad-a4-se-dirige-a-una-emergenciamedica-en-el-se","status":"publish","type":"post","link":"https:\/\/bomberos.puyo.gob.ec\/2019\/por-llamado-del-ecu911-la-unidad-a4-se-dirige-a-una-emergenciamedica-en-el-se\/","title":{"rendered":"Por llamado del #ECU911 la unidad A4 se dirige, a una #emergenciam\u00e9dica en el se&#8230;"},"content":{"rendered":"<p><span><\/p>\n<p>Por llamado del <a>#ECU911<\/a> la unidad A4 se dirige, a una <a><span>#emergenciam\u00e9di<\/span><wbr><\/wbr><span class=\"word_break\"><\/span>ca<\/a> en el sector de la escuela de conducci\u00f3n Aneta, en el lugar se atiende a se\u00f1ora de 52 a\u00f1os la cual presenta cefalea producto de una ca\u00edda de su propia altura la cual es atendida en el lugar y queda a cargo de los familiares<\/p>\n<p><\/span>\n<\/p>\n<p><a href=\"https:\/\/bomberos.puyo.gob.ec\/2019\/wp-content\/uploads\/Por-llamado-del-ECU911-la-unidad-A4-se-dirige-a.fna&#038;oh=9933123c47ce469318faf279adc7a2d0&#038;oe=5E98D4E9.jpeg\"><img decoding=\"async\" class=\"wp_automatic_fb_img\" title=\"\" src=\"https:\/\/bomberos.puyo.gob.ec\/2019\/wp-content\/uploads\/Por-llamado-del-ECU911-la-unidad-A4-se-dirige-a.fna&#038;oh=9933123c47ce469318faf279adc7a2d0&#038;oe=5E98D4E9.jpeg\" \/><\/a><br \/>\n<br \/><a href=\"https:\/\/www.facebook.com\/465093860312824\/posts\/1556888654466667\">en facebook&#8230; <\/a>  <\/p>\n","protected":false},"excerpt":{"rendered":"<p><span><\/p>\n<p>Por llamado del <a>#ECU911<\/a> la unidad A4 se dirige, a una <a><span>#emergenciam\u00e9di<\/span><wbr><\/wbr><span class=\"word_break\"><\/span>ca<\/a> en el sector de la escuela de conducci\u00f3n Aneta, en el lugar se atiende a se\u00f1ora de 52 a\u00f1os la cual presenta cefalea producto de una ca\u00edda de su propia altura la cual es atendida en el lugar y queda a cargo de los familiares<\/p>\n<p><\/span>\n<\/p>\n<p><a href=\"https:\/\/scontent.fuio15-1.fna.fbcdn.net\/v\/t1.0-9\/90197705_1556888637800002_8908374694369951744_o.jpg?_nc_cat=111&#038;_nc_sid=8024bb&#038;_nc_ohc=Goy6DX94g8gAX9z9oca&#038;_nc_ht=scontent.fuio15-1.fna&#038;oh=9933123c47ce469318faf279adc7a2d0&#038;oe=5E98D4E9\"><img decoding=\"async\" class=\"wp_automatic_fb_img\" title=\"\" src=\"https:\/\/scontent.fuio15-1.fna.fbcdn.net\/v\/t1.0-9\/90197705_1556888637800002_8908374694369951744_o.jpg?_nc_cat=111&#038;_nc_sid=8024bb&#038;_nc_ohc=Goy6DX94g8gAX9z9oca&#038;_nc_ht=scontent.fuio15-1.fna&#038;oh=9933123c47ce469318faf279adc7a2d0&#038;oe=5E98D4E9\" \/><\/a><\/p>\n","protected":false},"author":1,"featured_media":1655,"comment_status":"open","ping_status":"open","sticky":false,"template":"","format":"standard","meta":[],"categories":[1],"tags":[32,86,69,29,31,30,119,41],"_links":{"self":[{"href":"https:\/\/bomberos.puyo.gob.ec\/2019\/wp-json\/wp\/v2\/posts\/1654"}],"collection":[{"href":"https:\/\/bomberos.puyo.gob.ec\/2019\/wp-json\/wp\/v2\/posts"}],"about":[{"href":"https:\/\/bomberos.puyo.gob.ec\/2019\/wp-json\/wp\/v2\/types\/post"}],"author":[{"embeddable":true,"href":"https:\/\/bomberos.puyo.gob.ec\/2019\/wp-json\/wp\/v2\/users\/1"}],"replies":[{"embeddable":true,"href":"https:\/\/bomberos.puyo.gob.ec\/2019\/wp-json\/wp\/v2\/comments?post=1654"}],"version-history":[{"count":1,"href":"https:\/\/bomberos.puyo.gob.ec\/2019\/wp-json\/wp\/v2\/posts\/1654\/revisions"}],"predecessor-version":[{"id":1656,"href":"https:\/\/bomberos.puyo.gob.ec\/2019\/wp-json\/wp\/v2\/posts\/1654\/revisions\/1656"}],"wp:featuredmedia":[{"embeddable":true,"href":"https:\/\/bomberos.puyo.gob.ec\/2019\/wp-json\/wp\/v2\/media\/1655"}],"wp:attachment":[{"href":"https:\/\/bomberos.puyo.gob.ec\/2019\/wp-json\/wp\/v2\/media?parent=1654"}],"wp:term":[{"taxonomy":"category","embeddable":true,"href":"https:\/\/bomberos.puyo.gob.ec\/2019\/wp-json\/wp\/v2\/categories?post=1654"},{"taxonomy":"post_tag","embeddable":true,"href":"https:\/\/bomberos.puyo.gob.ec\/2019\/wp-json\/wp\/v2\/tags?post=1654"}],"curies":[{"name":"wp","href":"https:\/\/api.w.org\/{rel}","templated":true}]}}