{"id":1615,"date":"2020-03-07T12:18:09","date_gmt":"2020-03-07T17:18:09","guid":{"rendered":"https:\/\/bomberos.puyo.gob.ec\/por-llamado-de-moradores-del-barrio-el-recreo-se-acude-a-una-emergenciamedica-p\/"},"modified":"2020-03-07T12:46:19","modified_gmt":"2020-03-07T17:46:19","slug":"por-llamado-de-moradores-del-barrio-el-recreo-se-acude-a-una-emergenciamedica-p","status":"publish","type":"post","link":"https:\/\/bomberos.puyo.gob.ec\/2019\/por-llamado-de-moradores-del-barrio-el-recreo-se-acude-a-una-emergenciamedica-p\/","title":{"rendered":"Por llamado de moradores del barrio El Recreo se acude a una #EmergenciaM\u00e9dica p&#8230;"},"content":{"rendered":"<p>Por llamado de moradores del barrio El Recreo se acude a una <a class=\"_58cn\" href=\"https:\/\/facebook.com\/hashtag\/emergenciam&#xe9;dica?source=feed_text&#038;epa=HASHTAG&#038;__xts__%5B0%5D=68.ARAfHDbV6fzOVfU5DcEpMUMPbqew3k3K5xlHRadbqI-JLi1_Zp4h4CDphtoIGzUUY--JSA2NeplIcq8XMiWKFy2m8eylqvsV-pYjn_xCoh7TgGkpXKaRpgJT2ER_EO8RumO2VCI5E6uzvA8H1VbyERXrP96bhuVUMXOGUM7CxilcGPIfXDxzNgVY_4CMF41r_Vkz9uTF2A8Dql410kr8fhgr1GmaZ0mslcijwEyKWiZHbCsEnSgXd8roF0M7Onrix9hRGJao4rd1lwoKDUoU3W-XmGaSZOSmZBXXDOtmnACFAHGsPaHFQsPAcW-mZtdoylzN55sNBtNN7w_30yapzzXMrg&#038;__tn__=%2ANK-R\" data-ft=\"&#123;&quot;type&quot;:104,&quot;tn&quot;:&quot;*N&quot;&#125;\"><span class=\"_5afx\"><span aria-label=\"hashtag\" class=\"_58cl _5afz\">#EmergenciaM\u00e9dica<\/span><\/span><\/a> por el sector del <a class=\"_58cn\" href=\"https:\/\/facebook.com\/hashtag\/upc?source=feed_text&#038;epa=HASHTAG&#038;__xts__%5B0%5D=68.ARAfHDbV6fzOVfU5DcEpMUMPbqew3k3K5xlHRadbqI-JLi1_Zp4h4CDphtoIGzUUY--JSA2NeplIcq8XMiWKFy2m8eylqvsV-pYjn_xCoh7TgGkpXKaRpgJT2ER_EO8RumO2VCI5E6uzvA8H1VbyERXrP96bhuVUMXOGUM7CxilcGPIfXDxzNgVY_4CMF41r_Vkz9uTF2A8Dql410kr8fhgr1GmaZ0mslcijwEyKWiZHbCsEnSgXd8roF0M7Onrix9hRGJao4rd1lwoKDUoU3W-XmGaSZOSmZBXXDOtmnACFAHGsPaHFQsPAcW-mZtdoylzN55sNBtNN7w_30yapzzXMrg&#038;__tn__=%2ANK-R\" data-ft=\"&#123;&quot;type&quot;:104,&quot;tn&quot;:&quot;*N&quot;&#125;\"><span class=\"_5afx\"><span aria-label=\"hashtag\" class=\"_58cl _5afz\">#UPC<\/span><\/span><\/a>, en las calles los Yutzos y M\u00edramelindos. <br \/> Donde se atiende a paciente de 96 a\u00f1os, el mismo que sufre una ca\u00edda de su cama, presentando trauma en extremidad inferior izquierda m\u00e1s perdida de conciencia. <br \/> Se\u00f1or hipertenso, se lo estabiliza hasta que llegue la unidad alfa 4 para trasladarlo al hospital.<\/p>\n<p><a href=\"https:\/\/bomberos.puyo.gob.ec\/2019\/wp-content\/uploads\/Por-llamado-de-moradores-del-barrio-El-Recreo-se-acude.fna&#038;oh=f8720594f89f20667263b1804f25eafb&#038;oe=5E907EB4.jpeg\"><img decoding=\"async\" class=\"wp_automatic_fb_img\" title=\"\" src=\"https:\/\/bomberos.puyo.gob.ec\/2019\/wp-content\/uploads\/Por-llamado-de-moradores-del-barrio-El-Recreo-se-acude.fna&#038;oh=f8720594f89f20667263b1804f25eafb&#038;oe=5E907EB4.jpeg\" \/><\/a><br \/><a href=\"https:\/\/bomberos.puyo.gob.ec\/2019\/wp-content\/uploads\/Por-llamado-de-moradores-del-barrio-El-Recreo-se-acude.fna&#038;oh=3cac3387c39a11ad435b7a3fd4b0d9af&#038;oe=5E90DC3D.jpeg\"><img decoding=\"async\" class=\"wp_automatic_fb_img\" title=\"\" src=\"https:\/\/bomberos.puyo.gob.ec\/2019\/wp-content\/uploads\/Por-llamado-de-moradores-del-barrio-El-Recreo-se-acude.fna&#038;oh=3cac3387c39a11ad435b7a3fd4b0d9af&#038;oe=5E90DC3D.jpeg\" \/><\/a><br \/><a href=\"https:\/\/bomberos.puyo.gob.ec\/2019\/wp-content\/uploads\/Por-llamado-de-moradores-del-barrio-El-Recreo-se-acude.fna&#038;oh=389d5027e49fda6ea8e32ae26f6e9cda&#038;oe=5E966559.jpeg\"><img decoding=\"async\" class=\"wp_automatic_fb_img\" title=\"\" src=\"https:\/\/bomberos.puyo.gob.ec\/2019\/wp-content\/uploads\/Por-llamado-de-moradores-del-barrio-El-Recreo-se-acude.fna&#038;oh=389d5027e49fda6ea8e32ae26f6e9cda&#038;oe=5E966559.jpeg\" \/><\/a><br \/><a href=\"https:\/\/bomberos.puyo.gob.ec\/2019\/wp-content\/uploads\/Por-llamado-de-moradores-del-barrio-El-Recreo-se-acude.fna&#038;oh=50da44f231a7bd814e47d074adf214af&#038;oe=5E80FEF3.jpeg\"><img decoding=\"async\" class=\"wp_automatic_fb_img\" title=\"\" src=\"https:\/\/bomberos.puyo.gob.ec\/2019\/wp-content\/uploads\/Por-llamado-de-moradores-del-barrio-El-Recreo-se-acude.fna&#038;oh=50da44f231a7bd814e47d074adf214af&#038;oe=5E80FEF3.jpeg\" \/><\/a><br \/><a href=\"https:\/\/bomberos.puyo.gob.ec\/2019\/wp-content\/uploads\/Por-llamado-de-moradores-del-barrio-El-Recreo-se-acude.fna&#038;oh=b01a92b009a271d8acd73e2d1c01e5e7&#038;oe=5E96B340.jpeg\"><img decoding=\"async\" class=\"wp_automatic_fb_img\" title=\"\" src=\"https:\/\/bomberos.puyo.gob.ec\/2019\/wp-content\/uploads\/Por-llamado-de-moradores-del-barrio-El-Recreo-se-acude.fna&#038;oh=b01a92b009a271d8acd73e2d1c01e5e7&#038;oe=5E96B340.jpeg\" \/><\/a><br \/>\n<br \/><a href=\"https:\/\/www.facebook.com\/465093860312824\/posts\/1547138618775004\">en facebook&#8230; <\/a>  <\/p>\n","protected":false},"excerpt":{"rendered":"<p>Por llamado de moradores del barrio El Recreo se acude a una <a class=\"_58cn\" href=\"https:\/\/facebook.com\/hashtag\/emergenciam&#xe9;dica?source=feed_text&#038;epa=HASHTAG&#038;__xts__%5B0%5D=68.ARAfHDbV6fzOVfU5DcEpMUMPbqew3k3K5xlHRadbqI-JLi1_Zp4h4CDphtoIGzUUY--JSA2NeplIcq8XMiWKFy2m8eylqvsV-pYjn_xCoh7TgGkpXKaRpgJT2ER_EO8RumO2VCI5E6uzvA8H1VbyERXrP96bhuVUMXOGUM7CxilcGPIfXDxzNgVY_4CMF41r_Vkz9uTF2A8Dql410kr8fhgr1GmaZ0mslcijwEyKWiZHbCsEnSgXd8roF0M7Onrix9hRGJao4rd1lwoKDUoU3W-XmGaSZOSmZBXXDOtmnACFAHGsPaHFQsPAcW-mZtdoylzN55sNBtNN7w_30yapzzXMrg&#038;__tn__=%2ANK-R\" data-ft=\"&#123;&quot;type&quot;:104,&quot;tn&quot;:&quot;*N&quot;&#125;\"><span class=\"_5afx\"><span aria-label=\"hashtag\" class=\"_58cl _5afz\">#EmergenciaM\u00e9dica<\/span><\/span><\/a> por el sector del <a class=\"_58cn\" href=\"https:\/\/facebook.com\/hashtag\/upc?source=feed_text&#038;epa=HASHTAG&#038;__xts__%5B0%5D=68.ARAfHDbV6fzOVfU5DcEpMUMPbqew3k3K5xlHRadbqI-JLi1_Zp4h4CDphtoIGzUUY--JSA2NeplIcq8XMiWKFy2m8eylqvsV-pYjn_xCoh7TgGkpXKaRpgJT2ER_EO8RumO2VCI5E6uzvA8H1VbyERXrP96bhuVUMXOGUM7CxilcGPIfXDxzNgVY_4CMF41r_Vkz9uTF2A8Dql410kr8fhgr1GmaZ0mslcijwEyKWiZHbCsEnSgXd8roF0M7Onrix9hRGJao4rd1lwoKDUoU3W-XmGaSZOSmZBXXDOtmnACFAHGsPaHFQsPAcW-mZtdoylzN55sNBtNN7w_30yapzzXMrg&#038;__tn__=%2ANK-R\" data-ft=\"&#123;&quot;type&quot;:104,&quot;tn&quot;:&quot;*N&quot;&#125;\"><span class=\"_5afx\"><span aria-label=\"hashtag\" class=\"_58cl _5afz\">#UPC<\/span><\/span><\/a>, en las calles los Yutzos y M\u00edramelindos. <br \/> Donde se atiende a paciente de 96 a\u00f1os, el mismo que sufre una ca\u00edda de su cama, presentando trauma en extremidad inferior izquierda m\u00e1s perdida de conciencia. <br \/> Se\u00f1or hipertenso, se lo estabiliza hasta que llegue la unidad alfa 4 para trasladarlo al hospital.<\/p>\n<p><a href=\"https:\/\/scontent.fuio15-1.fna.fbcdn.net\/v\/t1.0-9\/87887930_1547138525441680_3627801442904965120_o.jpg?_nc_cat=107&#038;_nc_sid=8024bb&#038;_nc_ohc=9OAGSctb_-gAX-mU2yV&#038;_nc_ht=scontent.fuio15-1.fna&#038;oh=f8720594f89f20667263b1804f25eafb&#038;oe=5E907EB4\"><img decoding=\"async\" class=\"wp_automatic_fb_img\" title=\"\" src=\"https:\/\/scontent.fuio15-1.fna.fbcdn.net\/v\/t1.0-9\/87887930_1547138525441680_3627801442904965120_o.jpg?_nc_cat=107&#038;_nc_sid=8024bb&#038;_nc_ohc=9OAGSctb_-gAX-mU2yV&#038;_nc_ht=scontent.fuio15-1.fna&#038;oh=f8720594f89f20667263b1804f25eafb&#038;oe=5E907EB4\" \/><\/a><br \/><a href=\"https:\/\/scontent.fuio15-1.fna.fbcdn.net\/v\/t1.0-9\/88241756_1547138522108347_5761489883583479808_o.jpg?_nc_cat=101&#038;_nc_sid=8024bb&#038;_nc_ohc=0kWsZz5ZGL8AX92Qyob&#038;_nc_ht=scontent.fuio15-1.fna&#038;oh=3cac3387c39a11ad435b7a3fd4b0d9af&#038;oe=5E90DC3D\"><img decoding=\"async\" class=\"wp_automatic_fb_img\" title=\"\" src=\"https:\/\/scontent.fuio15-1.fna.fbcdn.net\/v\/t1.0-9\/88241756_1547138522108347_5761489883583479808_o.jpg?_nc_cat=101&#038;_nc_sid=8024bb&#038;_nc_ohc=0kWsZz5ZGL8AX92Qyob&#038;_nc_ht=scontent.fuio15-1.fna&#038;oh=3cac3387c39a11ad435b7a3fd4b0d9af&#038;oe=5E90DC3D\" \/><\/a><br \/><a href=\"https:\/\/scontent.fuio15-1.fna.fbcdn.net\/v\/t1.0-9\/88301472_1547138508775015_244685510918799360_o.jpg?_nc_cat=107&#038;_nc_sid=8024bb&#038;_nc_ohc=_lcW6iAXOscAX_lg2Ot&#038;_nc_ht=scontent.fuio15-1.fna&#038;oh=389d5027e49fda6ea8e32ae26f6e9cda&#038;oe=5E966559\"><img decoding=\"async\" class=\"wp_automatic_fb_img\" title=\"\" src=\"https:\/\/scontent.fuio15-1.fna.fbcdn.net\/v\/t1.0-9\/88301472_1547138508775015_244685510918799360_o.jpg?_nc_cat=107&#038;_nc_sid=8024bb&#038;_nc_ohc=_lcW6iAXOscAX_lg2Ot&#038;_nc_ht=scontent.fuio15-1.fna&#038;oh=389d5027e49fda6ea8e32ae26f6e9cda&#038;oe=5E966559\" \/><\/a><br \/><a href=\"https:\/\/scontent.fuio15-1.fna.fbcdn.net\/v\/t1.0-9\/88259132_1547138518775014_7794107440160571392_o.jpg?_nc_cat=106&#038;_nc_sid=8024bb&#038;_nc_ohc=LWOzu0sgrvwAX8Is8On&#038;_nc_ht=scontent.fuio15-1.fna&#038;oh=50da44f231a7bd814e47d074adf214af&#038;oe=5E80FEF3\"><img decoding=\"async\" class=\"wp_automatic_fb_img\" title=\"\" src=\"https:\/\/scontent.fuio15-1.fna.fbcdn.net\/v\/t1.0-9\/88259132_1547138518775014_7794107440160571392_o.jpg?_nc_cat=106&#038;_nc_sid=8024bb&#038;_nc_ohc=LWOzu0sgrvwAX8Is8On&#038;_nc_ht=scontent.fuio15-1.fna&#038;oh=50da44f231a7bd814e47d074adf214af&#038;oe=5E80FEF3\" \/><\/a><br \/><a href=\"https:\/\/scontent.fuio15-1.fna.fbcdn.net\/v\/t1.0-9\/87491956_1547138535441679_1671321484548636672_o.jpg?_nc_cat=105&#038;_nc_sid=8024bb&#038;_nc_ohc=rvXX74mda6cAX8tofOS&#038;_nc_ht=scontent.fuio15-1.fna&#038;oh=b01a92b009a271d8acd73e2d1c01e5e7&#038;oe=5E96B340\"><img decoding=\"async\" class=\"wp_automatic_fb_img\" title=\"\" src=\"https:\/\/scontent.fuio15-1.fna.fbcdn.net\/v\/t1.0-9\/87491956_1547138535441679_1671321484548636672_o.jpg?_nc_cat=105&#038;_nc_sid=8024bb&#038;_nc_ohc=rvXX74mda6cAX8tofOS&#038;_nc_ht=scontent.fuio15-1.fna&#038;oh=b01a92b009a271d8acd73e2d1c01e5e7&#038;oe=5E96B340\" \/><\/a><\/p>\n","protected":false},"author":1,"featured_media":1616,"comment_status":"open","ping_status":"open","sticky":false,"template":"","format":"standard","meta":[],"categories":[1],"tags":[641,408,32,29,31,275,30,640,119,639],"_links":{"self":[{"href":"https:\/\/bomberos.puyo.gob.ec\/2019\/wp-json\/wp\/v2\/posts\/1615"}],"collection":[{"href":"https:\/\/bomberos.puyo.gob.ec\/2019\/wp-json\/wp\/v2\/posts"}],"about":[{"href":"https:\/\/bomberos.puyo.gob.ec\/2019\/wp-json\/wp\/v2\/types\/post"}],"author":[{"embeddable":true,"href":"https:\/\/bomberos.puyo.gob.ec\/2019\/wp-json\/wp\/v2\/users\/1"}],"replies":[{"embeddable":true,"href":"https:\/\/bomberos.puyo.gob.ec\/2019\/wp-json\/wp\/v2\/comments?post=1615"}],"version-history":[{"count":1,"href":"https:\/\/bomberos.puyo.gob.ec\/2019\/wp-json\/wp\/v2\/posts\/1615\/revisions"}],"predecessor-version":[{"id":1617,"href":"https:\/\/bomberos.puyo.gob.ec\/2019\/wp-json\/wp\/v2\/posts\/1615\/revisions\/1617"}],"wp:featuredmedia":[{"embeddable":true,"href":"https:\/\/bomberos.puyo.gob.ec\/2019\/wp-json\/wp\/v2\/media\/1616"}],"wp:attachment":[{"href":"https:\/\/bomberos.puyo.gob.ec\/2019\/wp-json\/wp\/v2\/media?parent=1615"}],"wp:term":[{"taxonomy":"category","embeddable":true,"href":"https:\/\/bomberos.puyo.gob.ec\/2019\/wp-json\/wp\/v2\/categories?post=1615"},{"taxonomy":"post_tag","embeddable":true,"href":"https:\/\/bomberos.puyo.gob.ec\/2019\/wp-json\/wp\/v2\/tags?post=1615"}],"curies":[{"name":"wp","href":"https:\/\/api.w.org\/{rel}","templated":true}]}}