{"id":1582,"date":"2020-02-17T14:28:35","date_gmt":"2020-02-17T19:28:35","guid":{"rendered":"https:\/\/bomberos.puyo.gob.ec\/ing-rolando-ramos-comandante-del-cuerpo-de-bomberos-municipal-del-canton-pastaza-2\/"},"modified":"2020-02-17T14:54:57","modified_gmt":"2020-02-17T19:54:57","slug":"ing-rolando-ramos-comandante-del-cuerpo-de-bomberos-municipal-del-canton-pastaza-2","status":"publish","type":"post","link":"https:\/\/bomberos.puyo.gob.ec\/2019\/ing-rolando-ramos-comandante-del-cuerpo-de-bomberos-municipal-del-canton-pastaza-2\/","title":{"rendered":"Ing. Rolando Ramos &#8211; Comandante del Cuerpo de Bomberos Municipal del cant\u00f3n Pastaza"},"content":{"rendered":"<p><img decoding=\"async\"  title=\" Ing. Rolando Ramos - Comandante del Cuerpo de Bomberos Municipal del cant\u00f3n Pastaza\" src=\"https:\/\/bomberos.puyo.gob.ec\/2019\/wp-content\/uploads\/Ing.-Rolando-Ramos-Comandante-del-Cuerpo-de-Bomberos-Municipal.fna&#038;oh=1663a77d43cc372952044123f3c8c552&#038;oe=5EF78253.jpeg\" \/><\/a><\/p>\n<p><span><\/p>\n<p><a>#Rescate<\/a> <br \/> Personal del Cuerpo de Bomberos Municipal del cant\u00f3n Pastaza despleg\u00f3 un contingente importante para la evacuaci\u00f3n de las v\u00edctimas del accidente a\u00e9reo en la comunidad de San Ram\u00f3n. Rolando Ramos nos relata c\u00f3mo se organiz\u00f3 el operativo.<\/p>\n<p><\/span>\n<\/p>\n<p> [fb_vid  mute=1  autoplay= \u00abtrue\u00bb  id=\u00bbphoto_id\u00bb:\u00bb1331719627035291&#8243;\u00bb][fb_vid  mute=1  autoplay= \u00abtrue\u00bb  id=\u00bb1331719627035291&#8243;]\n<br \/><a href=\"https:\/\/www.facebook.com\/465093860312824\/posts\/1530845893737610\">en facebook&#8230; <\/a>  <\/p>\n","protected":false},"excerpt":{"rendered":"<p><img decoding=\"async\"  title=\" Ing. Rolando Ramos - Comandante del Cuerpo de Bomberos Municipal del cant\u00f3n Pastaza\" src=\"https:\/\/scontent.fuio15-1.fna.fbcdn.net\/v\/t15.5256-10\/80903416_1331725387034715_7311291929986072576_n.jpg?_nc_cat=106&#038;_nc_ohc=8KjgKSEM6hsAX-H3-uM&#038;_nc_ht=scontent.fuio15-1.fna&#038;oh=1663a77d43cc372952044123f3c8c552&#038;oe=5EF78253\" \/><\/a><\/p>\n<p><span><\/p>\n<p><a>#Rescate<\/a> <br \/> Personal del Cuerpo de Bomberos Municipal del cant\u00f3n Pastaza despleg\u00f3 un contingente importante para la evacuaci\u00f3n de las v\u00edctimas del accidente a\u00e9reo en la comunidad de San Ram\u00f3n. Rolando Ramos nos relata c\u00f3mo se organiz\u00f3 el operativo.<\/p>\n<p><\/span>\n<\/p>\n<p> [fb_vid  mute=1  autoplay= \u00abtrue\u00bb  id=\u00bbphoto_id\u00bb:\u00bb1331719627035291&#8243;\u00bb][fb_vid  mute=1  autoplay= \u00abtrue\u00bb  id=\u00bb1331719627035291&#8243;]<\/p>\n","protected":false},"author":1,"featured_media":1583,"comment_status":"open","ping_status":"open","sticky":false,"template":"","format":"standard","meta":[],"categories":[1],"tags":[73,141,322,64,32,510,138,74,512,183,511],"_links":{"self":[{"href":"https:\/\/bomberos.puyo.gob.ec\/2019\/wp-json\/wp\/v2\/posts\/1582"}],"collection":[{"href":"https:\/\/bomberos.puyo.gob.ec\/2019\/wp-json\/wp\/v2\/posts"}],"about":[{"href":"https:\/\/bomberos.puyo.gob.ec\/2019\/wp-json\/wp\/v2\/types\/post"}],"author":[{"embeddable":true,"href":"https:\/\/bomberos.puyo.gob.ec\/2019\/wp-json\/wp\/v2\/users\/1"}],"replies":[{"embeddable":true,"href":"https:\/\/bomberos.puyo.gob.ec\/2019\/wp-json\/wp\/v2\/comments?post=1582"}],"version-history":[{"count":1,"href":"https:\/\/bomberos.puyo.gob.ec\/2019\/wp-json\/wp\/v2\/posts\/1582\/revisions"}],"predecessor-version":[{"id":1584,"href":"https:\/\/bomberos.puyo.gob.ec\/2019\/wp-json\/wp\/v2\/posts\/1582\/revisions\/1584"}],"wp:featuredmedia":[{"embeddable":true,"href":"https:\/\/bomberos.puyo.gob.ec\/2019\/wp-json\/wp\/v2\/media\/1583"}],"wp:attachment":[{"href":"https:\/\/bomberos.puyo.gob.ec\/2019\/wp-json\/wp\/v2\/media?parent=1582"}],"wp:term":[{"taxonomy":"category","embeddable":true,"href":"https:\/\/bomberos.puyo.gob.ec\/2019\/wp-json\/wp\/v2\/categories?post=1582"},{"taxonomy":"post_tag","embeddable":true,"href":"https:\/\/bomberos.puyo.gob.ec\/2019\/wp-json\/wp\/v2\/tags?post=1582"}],"curies":[{"name":"wp","href":"https:\/\/api.w.org\/{rel}","templated":true}]}}