{"id":1579,"date":"2020-02-15T15:19:42","date_gmt":"2020-02-15T20:19:42","guid":{"rendered":"https:\/\/bomberos.puyo.gob.ec\/emergenciamedica-14\/"},"modified":"2020-02-15T15:36:15","modified_gmt":"2020-02-15T20:36:15","slug":"emergenciamedica-14","status":"publish","type":"post","link":"https:\/\/bomberos.puyo.gob.ec\/2019\/emergenciamedica-14\/","title":{"rendered":"#EmergenciaM\u00e9dica&#8230;"},"content":{"rendered":"<p><a class=\"_58cn\" href=\"https:\/\/facebook.com\/hashtag\/emergenciam&#xe9;dica?source=feed_text&#038;epa=HASHTAG&#038;__xts__%5B0%5D=68.ARApmiFGZjA30_I2OmSKxdfBEmoLrsx1BgiupqYgSZ0dWWWZzkHpQQQRRc13KIn_3AVmVK6eFIN4wCNieWLi4JMJpVauU8NDu_5LnOH09lWFAtwldJQiUhhKoPTf7MCRlFZgQFnCVnDWYQEDwuRbnVtUTg31ZiRoFOkmdc2Op8RwsVEgiNuUCRfAuPHBE-4GqOpv0XsPy8jc9FBphNrinpwcq4mMDdYcaL3Q25q6GaMFvgmOW56zwuTD3YEGuGSErcRmQ0DhtoQkT12wiSc6I23wtoChLVIVTGpne90HQxneWU9CnV1EbGcEvCuEYb3KA5WUSTT_X8lTNrGPDMfGAj0buQ&#038;__tn__=%2ANK-R\" data-ft=\"&#123;&quot;type&quot;:104,&quot;tn&quot;:&quot;*N&quot;&#125;\"><span class=\"_5afx\"><span aria-label=\"hashtag\" class=\"_58cl _5afz\">#EmergenciaM\u00e9dica<\/span><\/span><\/a><br \/> <a class=\"_58cn\" href=\"https:\/\/facebook.com\/hashtag\/accidentedetr&#xe1;nsito?source=feed_text&#038;epa=HASHTAG&#038;__xts__%5B0%5D=68.ARApmiFGZjA30_I2OmSKxdfBEmoLrsx1BgiupqYgSZ0dWWWZzkHpQQQRRc13KIn_3AVmVK6eFIN4wCNieWLi4JMJpVauU8NDu_5LnOH09lWFAtwldJQiUhhKoPTf7MCRlFZgQFnCVnDWYQEDwuRbnVtUTg31ZiRoFOkmdc2Op8RwsVEgiNuUCRfAuPHBE-4GqOpv0XsPy8jc9FBphNrinpwcq4mMDdYcaL3Q25q6GaMFvgmOW56zwuTD3YEGuGSErcRmQ0DhtoQkT12wiSc6I23wtoChLVIVTGpne90HQxneWU9CnV1EbGcEvCuEYb3KA5WUSTT_X8lTNrGPDMfGAj0buQ&#038;__tn__=%2ANK-R\" data-ft=\"&#123;&quot;type&quot;:104,&quot;tn&quot;:&quot;*N&quot;&#125;\"><span class=\"_5afx\"><span aria-label=\"hashtag\" class=\"_58cl _5afz\">#AccidenteDeTr\u00e1nsito<\/span><\/span><\/a><\/p>\n<p> La unidad A4 se dirige a una emergencia m\u00e9dica en el Barrio la Merced junto al Cuerpo de Bomberos, donde se atiende a un paciente de sexo masculino de 52 a\u00f1os de edad, el mismo que presenta herida abierta en la cavidad abdominal comprometido tejido subcut\u00e1neo, posterior es trasladado hospital Puyo.<\/p>\n<p><a href=\"https:\/\/bomberos.puyo.gob.ec\/2019\/wp-content\/uploads\/EmergenciaMedica.fna&#038;oh=d5f2e2c16dfbaf7ec5bda0f504a8d543&#038;oe=5EBF2A0B.jpeg\"><img decoding=\"async\" class=\"wp_automatic_fb_img\" title=\"\" src=\"https:\/\/bomberos.puyo.gob.ec\/2019\/wp-content\/uploads\/EmergenciaMedica.fna&#038;oh=d5f2e2c16dfbaf7ec5bda0f504a8d543&#038;oe=5EBF2A0B.jpeg\" \/><\/a><br \/><a href=\"https:\/\/bomberos.puyo.gob.ec\/2019\/wp-content\/uploads\/EmergenciaMedica.fna&#038;oh=675e9bf910f76188ffa7db421530cde3&#038;oe=5ECA0908.jpeg\"><img decoding=\"async\" class=\"wp_automatic_fb_img\" title=\"\" src=\"https:\/\/bomberos.puyo.gob.ec\/2019\/wp-content\/uploads\/EmergenciaMedica.fna&#038;oh=675e9bf910f76188ffa7db421530cde3&#038;oe=5ECA0908.jpeg\" \/><\/a><br \/><a href=\"https:\/\/bomberos.puyo.gob.ec\/2019\/wp-content\/uploads\/EmergenciaMedica.fna&#038;oh=39ff4aa0ed32d997857167a19ab9b610&#038;oe=5EC2F7D1.jpeg\"><img decoding=\"async\" class=\"wp_automatic_fb_img\" title=\"\" src=\"https:\/\/bomberos.puyo.gob.ec\/2019\/wp-content\/uploads\/EmergenciaMedica.fna&#038;oh=39ff4aa0ed32d997857167a19ab9b610&#038;oe=5EC2F7D1.jpeg\" \/><\/a><br \/>\n<br \/><a href=\"https:\/\/www.facebook.com\/465093860312824\/posts\/1529094867246046\">en facebook&#8230; <\/a>  <\/p>\n","protected":false},"excerpt":{"rendered":"<p><a class=\"_58cn\" href=\"https:\/\/facebook.com\/hashtag\/emergenciam&#xe9;dica?source=feed_text&#038;epa=HASHTAG&#038;__xts__%5B0%5D=68.ARApmiFGZjA30_I2OmSKxdfBEmoLrsx1BgiupqYgSZ0dWWWZzkHpQQQRRc13KIn_3AVmVK6eFIN4wCNieWLi4JMJpVauU8NDu_5LnOH09lWFAtwldJQiUhhKoPTf7MCRlFZgQFnCVnDWYQEDwuRbnVtUTg31ZiRoFOkmdc2Op8RwsVEgiNuUCRfAuPHBE-4GqOpv0XsPy8jc9FBphNrinpwcq4mMDdYcaL3Q25q6GaMFvgmOW56zwuTD3YEGuGSErcRmQ0DhtoQkT12wiSc6I23wtoChLVIVTGpne90HQxneWU9CnV1EbGcEvCuEYb3KA5WUSTT_X8lTNrGPDMfGAj0buQ&#038;__tn__=%2ANK-R\" data-ft=\"&#123;&quot;type&quot;:104,&quot;tn&quot;:&quot;*N&quot;&#125;\"><span class=\"_5afx\"><span aria-label=\"hashtag\" class=\"_58cl _5afz\">#EmergenciaM\u00e9dica<\/span><\/span><\/a><br \/> <a class=\"_58cn\" href=\"https:\/\/facebook.com\/hashtag\/accidentedetr&#xe1;nsito?source=feed_text&#038;epa=HASHTAG&#038;__xts__%5B0%5D=68.ARApmiFGZjA30_I2OmSKxdfBEmoLrsx1BgiupqYgSZ0dWWWZzkHpQQQRRc13KIn_3AVmVK6eFIN4wCNieWLi4JMJpVauU8NDu_5LnOH09lWFAtwldJQiUhhKoPTf7MCRlFZgQFnCVnDWYQEDwuRbnVtUTg31ZiRoFOkmdc2Op8RwsVEgiNuUCRfAuPHBE-4GqOpv0XsPy8jc9FBphNrinpwcq4mMDdYcaL3Q25q6GaMFvgmOW56zwuTD3YEGuGSErcRmQ0DhtoQkT12wiSc6I23wtoChLVIVTGpne90HQxneWU9CnV1EbGcEvCuEYb3KA5WUSTT_X8lTNrGPDMfGAj0buQ&#038;__tn__=%2ANK-R\" data-ft=\"&#123;&quot;type&quot;:104,&quot;tn&quot;:&quot;*N&quot;&#125;\"><span class=\"_5afx\"><span aria-label=\"hashtag\" class=\"_58cl _5afz\">#AccidenteDeTr\u00e1nsito<\/span><\/span><\/a><\/p>\n<p> La unidad A4 se dirige a una emergencia m\u00e9dica en el Barrio la Merced junto al Cuerpo de Bomberos, donde se atiende a un paciente de sexo masculino de 52 a\u00f1os de edad, el mismo que presenta herida abierta en la cavidad abdominal comprometido tejido subcut\u00e1neo, posterior es trasladado hospital Puyo.<\/p>\n<p><a href=\"https:\/\/scontent.fuio15-1.fna.fbcdn.net\/v\/t1.0-9\/86714942_1529094790579387_4925219189381136384_n.jpg?_nc_cat=106&#038;_nc_ohc=A1iq5_FSqAEAX99x-um&#038;_nc_ht=scontent.fuio15-1.fna&#038;oh=d5f2e2c16dfbaf7ec5bda0f504a8d543&#038;oe=5EBF2A0B\"><img decoding=\"async\" class=\"wp_automatic_fb_img\" title=\"\" src=\"https:\/\/scontent.fuio15-1.fna.fbcdn.net\/v\/t1.0-9\/86714942_1529094790579387_4925219189381136384_n.jpg?_nc_cat=106&#038;_nc_ohc=A1iq5_FSqAEAX99x-um&#038;_nc_ht=scontent.fuio15-1.fna&#038;oh=d5f2e2c16dfbaf7ec5bda0f504a8d543&#038;oe=5EBF2A0B\" \/><\/a><br \/><a href=\"https:\/\/scontent.fuio15-1.fna.fbcdn.net\/v\/t1.0-9\/83989762_1529094817246051_1516101379356098560_n.jpg?_nc_cat=111&#038;_nc_ohc=XhJFLpjnwYkAX_TOXZo&#038;_nc_ht=scontent.fuio15-1.fna&#038;oh=675e9bf910f76188ffa7db421530cde3&#038;oe=5ECA0908\"><img decoding=\"async\" class=\"wp_automatic_fb_img\" title=\"\" src=\"https:\/\/scontent.fuio15-1.fna.fbcdn.net\/v\/t1.0-9\/83989762_1529094817246051_1516101379356098560_n.jpg?_nc_cat=111&#038;_nc_ohc=XhJFLpjnwYkAX_TOXZo&#038;_nc_ht=scontent.fuio15-1.fna&#038;oh=675e9bf910f76188ffa7db421530cde3&#038;oe=5ECA0908\" \/><\/a><br \/><a href=\"https:\/\/scontent.fuio15-1.fna.fbcdn.net\/v\/t1.0-9\/85118895_1529094847246048_5861038395051999232_n.jpg?_nc_cat=102&#038;_nc_ohc=iI0XFW18VqcAX-0jOW-&#038;_nc_ht=scontent.fuio15-1.fna&#038;oh=39ff4aa0ed32d997857167a19ab9b610&#038;oe=5EC2F7D1\"><img decoding=\"async\" class=\"wp_automatic_fb_img\" title=\"\" src=\"https:\/\/scontent.fuio15-1.fna.fbcdn.net\/v\/t1.0-9\/85118895_1529094847246048_5861038395051999232_n.jpg?_nc_cat=102&#038;_nc_ohc=iI0XFW18VqcAX-0jOW-&#038;_nc_ht=scontent.fuio15-1.fna&#038;oh=39ff4aa0ed32d997857167a19ab9b610&#038;oe=5EC2F7D1\" \/><\/a><\/p>\n","protected":false},"author":1,"featured_media":1580,"comment_status":"open","ping_status":"open","sticky":false,"template":"","format":"standard","meta":[],"categories":[1],"tags":[62,29],"_links":{"self":[{"href":"https:\/\/bomberos.puyo.gob.ec\/2019\/wp-json\/wp\/v2\/posts\/1579"}],"collection":[{"href":"https:\/\/bomberos.puyo.gob.ec\/2019\/wp-json\/wp\/v2\/posts"}],"about":[{"href":"https:\/\/bomberos.puyo.gob.ec\/2019\/wp-json\/wp\/v2\/types\/post"}],"author":[{"embeddable":true,"href":"https:\/\/bomberos.puyo.gob.ec\/2019\/wp-json\/wp\/v2\/users\/1"}],"replies":[{"embeddable":true,"href":"https:\/\/bomberos.puyo.gob.ec\/2019\/wp-json\/wp\/v2\/comments?post=1579"}],"version-history":[{"count":1,"href":"https:\/\/bomberos.puyo.gob.ec\/2019\/wp-json\/wp\/v2\/posts\/1579\/revisions"}],"predecessor-version":[{"id":1581,"href":"https:\/\/bomberos.puyo.gob.ec\/2019\/wp-json\/wp\/v2\/posts\/1579\/revisions\/1581"}],"wp:featuredmedia":[{"embeddable":true,"href":"https:\/\/bomberos.puyo.gob.ec\/2019\/wp-json\/wp\/v2\/media\/1580"}],"wp:attachment":[{"href":"https:\/\/bomberos.puyo.gob.ec\/2019\/wp-json\/wp\/v2\/media?parent=1579"}],"wp:term":[{"taxonomy":"category","embeddable":true,"href":"https:\/\/bomberos.puyo.gob.ec\/2019\/wp-json\/wp\/v2\/categories?post=1579"},{"taxonomy":"post_tag","embeddable":true,"href":"https:\/\/bomberos.puyo.gob.ec\/2019\/wp-json\/wp\/v2\/tags?post=1579"}],"curies":[{"name":"wp","href":"https:\/\/api.w.org\/{rel}","templated":true}]}}