{"id":1558,"date":"2020-02-13T13:00:00","date_gmt":"2020-02-13T18:00:00","guid":{"rendered":"https:\/\/bomberos.puyo.gob.ec\/por-llamado-del-ecu911-la-unidad-a4-del-cuerpo-de-bomberos-pastaza-se-dirige-a-2\/"},"modified":"2020-02-13T14:03:51","modified_gmt":"2020-02-13T19:03:51","slug":"por-llamado-del-ecu911-la-unidad-a4-del-cuerpo-de-bomberos-pastaza-se-dirige-a-2","status":"publish","type":"post","link":"https:\/\/bomberos.puyo.gob.ec\/2019\/por-llamado-del-ecu911-la-unidad-a4-del-cuerpo-de-bomberos-pastaza-se-dirige-a-2\/","title":{"rendered":"Por llamado del #ECU911 la unidad A4 del Cuerpo de Bomberos Pastaza, se dirige a&#8230;"},"content":{"rendered":"<p>Por llamado del <a class=\"_58cn\" href=\"https:\/\/facebook.com\/hashtag\/ecu911?source=feed_text&#038;epa=HASHTAG&#038;__xts__%5B0%5D=68.ARANYswG4N3rP7ZjRQ7NMeF8ApyVfF1ruGFxONPNQDnZscYDrdJbK5V7w5Ly3HcPSkkihQN_T1n4uQg-JB1dBiC8SNzpqCF3GtAqCTRInBZsn1EvKVLDZ1PB1JzM-Azd7SGnzkGTGNdmcZgTK4eT4xIjKjEVlyEXMahexPodSyxh7dKPzJUJrq5QRMEhFjxaYGsCiYBd4s7uBGDZkh-yuCNEgPKQkWbLAz5DDeE1C1d-urjMSdBW0bQeQz0ocFzS7rco-MLJeouvuA1p3LwZAQTaQNwLS5Gx2r7xgSwElLr4DTqzbfkjeuvtkrbeJqqGjBAnZ76n8y6xBOgol2j6MNxkuw&#038;__tn__=%2ANK-R\" data-ft=\"&#123;&quot;type&quot;:104,&quot;tn&quot;:&quot;*N&quot;&#125;\"><span class=\"_5afx\"><span aria-label=\"hashtag\" class=\"_58cl _5afz\">#ECU911<\/span><\/span><\/a> la unidad A4 del Cuerpo de Bomberos Pastaza, se dirige al cant\u00f3n Santa Clara, a un accidente de tr\u00e1nsito donde se atiende a un paciente de sexo masculino de 49 a\u00f1os, en la atenci\u00f3n se visualiza la exposici\u00f3n de ligaduras, deformidad en el muslo izquierdo tercio medio con una posible <a class=\"_58cn\" href=\"https:\/\/facebook.com\/hashtag\/fractura?source=feed_text&#038;epa=HASHTAG&#038;__xts__%5B0%5D=68.ARANYswG4N3rP7ZjRQ7NMeF8ApyVfF1ruGFxONPNQDnZscYDrdJbK5V7w5Ly3HcPSkkihQN_T1n4uQg-JB1dBiC8SNzpqCF3GtAqCTRInBZsn1EvKVLDZ1PB1JzM-Azd7SGnzkGTGNdmcZgTK4eT4xIjKjEVlyEXMahexPodSyxh7dKPzJUJrq5QRMEhFjxaYGsCiYBd4s7uBGDZkh-yuCNEgPKQkWbLAz5DDeE1C1d-urjMSdBW0bQeQz0ocFzS7rco-MLJeouvuA1p3LwZAQTaQNwLS5Gx2r7xgSwElLr4DTqzbfkjeuvtkrbeJqqGjBAnZ76n8y6xBOgol2j6MNxkuw&#038;__tn__=%2ANK-R\" data-ft=\"&#123;&quot;type&quot;:104,&quot;tn&quot;:&quot;*N&quot;&#125;\"><span class=\"_5afx\"><span aria-label=\"hashtag\" class=\"_58cl _5afz\">#fractura<\/span><\/span><\/a> de f\u00e9mur, y laceraciones a nivel de pierna tercio medio cara anterior, de manera inmediata es trasladado al Hospital del IESS.<\/p>\n<p><a href=\"https:\/\/bomberos.puyo.gob.ec\/2019\/wp-content\/uploads\/Por-llamado-del-ECU911-la-unidad-A4-del-Cuerpo-de.fna&#038;oh=822574ca7f0f6b815ce80047bb8c2875&#038;oe=5ECA6D42.jpeg\"><img decoding=\"async\" class=\"wp_automatic_fb_img\" title=\"\" src=\"https:\/\/bomberos.puyo.gob.ec\/2019\/wp-content\/uploads\/Por-llamado-del-ECU911-la-unidad-A4-del-Cuerpo-de.fna&#038;oh=822574ca7f0f6b815ce80047bb8c2875&#038;oe=5ECA6D42.jpeg\" \/><\/a><br \/><a href=\"https:\/\/bomberos.puyo.gob.ec\/2019\/wp-content\/uploads\/Por-llamado-del-ECU911-la-unidad-A4-del-Cuerpo-de.fna&#038;oh=e617f941d2694db2dd6668cf0a45b37b&#038;oe=5EB563E0.jpeg\"><img decoding=\"async\" class=\"wp_automatic_fb_img\" title=\"\" src=\"https:\/\/bomberos.puyo.gob.ec\/2019\/wp-content\/uploads\/Por-llamado-del-ECU911-la-unidad-A4-del-Cuerpo-de.fna&#038;oh=e617f941d2694db2dd6668cf0a45b37b&#038;oe=5EB563E0.jpeg\" \/><\/a><br \/>\n<br \/><a href=\"https:\/\/www.facebook.com\/465093860312824\/posts\/1527026680786198\">en facebook&#8230; <\/a>  <\/p>\n","protected":false},"excerpt":{"rendered":"<p>Por llamado del <a class=\"_58cn\" href=\"https:\/\/facebook.com\/hashtag\/ecu911?source=feed_text&#038;epa=HASHTAG&#038;__xts__%5B0%5D=68.ARANYswG4N3rP7ZjRQ7NMeF8ApyVfF1ruGFxONPNQDnZscYDrdJbK5V7w5Ly3HcPSkkihQN_T1n4uQg-JB1dBiC8SNzpqCF3GtAqCTRInBZsn1EvKVLDZ1PB1JzM-Azd7SGnzkGTGNdmcZgTK4eT4xIjKjEVlyEXMahexPodSyxh7dKPzJUJrq5QRMEhFjxaYGsCiYBd4s7uBGDZkh-yuCNEgPKQkWbLAz5DDeE1C1d-urjMSdBW0bQeQz0ocFzS7rco-MLJeouvuA1p3LwZAQTaQNwLS5Gx2r7xgSwElLr4DTqzbfkjeuvtkrbeJqqGjBAnZ76n8y6xBOgol2j6MNxkuw&#038;__tn__=%2ANK-R\" data-ft=\"&#123;&quot;type&quot;:104,&quot;tn&quot;:&quot;*N&quot;&#125;\"><span class=\"_5afx\"><span aria-label=\"hashtag\" class=\"_58cl _5afz\">#ECU911<\/span><\/span><\/a> la unidad A4 del Cuerpo de Bomberos Pastaza, se dirige al cant\u00f3n Santa Clara, a un accidente de tr\u00e1nsito donde se atiende a un paciente de sexo masculino de 49 a\u00f1os, en la atenci\u00f3n se visualiza la exposici\u00f3n de ligaduras, deformidad en el muslo izquierdo tercio medio con una posible <a class=\"_58cn\" href=\"https:\/\/facebook.com\/hashtag\/fractura?source=feed_text&#038;epa=HASHTAG&#038;__xts__%5B0%5D=68.ARANYswG4N3rP7ZjRQ7NMeF8ApyVfF1ruGFxONPNQDnZscYDrdJbK5V7w5Ly3HcPSkkihQN_T1n4uQg-JB1dBiC8SNzpqCF3GtAqCTRInBZsn1EvKVLDZ1PB1JzM-Azd7SGnzkGTGNdmcZgTK4eT4xIjKjEVlyEXMahexPodSyxh7dKPzJUJrq5QRMEhFjxaYGsCiYBd4s7uBGDZkh-yuCNEgPKQkWbLAz5DDeE1C1d-urjMSdBW0bQeQz0ocFzS7rco-MLJeouvuA1p3LwZAQTaQNwLS5Gx2r7xgSwElLr4DTqzbfkjeuvtkrbeJqqGjBAnZ76n8y6xBOgol2j6MNxkuw&#038;__tn__=%2ANK-R\" data-ft=\"&#123;&quot;type&quot;:104,&quot;tn&quot;:&quot;*N&quot;&#125;\"><span class=\"_5afx\"><span aria-label=\"hashtag\" class=\"_58cl _5afz\">#fractura<\/span><\/span><\/a> de f\u00e9mur, y laceraciones a nivel de pierna tercio medio cara anterior, de manera inmediata es trasladado al Hospital del IESS.<\/p>\n<p><a href=\"https:\/\/scontent.fuio15-1.fna.fbcdn.net\/v\/t1.0-9\/85097308_1527026537452879_2306432025323634688_o.jpg?_nc_cat=103&#038;_nc_ohc=NitTrt3gWIMAX__4vzR&#038;_nc_ht=scontent.fuio15-1.fna&#038;oh=822574ca7f0f6b815ce80047bb8c2875&#038;oe=5ECA6D42\"><img decoding=\"async\" class=\"wp_automatic_fb_img\" title=\"\" src=\"https:\/\/scontent.fuio15-1.fna.fbcdn.net\/v\/t1.0-9\/85097308_1527026537452879_2306432025323634688_o.jpg?_nc_cat=103&#038;_nc_ohc=NitTrt3gWIMAX__4vzR&#038;_nc_ht=scontent.fuio15-1.fna&#038;oh=822574ca7f0f6b815ce80047bb8c2875&#038;oe=5ECA6D42\" \/><\/a><br \/><a href=\"https:\/\/scontent.fuio15-1.fna.fbcdn.net\/v\/t1.0-9\/84484283_1527026530786213_6728284891609300992_o.jpg?_nc_cat=106&#038;_nc_ohc=T-iou__uEiIAX_ih2CH&#038;_nc_ht=scontent.fuio15-1.fna&#038;oh=e617f941d2694db2dd6668cf0a45b37b&#038;oe=5EB563E0\"><img decoding=\"async\" class=\"wp_automatic_fb_img\" title=\"\" src=\"https:\/\/scontent.fuio15-1.fna.fbcdn.net\/v\/t1.0-9\/84484283_1527026530786213_6728284891609300992_o.jpg?_nc_cat=106&#038;_nc_ohc=T-iou__uEiIAX_ih2CH&#038;_nc_ht=scontent.fuio15-1.fna&#038;oh=e617f941d2694db2dd6668cf0a45b37b&#038;oe=5EB563E0\" \/><\/a><\/p>\n","protected":false},"author":1,"featured_media":1559,"comment_status":"open","ping_status":"open","sticky":false,"template":"","format":"standard","meta":[],"categories":[1],"tags":[73,64,32,86,69,599,31,74,30,41],"_links":{"self":[{"href":"https:\/\/bomberos.puyo.gob.ec\/2019\/wp-json\/wp\/v2\/posts\/1558"}],"collection":[{"href":"https:\/\/bomberos.puyo.gob.ec\/2019\/wp-json\/wp\/v2\/posts"}],"about":[{"href":"https:\/\/bomberos.puyo.gob.ec\/2019\/wp-json\/wp\/v2\/types\/post"}],"author":[{"embeddable":true,"href":"https:\/\/bomberos.puyo.gob.ec\/2019\/wp-json\/wp\/v2\/users\/1"}],"replies":[{"embeddable":true,"href":"https:\/\/bomberos.puyo.gob.ec\/2019\/wp-json\/wp\/v2\/comments?post=1558"}],"version-history":[{"count":1,"href":"https:\/\/bomberos.puyo.gob.ec\/2019\/wp-json\/wp\/v2\/posts\/1558\/revisions"}],"predecessor-version":[{"id":1560,"href":"https:\/\/bomberos.puyo.gob.ec\/2019\/wp-json\/wp\/v2\/posts\/1558\/revisions\/1560"}],"wp:featuredmedia":[{"embeddable":true,"href":"https:\/\/bomberos.puyo.gob.ec\/2019\/wp-json\/wp\/v2\/media\/1559"}],"wp:attachment":[{"href":"https:\/\/bomberos.puyo.gob.ec\/2019\/wp-json\/wp\/v2\/media?parent=1558"}],"wp:term":[{"taxonomy":"category","embeddable":true,"href":"https:\/\/bomberos.puyo.gob.ec\/2019\/wp-json\/wp\/v2\/categories?post=1558"},{"taxonomy":"post_tag","embeddable":true,"href":"https:\/\/bomberos.puyo.gob.ec\/2019\/wp-json\/wp\/v2\/tags?post=1558"}],"curies":[{"name":"wp","href":"https:\/\/api.w.org\/{rel}","templated":true}]}}