{"id":1552,"date":"2020-02-12T20:00:02","date_gmt":"2020-02-13T01:00:02","guid":{"rendered":"https:\/\/bomberos.puyo.gob.ec\/por-llamado-del-ecu911-la-unidad-a4-se-dirige-a-una-emergenciamedica-al-barri\/"},"modified":"2020-02-12T20:08:44","modified_gmt":"2020-02-13T01:08:44","slug":"por-llamado-del-ecu911-la-unidad-a4-se-dirige-a-una-emergenciamedica-al-barri","status":"publish","type":"post","link":"https:\/\/bomberos.puyo.gob.ec\/2019\/por-llamado-del-ecu911-la-unidad-a4-se-dirige-a-una-emergenciamedica-al-barri\/","title":{"rendered":"Por llamado del #ECU911, la unidad A4 se dirige a una #EmergenciaM\u00e9dica al barri&#8230;"},"content":{"rendered":"<p>Por llamado del <a class=\"_58cn\" href=\"https:\/\/facebook.com\/hashtag\/ecu911?source=feed_text&#038;epa=HASHTAG&#038;__xts__%5B0%5D=68.ARBSt5ZbxtPgdZggHgxMzwulxSKYRFlF7_sBCxJcdmnP7CG-kw3eJGQUQnua6lZqQgfupr_YbwA9XCmjqTxCsGXl3fCdDCo3CVLI-Vwtca2PxembJzz-QgRCqYXQdr0OrRXq5RoQZOHRJS9ADFenEkyxxQKsjYKmzhXGp3J9d28_TCsCCQyae0jGDgi0mmzBt9ocgWUNYZTYRxv7xJcvh5kuHn3sQ6XgG5H3F9rtmpJwQlonRUuoWxsiF9PHhYPNOtyt9vHWLLjOtvoYSs8U1PqdR9FZ8zIezQ5muxHEeqna4gT23bPcIOhQgkpQeDkzp5H-onlO5RFNB84Dg9FqJwZ49w&#038;__tn__=%2ANK-R\" data-ft=\"&#123;&quot;type&quot;:104,&quot;tn&quot;:&quot;*N&quot;&#125;\"><span class=\"_5afx\"><span aria-label=\"hashtag\" class=\"_58cl _5afz\">#ECU911<\/span><\/span><\/a>, la unidad A4 se dirige a una <a class=\"_58cn\" href=\"https:\/\/facebook.com\/hashtag\/emergenciam&#xe9;dica?source=feed_text&#038;epa=HASHTAG&#038;__xts__%5B0%5D=68.ARBSt5ZbxtPgdZggHgxMzwulxSKYRFlF7_sBCxJcdmnP7CG-kw3eJGQUQnua6lZqQgfupr_YbwA9XCmjqTxCsGXl3fCdDCo3CVLI-Vwtca2PxembJzz-QgRCqYXQdr0OrRXq5RoQZOHRJS9ADFenEkyxxQKsjYKmzhXGp3J9d28_TCsCCQyae0jGDgi0mmzBt9ocgWUNYZTYRxv7xJcvh5kuHn3sQ6XgG5H3F9rtmpJwQlonRUuoWxsiF9PHhYPNOtyt9vHWLLjOtvoYSs8U1PqdR9FZ8zIezQ5muxHEeqna4gT23bPcIOhQgkpQeDkzp5H-onlO5RFNB84Dg9FqJwZ49w&#038;__tn__=%2ANK-R\" data-ft=\"&#123;&quot;type&quot;:104,&quot;tn&quot;:&quot;*N&quot;&#125;\"><span class=\"_5afx\"><span aria-label=\"hashtag\" class=\"_58cl _5afz\">#EmergenciaM\u00e9dica<\/span><\/span><\/a> al barrio el Dorado, al llegar al lugar se atiende a una persona de la tercera edad la misma que presenta presi\u00f3n alta adem\u00e1s sufre de diabetes, la se\u00f1ora es atendida en el lugar, los familiares reh\u00fasan el traslado al hospital qued\u00e1ndose a cargo de la paciente sus familiares. La unidad retorna a X1<\/p>\n<p><a href=\"https:\/\/bomberos.puyo.gob.ec\/2019\/wp-content\/uploads\/Por-llamado-del-ECU911-la-unidad-A4-se-dirige-a.fna&#038;oh=17eb499386b9fbeb3f7384943c901c81&#038;oe=5ECA7A25.jpeg\"><img decoding=\"async\" class=\"wp_automatic_fb_img\" title=\"\" src=\"https:\/\/bomberos.puyo.gob.ec\/2019\/wp-content\/uploads\/Por-llamado-del-ECU911-la-unidad-A4-se-dirige-a.fna&#038;oh=17eb499386b9fbeb3f7384943c901c81&#038;oe=5ECA7A25.jpeg\" \/><\/a><br \/><a href=\"https:\/\/bomberos.puyo.gob.ec\/2019\/wp-content\/uploads\/Por-llamado-del-ECU911-la-unidad-A4-se-dirige-a.fna&#038;oh=c54a53ce6a08746cf6226ebdfcf6bf30&#038;oe=5EBC959C.jpeg\"><img decoding=\"async\" class=\"wp_automatic_fb_img\" title=\"\" src=\"https:\/\/bomberos.puyo.gob.ec\/2019\/wp-content\/uploads\/Por-llamado-del-ECU911-la-unidad-A4-se-dirige-a.fna&#038;oh=c54a53ce6a08746cf6226ebdfcf6bf30&#038;oe=5EBC959C.jpeg\" \/><\/a><br \/>\n<br \/><a href=\"https:\/\/www.facebook.com\/465093860312824\/posts\/1526054640883402\">en facebook&#8230; <\/a>  <\/p>\n","protected":false},"excerpt":{"rendered":"<p>Por llamado del <a class=\"_58cn\" href=\"https:\/\/facebook.com\/hashtag\/ecu911?source=feed_text&#038;epa=HASHTAG&#038;__xts__%5B0%5D=68.ARBSt5ZbxtPgdZggHgxMzwulxSKYRFlF7_sBCxJcdmnP7CG-kw3eJGQUQnua6lZqQgfupr_YbwA9XCmjqTxCsGXl3fCdDCo3CVLI-Vwtca2PxembJzz-QgRCqYXQdr0OrRXq5RoQZOHRJS9ADFenEkyxxQKsjYKmzhXGp3J9d28_TCsCCQyae0jGDgi0mmzBt9ocgWUNYZTYRxv7xJcvh5kuHn3sQ6XgG5H3F9rtmpJwQlonRUuoWxsiF9PHhYPNOtyt9vHWLLjOtvoYSs8U1PqdR9FZ8zIezQ5muxHEeqna4gT23bPcIOhQgkpQeDkzp5H-onlO5RFNB84Dg9FqJwZ49w&#038;__tn__=%2ANK-R\" data-ft=\"&#123;&quot;type&quot;:104,&quot;tn&quot;:&quot;*N&quot;&#125;\"><span class=\"_5afx\"><span aria-label=\"hashtag\" class=\"_58cl _5afz\">#ECU911<\/span><\/span><\/a>, la unidad A4 se dirige a una <a class=\"_58cn\" href=\"https:\/\/facebook.com\/hashtag\/emergenciam&#xe9;dica?source=feed_text&#038;epa=HASHTAG&#038;__xts__%5B0%5D=68.ARBSt5ZbxtPgdZggHgxMzwulxSKYRFlF7_sBCxJcdmnP7CG-kw3eJGQUQnua6lZqQgfupr_YbwA9XCmjqTxCsGXl3fCdDCo3CVLI-Vwtca2PxembJzz-QgRCqYXQdr0OrRXq5RoQZOHRJS9ADFenEkyxxQKsjYKmzhXGp3J9d28_TCsCCQyae0jGDgi0mmzBt9ocgWUNYZTYRxv7xJcvh5kuHn3sQ6XgG5H3F9rtmpJwQlonRUuoWxsiF9PHhYPNOtyt9vHWLLjOtvoYSs8U1PqdR9FZ8zIezQ5muxHEeqna4gT23bPcIOhQgkpQeDkzp5H-onlO5RFNB84Dg9FqJwZ49w&#038;__tn__=%2ANK-R\" data-ft=\"&#123;&quot;type&quot;:104,&quot;tn&quot;:&quot;*N&quot;&#125;\"><span class=\"_5afx\"><span aria-label=\"hashtag\" class=\"_58cl _5afz\">#EmergenciaM\u00e9dica<\/span><\/span><\/a> al barrio el Dorado, al llegar al lugar se atiende a una persona de la tercera edad la misma que presenta presi\u00f3n alta adem\u00e1s sufre de diabetes, la se\u00f1ora es atendida en el lugar, los familiares reh\u00fasan el traslado al hospital qued\u00e1ndose a cargo de la paciente sus familiares. La unidad retorna a X1<\/p>\n<p><a href=\"https:\/\/scontent.fuio15-1.fna.fbcdn.net\/v\/t1.0-9\/84843081_1526054380883428_917846425394479104_o.jpg?_nc_cat=100&#038;_nc_ohc=eFdQhUBL7WUAX8Cuq0V&#038;_nc_ht=scontent.fuio15-1.fna&#038;oh=17eb499386b9fbeb3f7384943c901c81&#038;oe=5ECA7A25\"><img decoding=\"async\" class=\"wp_automatic_fb_img\" title=\"\" src=\"https:\/\/scontent.fuio15-1.fna.fbcdn.net\/v\/t1.0-9\/84843081_1526054380883428_917846425394479104_o.jpg?_nc_cat=100&#038;_nc_ohc=eFdQhUBL7WUAX8Cuq0V&#038;_nc_ht=scontent.fuio15-1.fna&#038;oh=17eb499386b9fbeb3f7384943c901c81&#038;oe=5ECA7A25\" \/><\/a><br \/><a href=\"https:\/\/scontent.fuio15-1.fna.fbcdn.net\/v\/t1.0-9\/84615836_1526054370883429_7596973109903622144_n.jpg?_nc_cat=103&#038;_nc_ohc=6YDBBbGXw2UAX_W6eWH&#038;_nc_ht=scontent.fuio15-1.fna&#038;oh=c54a53ce6a08746cf6226ebdfcf6bf30&#038;oe=5EBC959C\"><img decoding=\"async\" class=\"wp_automatic_fb_img\" title=\"\" src=\"https:\/\/scontent.fuio15-1.fna.fbcdn.net\/v\/t1.0-9\/84615836_1526054370883429_7596973109903622144_n.jpg?_nc_cat=103&#038;_nc_ohc=6YDBBbGXw2UAX_W6eWH&#038;_nc_ht=scontent.fuio15-1.fna&#038;oh=c54a53ce6a08746cf6226ebdfcf6bf30&#038;oe=5EBC959C\" \/><\/a><\/p>\n","protected":false},"author":1,"featured_media":1553,"comment_status":"open","ping_status":"open","sticky":false,"template":"","format":"standard","meta":[],"categories":[1],"tags":[277,32,86,69,29,31,30,119,41],"_links":{"self":[{"href":"https:\/\/bomberos.puyo.gob.ec\/2019\/wp-json\/wp\/v2\/posts\/1552"}],"collection":[{"href":"https:\/\/bomberos.puyo.gob.ec\/2019\/wp-json\/wp\/v2\/posts"}],"about":[{"href":"https:\/\/bomberos.puyo.gob.ec\/2019\/wp-json\/wp\/v2\/types\/post"}],"author":[{"embeddable":true,"href":"https:\/\/bomberos.puyo.gob.ec\/2019\/wp-json\/wp\/v2\/users\/1"}],"replies":[{"embeddable":true,"href":"https:\/\/bomberos.puyo.gob.ec\/2019\/wp-json\/wp\/v2\/comments?post=1552"}],"version-history":[{"count":1,"href":"https:\/\/bomberos.puyo.gob.ec\/2019\/wp-json\/wp\/v2\/posts\/1552\/revisions"}],"predecessor-version":[{"id":1554,"href":"https:\/\/bomberos.puyo.gob.ec\/2019\/wp-json\/wp\/v2\/posts\/1552\/revisions\/1554"}],"wp:featuredmedia":[{"embeddable":true,"href":"https:\/\/bomberos.puyo.gob.ec\/2019\/wp-json\/wp\/v2\/media\/1553"}],"wp:attachment":[{"href":"https:\/\/bomberos.puyo.gob.ec\/2019\/wp-json\/wp\/v2\/media?parent=1552"}],"wp:term":[{"taxonomy":"category","embeddable":true,"href":"https:\/\/bomberos.puyo.gob.ec\/2019\/wp-json\/wp\/v2\/categories?post=1552"},{"taxonomy":"post_tag","embeddable":true,"href":"https:\/\/bomberos.puyo.gob.ec\/2019\/wp-json\/wp\/v2\/tags?post=1552"}],"curies":[{"name":"wp","href":"https:\/\/api.w.org\/{rel}","templated":true}]}}