{"id":1549,"date":"2020-02-12T16:00:00","date_gmt":"2020-02-12T21:00:00","guid":{"rendered":"https:\/\/bomberos.puyo.gob.ec\/por-llamado-del-ecu911-la-unidad-a2-se-dirige-a-una-emergenciamedica-en-el-bar\/"},"modified":"2020-02-12T16:59:52","modified_gmt":"2020-02-12T21:59:52","slug":"por-llamado-del-ecu911-la-unidad-a2-se-dirige-a-una-emergenciamedica-en-el-bar","status":"publish","type":"post","link":"https:\/\/bomberos.puyo.gob.ec\/2019\/por-llamado-del-ecu911-la-unidad-a2-se-dirige-a-una-emergenciamedica-en-el-bar\/","title":{"rendered":"Por llamado del #ECU911 la unidad A2 se dirige a una #EmergenciaM\u00e9dica en el bar&#8230;"},"content":{"rendered":"<p><span><\/p>\n<p>Por llamado del <a>#ECU911<\/a> la unidad A2 se dirige a una <a><span>#EmergenciaM\u00e9di<\/span><wbr><\/wbr><span class=\"word_break\"><\/span>ca<\/a> en el barrio V\u00e1sconez Sevilla, en el camino se encuentra al veh\u00edculo que trasladaba a una persona de la tercera edad quien presenta presi\u00f3n alta y adicional sufre de diabetes. <br \/> Se la estabiliza en el mismo veh\u00edculo y es trasladada al Hospital Puyo.<\/p>\n<p><\/span>\n<\/p>\n<p><a href=\"https:\/\/bomberos.puyo.gob.ec\/2019\/wp-content\/uploads\/Por-llamado-del-ECU911-la-unidad-A2-se-dirige-a.fna&#038;oh=aa6e39715781f4a0bf725470698d6c7f&#038;oe=5F021D30.jpeg\"><img decoding=\"async\" class=\"wp_automatic_fb_img\" title=\"\" src=\"https:\/\/bomberos.puyo.gob.ec\/2019\/wp-content\/uploads\/Por-llamado-del-ECU911-la-unidad-A2-se-dirige-a.fna&#038;oh=aa6e39715781f4a0bf725470698d6c7f&#038;oe=5F021D30.jpeg\" \/><\/a><br \/><a href=\"https:\/\/bomberos.puyo.gob.ec\/2019\/wp-content\/uploads\/Por-llamado-del-ECU911-la-unidad-A2-se-dirige-a.fna&#038;oh=68f530be2f7bb7f9717dfe5761c5b35d&#038;oe=5EBC65B1.jpeg\"><img decoding=\"async\" class=\"wp_automatic_fb_img\" title=\"\" src=\"https:\/\/bomberos.puyo.gob.ec\/2019\/wp-content\/uploads\/Por-llamado-del-ECU911-la-unidad-A2-se-dirige-a.fna&#038;oh=68f530be2f7bb7f9717dfe5761c5b35d&#038;oe=5EBC65B1.jpeg\" \/><\/a><br \/><a href=\"https:\/\/bomberos.puyo.gob.ec\/2019\/wp-content\/uploads\/Por-llamado-del-ECU911-la-unidad-A2-se-dirige-a.fna&#038;oh=b56ac91782c347d48d1473248e425bcb&#038;oe=5ED2690E.jpeg\"><img decoding=\"async\" class=\"wp_automatic_fb_img\" title=\"\" src=\"https:\/\/bomberos.puyo.gob.ec\/2019\/wp-content\/uploads\/Por-llamado-del-ECU911-la-unidad-A2-se-dirige-a.fna&#038;oh=b56ac91782c347d48d1473248e425bcb&#038;oe=5ED2690E.jpeg\" \/><\/a><br \/>\n<br \/><a href=\"https:\/\/www.facebook.com\/465093860312824\/posts\/1526026144219585\">en facebook&#8230; <\/a>  <\/p>\n","protected":false},"excerpt":{"rendered":"<p><span><\/p>\n<p>Por llamado del <a>#ECU911<\/a> la unidad A2 se dirige a una <a><span>#EmergenciaM\u00e9di<\/span><wbr><\/wbr><span class=\"word_break\"><\/span>ca<\/a> en el barrio V\u00e1sconez Sevilla, en el camino se encuentra al veh\u00edculo que trasladaba a una persona de la tercera edad quien presenta presi\u00f3n alta y adicional sufre de diabetes. <br \/> Se la estabiliza en el mismo veh\u00edculo y es trasladada al Hospital Puyo.<\/p>\n<p><\/span>\n<\/p>\n<p><a href=\"https:\/\/scontent.fuio15-1.fna.fbcdn.net\/v\/t1.0-9\/84312747_1526026027552930_3788617276303867904_o.jpg?_nc_cat=109&#038;_nc_ohc=RoWWBNt45NMAX9Qvwyw&#038;_nc_ht=scontent.fuio15-1.fna&#038;oh=aa6e39715781f4a0bf725470698d6c7f&#038;oe=5F021D30\"><img decoding=\"async\" class=\"wp_automatic_fb_img\" title=\"\" src=\"https:\/\/scontent.fuio15-1.fna.fbcdn.net\/v\/t1.0-9\/84312747_1526026027552930_3788617276303867904_o.jpg?_nc_cat=109&#038;_nc_ohc=RoWWBNt45NMAX9Qvwyw&#038;_nc_ht=scontent.fuio15-1.fna&#038;oh=aa6e39715781f4a0bf725470698d6c7f&#038;oe=5F021D30\" \/><\/a><br \/><a href=\"https:\/\/scontent.fuio15-1.fna.fbcdn.net\/v\/t1.0-9\/84212937_1526026020886264_1260678102304948224_o.jpg?_nc_cat=101&#038;_nc_ohc=mgl8zLtfZrAAX8ymUvL&#038;_nc_ht=scontent.fuio15-1.fna&#038;oh=68f530be2f7bb7f9717dfe5761c5b35d&#038;oe=5EBC65B1\"><img decoding=\"async\" class=\"wp_automatic_fb_img\" title=\"\" src=\"https:\/\/scontent.fuio15-1.fna.fbcdn.net\/v\/t1.0-9\/84212937_1526026020886264_1260678102304948224_o.jpg?_nc_cat=101&#038;_nc_ohc=mgl8zLtfZrAAX8ymUvL&#038;_nc_ht=scontent.fuio15-1.fna&#038;oh=68f530be2f7bb7f9717dfe5761c5b35d&#038;oe=5EBC65B1\" \/><\/a><br \/><a href=\"https:\/\/scontent.fuio15-1.fna.fbcdn.net\/v\/t1.0-9\/85154237_1526026010886265_9062596786601852928_o.jpg?_nc_cat=110&#038;_nc_ohc=YJCGLjeG2fIAX8UJ8WW&#038;_nc_ht=scontent.fuio15-1.fna&#038;oh=b56ac91782c347d48d1473248e425bcb&#038;oe=5ED2690E\"><img decoding=\"async\" class=\"wp_automatic_fb_img\" title=\"\" src=\"https:\/\/scontent.fuio15-1.fna.fbcdn.net\/v\/t1.0-9\/85154237_1526026010886265_9062596786601852928_o.jpg?_nc_cat=110&#038;_nc_ohc=YJCGLjeG2fIAX8UJ8WW&#038;_nc_ht=scontent.fuio15-1.fna&#038;oh=b56ac91782c347d48d1473248e425bcb&#038;oe=5ED2690E\" \/><\/a><\/p>\n","protected":false},"author":1,"featured_media":1550,"comment_status":"open","ping_status":"open","sticky":false,"template":"","format":"standard","meta":[],"categories":[1],"tags":[383,32,86,69,29,31,30,119,41],"_links":{"self":[{"href":"https:\/\/bomberos.puyo.gob.ec\/2019\/wp-json\/wp\/v2\/posts\/1549"}],"collection":[{"href":"https:\/\/bomberos.puyo.gob.ec\/2019\/wp-json\/wp\/v2\/posts"}],"about":[{"href":"https:\/\/bomberos.puyo.gob.ec\/2019\/wp-json\/wp\/v2\/types\/post"}],"author":[{"embeddable":true,"href":"https:\/\/bomberos.puyo.gob.ec\/2019\/wp-json\/wp\/v2\/users\/1"}],"replies":[{"embeddable":true,"href":"https:\/\/bomberos.puyo.gob.ec\/2019\/wp-json\/wp\/v2\/comments?post=1549"}],"version-history":[{"count":1,"href":"https:\/\/bomberos.puyo.gob.ec\/2019\/wp-json\/wp\/v2\/posts\/1549\/revisions"}],"predecessor-version":[{"id":1551,"href":"https:\/\/bomberos.puyo.gob.ec\/2019\/wp-json\/wp\/v2\/posts\/1549\/revisions\/1551"}],"wp:featuredmedia":[{"embeddable":true,"href":"https:\/\/bomberos.puyo.gob.ec\/2019\/wp-json\/wp\/v2\/media\/1550"}],"wp:attachment":[{"href":"https:\/\/bomberos.puyo.gob.ec\/2019\/wp-json\/wp\/v2\/media?parent=1549"}],"wp:term":[{"taxonomy":"category","embeddable":true,"href":"https:\/\/bomberos.puyo.gob.ec\/2019\/wp-json\/wp\/v2\/categories?post=1549"},{"taxonomy":"post_tag","embeddable":true,"href":"https:\/\/bomberos.puyo.gob.ec\/2019\/wp-json\/wp\/v2\/tags?post=1549"}],"curies":[{"name":"wp","href":"https:\/\/api.w.org\/{rel}","templated":true}]}}