{"id":1534,"date":"2020-02-09T12:00:00","date_gmt":"2020-02-09T17:00:00","guid":{"rendered":"https:\/\/bomberos.puyo.gob.ec\/por-llamado-del-ecu911-la-unidad-se-dirige-a-un-accidentedetransito-en-el-sect\/"},"modified":"2020-02-09T13:26:16","modified_gmt":"2020-02-09T18:26:16","slug":"por-llamado-del-ecu911-la-unidad-se-dirige-a-un-accidentedetransito-en-el-sect","status":"publish","type":"post","link":"https:\/\/bomberos.puyo.gob.ec\/2019\/por-llamado-del-ecu911-la-unidad-se-dirige-a-un-accidentedetransito-en-el-sect\/","title":{"rendered":"Por llamado del #ECU911 la unidad se dirige a un #AccidenteDeTr\u00e1nsito en el sect&#8230;"},"content":{"rendered":"<p>Por llamado del <a class=\"_58cn\" href=\"https:\/\/facebook.com\/hashtag\/ecu911?source=feed_text&#038;epa=HASHTAG&#038;__xts__%5B0%5D=68.ARBMIRqxuHycBTm7EJ6eyIq5wWdbZyBfNd86Wopdy0avpIvpRe5p8YWHSQhL1267_1iSW3J2NsKCqhF0_Gq2x5mPB_ecQPTfk2YBUZs5_uCA3Q5jKicCaX3g8XEV3yiYoc_irsAX-4YfcJMRH40SrfAUSbRWpSjoUVuQV0nRDwBfzAt6Qkh24PVGUcdCwlWIU4IR3ANLVp_ujODRJRPNiptvAxV7ZL8kTWHjQaYbqVK6758KS5mpuGOaY0xOr4hE0FLdeFAQ3sTMA88FtO4W8X1GzIfMkINZ4OPZ7R95s8zlF_KUozFijKaRK3zvuWCuWqaZ6F4wBXskf9v8fn9M1Yq09Q&#038;__tn__=%2ANK-R\" data-ft=\"&#123;&quot;type&quot;:104,&quot;tn&quot;:&quot;*N&quot;&#125;\"><span class=\"_5afx\"><span aria-label=\"hashtag\" class=\"_58cl _5afz\">#ECU911<\/span><\/span><\/a> la unidad se dirige a un <a class=\"_58cn\" href=\"https:\/\/facebook.com\/hashtag\/accidentedetr&#xe1;nsito?source=feed_text&#038;epa=HASHTAG&#038;__xts__%5B0%5D=68.ARBMIRqxuHycBTm7EJ6eyIq5wWdbZyBfNd86Wopdy0avpIvpRe5p8YWHSQhL1267_1iSW3J2NsKCqhF0_Gq2x5mPB_ecQPTfk2YBUZs5_uCA3Q5jKicCaX3g8XEV3yiYoc_irsAX-4YfcJMRH40SrfAUSbRWpSjoUVuQV0nRDwBfzAt6Qkh24PVGUcdCwlWIU4IR3ANLVp_ujODRJRPNiptvAxV7ZL8kTWHjQaYbqVK6758KS5mpuGOaY0xOr4hE0FLdeFAQ3sTMA88FtO4W8X1GzIfMkINZ4OPZ7R95s8zlF_KUozFijKaRK3zvuWCuWqaZ6F4wBXskf9v8fn9M1Yq09Q&#038;__tn__=%2ANK-R\" data-ft=\"&#123;&quot;type&quot;:104,&quot;tn&quot;:&quot;*N&quot;&#125;\"><span class=\"_5afx\"><span aria-label=\"hashtag\" class=\"_58cl _5afz\">#AccidenteDeTr\u00e1nsito<\/span><\/span><\/a> en el sector del paso lateral (Arboriente) al llegar al lugar se verifica a una persona de sexo masculino en el asfalto el mismo que al momento de la valoraci\u00f3n no presenta signos vitales a causa de un trauma cr\u00e1neo encef\u00e1lico severo con exposici\u00f3n de masa encef\u00e1lica producto de una posible ca\u00edda de su motocicleta, el mismo queda a cargo de personal de Polic\u00eda Nacional. En el mismo lugar se atiende a una mujer de aproximadamente 30 a\u00f1os, la misma que  presenta <a class=\"_58cn\" href=\"https:\/\/facebook.com\/hashtag\/politraumatismo?source=feed_text&#038;epa=HASHTAG&#038;__xts__%5B0%5D=68.ARBMIRqxuHycBTm7EJ6eyIq5wWdbZyBfNd86Wopdy0avpIvpRe5p8YWHSQhL1267_1iSW3J2NsKCqhF0_Gq2x5mPB_ecQPTfk2YBUZs5_uCA3Q5jKicCaX3g8XEV3yiYoc_irsAX-4YfcJMRH40SrfAUSbRWpSjoUVuQV0nRDwBfzAt6Qkh24PVGUcdCwlWIU4IR3ANLVp_ujODRJRPNiptvAxV7ZL8kTWHjQaYbqVK6758KS5mpuGOaY0xOr4hE0FLdeFAQ3sTMA88FtO4W8X1GzIfMkINZ4OPZ7R95s8zlF_KUozFijKaRK3zvuWCuWqaZ6F4wBXskf9v8fn9M1Yq09Q&#038;__tn__=%2ANK-R\" data-ft=\"&#123;&quot;type&quot;:104,&quot;tn&quot;:&quot;*N&quot;&#125;\"><span class=\"_5afx\"><span aria-label=\"hashtag\" class=\"_58cl _5afz\">#politraumatismo<\/span><\/span><\/a> m\u00e1s dolor agudo en abdomen y laceraciones en extremidad inferior izquierda presuntamente causada por ca\u00edda desde una motocicleta, se la estabiliza en el lugar y es trasladada al Hospital Puyo .<\/p>\n<p><a href=\"https:\/\/bomberos.puyo.gob.ec\/2019\/wp-content\/uploads\/Por-llamado-del-ECU911-la-unidad-se-dirige-a-un.fna&#038;oh=dfb41f7e8b8f0f74d63061fdca8aa224&#038;oe=5ED24189.jpeg\"><img decoding=\"async\" class=\"wp_automatic_fb_img\" title=\"\" src=\"https:\/\/bomberos.puyo.gob.ec\/2019\/wp-content\/uploads\/Por-llamado-del-ECU911-la-unidad-se-dirige-a-un.fna&#038;oh=dfb41f7e8b8f0f74d63061fdca8aa224&#038;oe=5ED24189.jpeg\" \/><\/a><br \/><a href=\"https:\/\/bomberos.puyo.gob.ec\/2019\/wp-content\/uploads\/Por-llamado-del-ECU911-la-unidad-se-dirige-a-un.fna&#038;oh=2899ccaee8ee064108c9f516aa98163d&#038;oe=5ECCAC00.jpeg\"><img decoding=\"async\" class=\"wp_automatic_fb_img\" title=\"\" src=\"https:\/\/bomberos.puyo.gob.ec\/2019\/wp-content\/uploads\/Por-llamado-del-ECU911-la-unidad-se-dirige-a-un.fna&#038;oh=2899ccaee8ee064108c9f516aa98163d&#038;oe=5ECCAC00.jpeg\" \/><\/a><br \/>\n<br \/><a href=\"https:\/\/www.facebook.com\/465093860312824\/posts\/1523382317817301\">en facebook&#8230; <\/a>  <\/p>\n","protected":false},"excerpt":{"rendered":"<p>Por llamado del <a class=\"_58cn\" href=\"https:\/\/facebook.com\/hashtag\/ecu911?source=feed_text&#038;epa=HASHTAG&#038;__xts__%5B0%5D=68.ARBMIRqxuHycBTm7EJ6eyIq5wWdbZyBfNd86Wopdy0avpIvpRe5p8YWHSQhL1267_1iSW3J2NsKCqhF0_Gq2x5mPB_ecQPTfk2YBUZs5_uCA3Q5jKicCaX3g8XEV3yiYoc_irsAX-4YfcJMRH40SrfAUSbRWpSjoUVuQV0nRDwBfzAt6Qkh24PVGUcdCwlWIU4IR3ANLVp_ujODRJRPNiptvAxV7ZL8kTWHjQaYbqVK6758KS5mpuGOaY0xOr4hE0FLdeFAQ3sTMA88FtO4W8X1GzIfMkINZ4OPZ7R95s8zlF_KUozFijKaRK3zvuWCuWqaZ6F4wBXskf9v8fn9M1Yq09Q&#038;__tn__=%2ANK-R\" data-ft=\"&#123;&quot;type&quot;:104,&quot;tn&quot;:&quot;*N&quot;&#125;\"><span class=\"_5afx\"><span aria-label=\"hashtag\" class=\"_58cl _5afz\">#ECU911<\/span><\/span><\/a> la unidad se dirige a un <a class=\"_58cn\" href=\"https:\/\/facebook.com\/hashtag\/accidentedetr&#xe1;nsito?source=feed_text&#038;epa=HASHTAG&#038;__xts__%5B0%5D=68.ARBMIRqxuHycBTm7EJ6eyIq5wWdbZyBfNd86Wopdy0avpIvpRe5p8YWHSQhL1267_1iSW3J2NsKCqhF0_Gq2x5mPB_ecQPTfk2YBUZs5_uCA3Q5jKicCaX3g8XEV3yiYoc_irsAX-4YfcJMRH40SrfAUSbRWpSjoUVuQV0nRDwBfzAt6Qkh24PVGUcdCwlWIU4IR3ANLVp_ujODRJRPNiptvAxV7ZL8kTWHjQaYbqVK6758KS5mpuGOaY0xOr4hE0FLdeFAQ3sTMA88FtO4W8X1GzIfMkINZ4OPZ7R95s8zlF_KUozFijKaRK3zvuWCuWqaZ6F4wBXskf9v8fn9M1Yq09Q&#038;__tn__=%2ANK-R\" data-ft=\"&#123;&quot;type&quot;:104,&quot;tn&quot;:&quot;*N&quot;&#125;\"><span class=\"_5afx\"><span aria-label=\"hashtag\" class=\"_58cl _5afz\">#AccidenteDeTr\u00e1nsito<\/span><\/span><\/a> en el sector del paso lateral (Arboriente) al llegar al lugar se verifica a una persona de sexo masculino en el asfalto el mismo que al momento de la valoraci\u00f3n no presenta signos vitales a causa de un trauma cr\u00e1neo encef\u00e1lico severo con exposici\u00f3n de masa encef\u00e1lica producto de una posible ca\u00edda de su motocicleta, el mismo queda a cargo de personal de Polic\u00eda Nacional. En el mismo lugar se atiende a una mujer de aproximadamente 30 a\u00f1os, la misma que  presenta <a class=\"_58cn\" href=\"https:\/\/facebook.com\/hashtag\/politraumatismo?source=feed_text&#038;epa=HASHTAG&#038;__xts__%5B0%5D=68.ARBMIRqxuHycBTm7EJ6eyIq5wWdbZyBfNd86Wopdy0avpIvpRe5p8YWHSQhL1267_1iSW3J2NsKCqhF0_Gq2x5mPB_ecQPTfk2YBUZs5_uCA3Q5jKicCaX3g8XEV3yiYoc_irsAX-4YfcJMRH40SrfAUSbRWpSjoUVuQV0nRDwBfzAt6Qkh24PVGUcdCwlWIU4IR3ANLVp_ujODRJRPNiptvAxV7ZL8kTWHjQaYbqVK6758KS5mpuGOaY0xOr4hE0FLdeFAQ3sTMA88FtO4W8X1GzIfMkINZ4OPZ7R95s8zlF_KUozFijKaRK3zvuWCuWqaZ6F4wBXskf9v8fn9M1Yq09Q&#038;__tn__=%2ANK-R\" data-ft=\"&#123;&quot;type&quot;:104,&quot;tn&quot;:&quot;*N&quot;&#125;\"><span class=\"_5afx\"><span aria-label=\"hashtag\" class=\"_58cl _5afz\">#politraumatismo<\/span><\/span><\/a> m\u00e1s dolor agudo en abdomen y laceraciones en extremidad inferior izquierda presuntamente causada por ca\u00edda desde una motocicleta, se la estabiliza en el lugar y es trasladada al Hospital Puyo .<\/p>\n<p><a href=\"https:\/\/scontent.fuio15-1.fna.fbcdn.net\/v\/t1.0-9\/84707521_1523382137817319_2139059662354382848_o.jpg?_nc_cat=104&#038;_nc_ohc=H_UnhuXUrE4AX_4rJc3&#038;_nc_ht=scontent.fuio15-1.fna&#038;oh=dfb41f7e8b8f0f74d63061fdca8aa224&#038;oe=5ED24189\"><img decoding=\"async\" class=\"wp_automatic_fb_img\" title=\"\" src=\"https:\/\/scontent.fuio15-1.fna.fbcdn.net\/v\/t1.0-9\/84707521_1523382137817319_2139059662354382848_o.jpg?_nc_cat=104&#038;_nc_ohc=H_UnhuXUrE4AX_4rJc3&#038;_nc_ht=scontent.fuio15-1.fna&#038;oh=dfb41f7e8b8f0f74d63061fdca8aa224&#038;oe=5ED24189\" \/><\/a><br \/><a href=\"https:\/\/scontent.fuio15-1.fna.fbcdn.net\/v\/t1.0-9\/84606096_1523382114483988_8220440209087528960_o.jpg?_nc_cat=107&#038;_nc_ohc=pH60l8TDpqgAX-JRrLf&#038;_nc_ht=scontent.fuio15-1.fna&#038;oh=2899ccaee8ee064108c9f516aa98163d&#038;oe=5ECCAC00\"><img decoding=\"async\" class=\"wp_automatic_fb_img\" title=\"\" src=\"https:\/\/scontent.fuio15-1.fna.fbcdn.net\/v\/t1.0-9\/84606096_1523382114483988_8220440209087528960_o.jpg?_nc_cat=107&#038;_nc_ohc=pH60l8TDpqgAX-JRrLf&#038;_nc_ht=scontent.fuio15-1.fna&#038;oh=2899ccaee8ee064108c9f516aa98163d&#038;oe=5ECCAC00\" \/><\/a><\/p>\n","protected":false},"author":1,"featured_media":1535,"comment_status":"open","ping_status":"open","sticky":false,"template":"","format":"standard","meta":[],"categories":[1],"tags":[62,32,86,69,31,584,30,585,41],"_links":{"self":[{"href":"https:\/\/bomberos.puyo.gob.ec\/2019\/wp-json\/wp\/v2\/posts\/1534"}],"collection":[{"href":"https:\/\/bomberos.puyo.gob.ec\/2019\/wp-json\/wp\/v2\/posts"}],"about":[{"href":"https:\/\/bomberos.puyo.gob.ec\/2019\/wp-json\/wp\/v2\/types\/post"}],"author":[{"embeddable":true,"href":"https:\/\/bomberos.puyo.gob.ec\/2019\/wp-json\/wp\/v2\/users\/1"}],"replies":[{"embeddable":true,"href":"https:\/\/bomberos.puyo.gob.ec\/2019\/wp-json\/wp\/v2\/comments?post=1534"}],"version-history":[{"count":1,"href":"https:\/\/bomberos.puyo.gob.ec\/2019\/wp-json\/wp\/v2\/posts\/1534\/revisions"}],"predecessor-version":[{"id":1536,"href":"https:\/\/bomberos.puyo.gob.ec\/2019\/wp-json\/wp\/v2\/posts\/1534\/revisions\/1536"}],"wp:featuredmedia":[{"embeddable":true,"href":"https:\/\/bomberos.puyo.gob.ec\/2019\/wp-json\/wp\/v2\/media\/1535"}],"wp:attachment":[{"href":"https:\/\/bomberos.puyo.gob.ec\/2019\/wp-json\/wp\/v2\/media?parent=1534"}],"wp:term":[{"taxonomy":"category","embeddable":true,"href":"https:\/\/bomberos.puyo.gob.ec\/2019\/wp-json\/wp\/v2\/categories?post=1534"},{"taxonomy":"post_tag","embeddable":true,"href":"https:\/\/bomberos.puyo.gob.ec\/2019\/wp-json\/wp\/v2\/tags?post=1534"}],"curies":[{"name":"wp","href":"https:\/\/api.w.org\/{rel}","templated":true}]}}