{"id":1531,"date":"2020-02-09T12:00:41","date_gmt":"2020-02-09T17:00:41","guid":{"rendered":"https:\/\/bomberos.puyo.gob.ec\/emergenciamedica-13\/"},"modified":"2020-02-09T12:23:07","modified_gmt":"2020-02-09T17:23:07","slug":"emergenciamedica-13","status":"publish","type":"post","link":"https:\/\/bomberos.puyo.gob.ec\/2019\/emergenciamedica-13\/","title":{"rendered":"#EmergenciaM\u00e9dica&#8230;"},"content":{"rendered":"<p><a class=\"_58cn\" href=\"https:\/\/facebook.com\/hashtag\/emergenciam&#xe9;dica?source=feed_text&#038;epa=HASHTAG&#038;__xts__%5B0%5D=68.ARAoAlNMIcda_EL3COvuINOaZFK_W9_mVs4xEPa6lTAxjuMBrATpiFVM5yMX5R9JyJhfGo-2gUQkhvAA9JIS2jQags_Y-dKixloflFB4B0LeHLnLDtxY11azB0PRpCJQAg1bC4nuYMDZHEYF70sJYwLJUdbhq6hsYIwc2pLoDbhrV9JHY0-Ki1Y02BBkExZnc6BDtPxy9ulLRx5-IBt2L5aG7VjHRb6Y2BggIjqIsFhBJJmZBoohyQmRv8enKn_FnDCgzjYyw-xyWgwuuonkdFxc8JHigMvRV-1wR6juSx_cffGCXa5HUFjVKZssP5u70RY2kn_L5CSgDehKnt-A6koqvQ&#038;__tn__=%2ANK-R\" data-ft=\"&#123;&quot;type&quot;:104,&quot;tn&quot;:&quot;*N&quot;&#125;\"><span class=\"_5afx\"><span aria-label=\"hashtag\" class=\"_58cl _5afz\">#EmergenciaM\u00e9dica<\/span><\/span><\/a><\/p>\n<p> Por llamado del ECU 911 la unidad A4 se dirige a al Barrio el Recreo a una emergencia m\u00e9dica donde se atiende a paciente de sexo masculino de 79 a\u00f1os  edad el mismo que presenta poli traumatismo m\u00e1s herida abierta en la parte frontal del cr\u00e1neo producto de una ca\u00edda  de aproximadamente 50 cm, fue trasladado al hospital b\u00e1sico IESS.<\/p>\n<p><a href=\"https:\/\/bomberos.puyo.gob.ec\/2019\/wp-content\/uploads\/EmergenciaMedica.fna&#038;oh=fd0a84ed954144456ffaa985e02d3ae5&#038;oe=5ECD4EDF.jpeg\"><img decoding=\"async\" class=\"wp_automatic_fb_img\" title=\"\" src=\"https:\/\/bomberos.puyo.gob.ec\/2019\/wp-content\/uploads\/EmergenciaMedica.fna&#038;oh=fd0a84ed954144456ffaa985e02d3ae5&#038;oe=5ECD4EDF.jpeg\" \/><\/a><br \/><a href=\"https:\/\/bomberos.puyo.gob.ec\/2019\/wp-content\/uploads\/EmergenciaMedica.fna&#038;oh=19c3aa45f12b8d9f56410d5ac9cf1549&#038;oe=5EBC473F.jpeg\"><img decoding=\"async\" class=\"wp_automatic_fb_img\" title=\"\" src=\"https:\/\/bomberos.puyo.gob.ec\/2019\/wp-content\/uploads\/EmergenciaMedica.fna&#038;oh=19c3aa45f12b8d9f56410d5ac9cf1549&#038;oe=5EBC473F.jpeg\" \/><\/a><br \/><a href=\"https:\/\/bomberos.puyo.gob.ec\/2019\/wp-content\/uploads\/EmergenciaMedica.fna&#038;oh=129ab7bd4e2ddcb1815d44bedee7b2b0&#038;oe=5EC87E9E.jpeg\"><img decoding=\"async\" class=\"wp_automatic_fb_img\" title=\"\" src=\"https:\/\/bomberos.puyo.gob.ec\/2019\/wp-content\/uploads\/EmergenciaMedica.fna&#038;oh=129ab7bd4e2ddcb1815d44bedee7b2b0&#038;oe=5EC87E9E.jpeg\" \/><\/a><br \/>\n<br \/><a href=\"https:\/\/www.facebook.com\/465093860312824\/posts\/1523483107807222\">en facebook&#8230; <\/a>  <\/p>\n","protected":false},"excerpt":{"rendered":"<p><a class=\"_58cn\" href=\"https:\/\/facebook.com\/hashtag\/emergenciam&#xe9;dica?source=feed_text&#038;epa=HASHTAG&#038;__xts__%5B0%5D=68.ARAoAlNMIcda_EL3COvuINOaZFK_W9_mVs4xEPa6lTAxjuMBrATpiFVM5yMX5R9JyJhfGo-2gUQkhvAA9JIS2jQags_Y-dKixloflFB4B0LeHLnLDtxY11azB0PRpCJQAg1bC4nuYMDZHEYF70sJYwLJUdbhq6hsYIwc2pLoDbhrV9JHY0-Ki1Y02BBkExZnc6BDtPxy9ulLRx5-IBt2L5aG7VjHRb6Y2BggIjqIsFhBJJmZBoohyQmRv8enKn_FnDCgzjYyw-xyWgwuuonkdFxc8JHigMvRV-1wR6juSx_cffGCXa5HUFjVKZssP5u70RY2kn_L5CSgDehKnt-A6koqvQ&#038;__tn__=%2ANK-R\" data-ft=\"&#123;&quot;type&quot;:104,&quot;tn&quot;:&quot;*N&quot;&#125;\"><span class=\"_5afx\"><span aria-label=\"hashtag\" class=\"_58cl _5afz\">#EmergenciaM\u00e9dica<\/span><\/span><\/a><\/p>\n<p> Por llamado del ECU 911 la unidad A4 se dirige a al Barrio el Recreo a una emergencia m\u00e9dica donde se atiende a paciente de sexo masculino de 79 a\u00f1os  edad el mismo que presenta poli traumatismo m\u00e1s herida abierta en la parte frontal del cr\u00e1neo producto de una ca\u00edda  de aproximadamente 50 cm, fue trasladado al hospital b\u00e1sico IESS.<\/p>\n<p><a href=\"https:\/\/scontent.fuio15-1.fna.fbcdn.net\/v\/t1.0-9\/84874186_1523482997807233_4997758000144842752_n.jpg?_nc_cat=109&#038;_nc_ohc=_xmd0Jb1-HAAX-ZKm4u&#038;_nc_ht=scontent.fuio15-1.fna&#038;oh=fd0a84ed954144456ffaa985e02d3ae5&#038;oe=5ECD4EDF\"><img decoding=\"async\" class=\"wp_automatic_fb_img\" title=\"\" src=\"https:\/\/scontent.fuio15-1.fna.fbcdn.net\/v\/t1.0-9\/84874186_1523482997807233_4997758000144842752_n.jpg?_nc_cat=109&#038;_nc_ohc=_xmd0Jb1-HAAX-ZKm4u&#038;_nc_ht=scontent.fuio15-1.fna&#038;oh=fd0a84ed954144456ffaa985e02d3ae5&#038;oe=5ECD4EDF\" \/><\/a><br \/><a href=\"https:\/\/scontent.fuio15-1.fna.fbcdn.net\/v\/t1.0-9\/85140368_1523483051140561_1299187985966694400_n.jpg?_nc_cat=100&#038;_nc_ohc=rx0BA6Lvn2gAX9yCe_V&#038;_nc_ht=scontent.fuio15-1.fna&#038;oh=19c3aa45f12b8d9f56410d5ac9cf1549&#038;oe=5EBC473F\"><img decoding=\"async\" class=\"wp_automatic_fb_img\" title=\"\" src=\"https:\/\/scontent.fuio15-1.fna.fbcdn.net\/v\/t1.0-9\/85140368_1523483051140561_1299187985966694400_n.jpg?_nc_cat=100&#038;_nc_ohc=rx0BA6Lvn2gAX9yCe_V&#038;_nc_ht=scontent.fuio15-1.fna&#038;oh=19c3aa45f12b8d9f56410d5ac9cf1549&#038;oe=5EBC473F\" \/><\/a><br \/><a href=\"https:\/\/scontent.fuio15-1.fna.fbcdn.net\/v\/t1.0-9\/85135312_1523483091140557_8522066416436772864_n.jpg?_nc_cat=101&#038;_nc_ohc=mhPg-8jzNIoAX9YZD9-&#038;_nc_ht=scontent.fuio15-1.fna&#038;oh=129ab7bd4e2ddcb1815d44bedee7b2b0&#038;oe=5EC87E9E\"><img decoding=\"async\" class=\"wp_automatic_fb_img\" title=\"\" src=\"https:\/\/scontent.fuio15-1.fna.fbcdn.net\/v\/t1.0-9\/85135312_1523483091140557_8522066416436772864_n.jpg?_nc_cat=101&#038;_nc_ohc=mhPg-8jzNIoAX9YZD9-&#038;_nc_ht=scontent.fuio15-1.fna&#038;oh=129ab7bd4e2ddcb1815d44bedee7b2b0&#038;oe=5EC87E9E\" \/><\/a><\/p>\n","protected":false},"author":1,"featured_media":1532,"comment_status":"open","ping_status":"open","sticky":false,"template":"","format":"standard","meta":[],"categories":[1],"tags":[29],"_links":{"self":[{"href":"https:\/\/bomberos.puyo.gob.ec\/2019\/wp-json\/wp\/v2\/posts\/1531"}],"collection":[{"href":"https:\/\/bomberos.puyo.gob.ec\/2019\/wp-json\/wp\/v2\/posts"}],"about":[{"href":"https:\/\/bomberos.puyo.gob.ec\/2019\/wp-json\/wp\/v2\/types\/post"}],"author":[{"embeddable":true,"href":"https:\/\/bomberos.puyo.gob.ec\/2019\/wp-json\/wp\/v2\/users\/1"}],"replies":[{"embeddable":true,"href":"https:\/\/bomberos.puyo.gob.ec\/2019\/wp-json\/wp\/v2\/comments?post=1531"}],"version-history":[{"count":1,"href":"https:\/\/bomberos.puyo.gob.ec\/2019\/wp-json\/wp\/v2\/posts\/1531\/revisions"}],"predecessor-version":[{"id":1533,"href":"https:\/\/bomberos.puyo.gob.ec\/2019\/wp-json\/wp\/v2\/posts\/1531\/revisions\/1533"}],"wp:featuredmedia":[{"embeddable":true,"href":"https:\/\/bomberos.puyo.gob.ec\/2019\/wp-json\/wp\/v2\/media\/1532"}],"wp:attachment":[{"href":"https:\/\/bomberos.puyo.gob.ec\/2019\/wp-json\/wp\/v2\/media?parent=1531"}],"wp:term":[{"taxonomy":"category","embeddable":true,"href":"https:\/\/bomberos.puyo.gob.ec\/2019\/wp-json\/wp\/v2\/categories?post=1531"},{"taxonomy":"post_tag","embeddable":true,"href":"https:\/\/bomberos.puyo.gob.ec\/2019\/wp-json\/wp\/v2\/tags?post=1531"}],"curies":[{"name":"wp","href":"https:\/\/api.w.org\/{rel}","templated":true}]}}