{"id":1516,"date":"2020-02-08T11:59:48","date_gmt":"2020-02-08T16:59:48","guid":{"rendered":"https:\/\/bomberos.puyo.gob.ec\/acudimos-a-una-emergenciamedica-en-el-sector-de-san-vicente-diagonal-a-los-tanq\/"},"modified":"2020-02-08T12:18:53","modified_gmt":"2020-02-08T17:18:53","slug":"acudimos-a-una-emergenciamedica-en-el-sector-de-san-vicente-diagonal-a-los-tanq","status":"publish","type":"post","link":"https:\/\/bomberos.puyo.gob.ec\/2019\/acudimos-a-una-emergenciamedica-en-el-sector-de-san-vicente-diagonal-a-los-tanq\/","title":{"rendered":"Acudimos a una #EmergenciaM\u00e9dica en el sector de San Vicente diagonal a los tanq&#8230;"},"content":{"rendered":"<p>Acudimos a una <a class=\"_58cn\" href=\"https:\/\/facebook.com\/hashtag\/emergenciam&#xe9;dica?source=feed_text&#038;epa=HASHTAG&#038;__xts__%5B0%5D=68.ARCos6aOEVUc4bS42q4c-TE4VRpSe9tDEGpFiKJI9icvAQnno35HuFfKHZDXRAYeNqChrR0sg_Vyt2l0FTx7efoL11in2INk0fiR_wuOmlgLd_tQQF8MJGJwLKcnOlGbEcHJbzkP1YeYCq-ybTIw-bBvu90Hp_PQF_UOAwfYpCBewvdx5xKif3KiAWWxM3DtvnxuiUUDqmlBtHgN0KDIVOl4lbXqcGoM6mEWw8ohACIYL_ZaOW3JQ_ttCmvKXeX9WWxeo4Yu6XKHrovjAmYw458fQ4bUi8S0ATaGDjYQhwK62P7uaHTapzt7yUlcdg_Vx0aVW7el6KwSHQe0HMJ2wG7slA&#038;__tn__=%2ANK-R\" data-ft=\"&#123;&quot;type&quot;:104,&quot;tn&quot;:&quot;*N&quot;&#125;\"><span class=\"_5afx\"><span aria-label=\"hashtag\" class=\"_58cl _5afz\">#EmergenciaM\u00e9dica<\/span><\/span><\/a> en el sector de San Vicente diagonal a los tanques de agua a una hora de caminata hacia la monta\u00f1a, para la <a class=\"_58cn\" href=\"https:\/\/facebook.com\/hashtag\/b&#xfa;squedayrescate?source=feed_text&#038;epa=HASHTAG&#038;__xts__%5B0%5D=68.ARCos6aOEVUc4bS42q4c-TE4VRpSe9tDEGpFiKJI9icvAQnno35HuFfKHZDXRAYeNqChrR0sg_Vyt2l0FTx7efoL11in2INk0fiR_wuOmlgLd_tQQF8MJGJwLKcnOlGbEcHJbzkP1YeYCq-ybTIw-bBvu90Hp_PQF_UOAwfYpCBewvdx5xKif3KiAWWxM3DtvnxuiUUDqmlBtHgN0KDIVOl4lbXqcGoM6mEWw8ohACIYL_ZaOW3JQ_ttCmvKXeX9WWxeo4Yu6XKHrovjAmYw458fQ4bUi8S0ATaGDjYQhwK62P7uaHTapzt7yUlcdg_Vx0aVW7el6KwSHQe0HMJ2wG7slA&#038;__tn__=%2ANK-R\" data-ft=\"&#123;&quot;type&quot;:104,&quot;tn&quot;:&quot;*N&quot;&#125;\"><span class=\"_5afx\"><span aria-label=\"hashtag\" class=\"_58cl _5afz\">#B\u00fasquedaYRescate<\/span><\/span><\/a>  de una persona de sexo masculino de 86 a\u00f1os desaparecida desde el d\u00eda 31 de Enero del 2020 seg\u00fan los reportes policiales, se logr\u00f3 encontrarlo y  el mismo presenta deshidrataci\u00f3n grado 2 r\u00e1pidamente se efectu\u00f3 los primeros auxilios y t\u00e9cnicas de rescate para trasladarlo al Hospital Puyo para que sea atendido por el Doctor en turno.<\/p>\n<p><a href=\"https:\/\/bomberos.puyo.gob.ec\/2019\/wp-content\/uploads\/Acudimos-a-una-EmergenciaMedica-en-el-sector-de-San-Vicente.fna&#038;oh=cd2fd28c8d7757c453da0fe6058191e4&#038;oe=5EC45543.jpeg\"><img decoding=\"async\" class=\"wp_automatic_fb_img\" title=\"\" src=\"https:\/\/bomberos.puyo.gob.ec\/2019\/wp-content\/uploads\/Acudimos-a-una-EmergenciaMedica-en-el-sector-de-San-Vicente.fna&#038;oh=cd2fd28c8d7757c453da0fe6058191e4&#038;oe=5EC45543.jpeg\" \/><\/a><br \/><a href=\"https:\/\/bomberos.puyo.gob.ec\/2019\/wp-content\/uploads\/Acudimos-a-una-EmergenciaMedica-en-el-sector-de-San-Vicente.fna&#038;oh=7235e71778b62eff2243cf7d63382547&#038;oe=5EC2F02F.jpeg\"><img decoding=\"async\" class=\"wp_automatic_fb_img\" title=\"\" src=\"https:\/\/bomberos.puyo.gob.ec\/2019\/wp-content\/uploads\/Acudimos-a-una-EmergenciaMedica-en-el-sector-de-San-Vicente.fna&#038;oh=7235e71778b62eff2243cf7d63382547&#038;oe=5EC2F02F.jpeg\" \/><\/a><br \/><a href=\"https:\/\/bomberos.puyo.gob.ec\/2019\/wp-content\/uploads\/Acudimos-a-una-EmergenciaMedica-en-el-sector-de-San-Vicente.fna&#038;oh=ed782b8e690ba3f2636c38e782803da7&#038;oe=5ED268D5.jpeg\"><img decoding=\"async\" class=\"wp_automatic_fb_img\" title=\"\" src=\"https:\/\/bomberos.puyo.gob.ec\/2019\/wp-content\/uploads\/Acudimos-a-una-EmergenciaMedica-en-el-sector-de-San-Vicente.fna&#038;oh=ed782b8e690ba3f2636c38e782803da7&#038;oe=5ED268D5.jpeg\" \/><\/a><br \/><a href=\"https:\/\/bomberos.puyo.gob.ec\/2019\/wp-content\/uploads\/Acudimos-a-una-EmergenciaMedica-en-el-sector-de-San-Vicente.fna&#038;oh=2be5b9294bfb30ef0807463f9bd9ce07&#038;oe=5ED3400F.jpeg\"><img decoding=\"async\" class=\"wp_automatic_fb_img\" title=\"\" src=\"https:\/\/bomberos.puyo.gob.ec\/2019\/wp-content\/uploads\/Acudimos-a-una-EmergenciaMedica-en-el-sector-de-San-Vicente.fna&#038;oh=2be5b9294bfb30ef0807463f9bd9ce07&#038;oe=5ED3400F.jpeg\" \/><\/a><br \/>\n<br \/><a href=\"https:\/\/www.facebook.com\/465093860312824\/posts\/1522581064564093\">en facebook&#8230; <\/a>  <\/p>\n","protected":false},"excerpt":{"rendered":"<p>Acudimos a una <a class=\"_58cn\" href=\"https:\/\/facebook.com\/hashtag\/emergenciam&#xe9;dica?source=feed_text&#038;epa=HASHTAG&#038;__xts__%5B0%5D=68.ARCos6aOEVUc4bS42q4c-TE4VRpSe9tDEGpFiKJI9icvAQnno35HuFfKHZDXRAYeNqChrR0sg_Vyt2l0FTx7efoL11in2INk0fiR_wuOmlgLd_tQQF8MJGJwLKcnOlGbEcHJbzkP1YeYCq-ybTIw-bBvu90Hp_PQF_UOAwfYpCBewvdx5xKif3KiAWWxM3DtvnxuiUUDqmlBtHgN0KDIVOl4lbXqcGoM6mEWw8ohACIYL_ZaOW3JQ_ttCmvKXeX9WWxeo4Yu6XKHrovjAmYw458fQ4bUi8S0ATaGDjYQhwK62P7uaHTapzt7yUlcdg_Vx0aVW7el6KwSHQe0HMJ2wG7slA&#038;__tn__=%2ANK-R\" data-ft=\"&#123;&quot;type&quot;:104,&quot;tn&quot;:&quot;*N&quot;&#125;\"><span class=\"_5afx\"><span aria-label=\"hashtag\" class=\"_58cl _5afz\">#EmergenciaM\u00e9dica<\/span><\/span><\/a> en el sector de San Vicente diagonal a los tanques de agua a una hora de caminata hacia la monta\u00f1a, para la <a class=\"_58cn\" href=\"https:\/\/facebook.com\/hashtag\/b&#xfa;squedayrescate?source=feed_text&#038;epa=HASHTAG&#038;__xts__%5B0%5D=68.ARCos6aOEVUc4bS42q4c-TE4VRpSe9tDEGpFiKJI9icvAQnno35HuFfKHZDXRAYeNqChrR0sg_Vyt2l0FTx7efoL11in2INk0fiR_wuOmlgLd_tQQF8MJGJwLKcnOlGbEcHJbzkP1YeYCq-ybTIw-bBvu90Hp_PQF_UOAwfYpCBewvdx5xKif3KiAWWxM3DtvnxuiUUDqmlBtHgN0KDIVOl4lbXqcGoM6mEWw8ohACIYL_ZaOW3JQ_ttCmvKXeX9WWxeo4Yu6XKHrovjAmYw458fQ4bUi8S0ATaGDjYQhwK62P7uaHTapzt7yUlcdg_Vx0aVW7el6KwSHQe0HMJ2wG7slA&#038;__tn__=%2ANK-R\" data-ft=\"&#123;&quot;type&quot;:104,&quot;tn&quot;:&quot;*N&quot;&#125;\"><span class=\"_5afx\"><span aria-label=\"hashtag\" class=\"_58cl _5afz\">#B\u00fasquedaYRescate<\/span><\/span><\/a>  de una persona de sexo masculino de 86 a\u00f1os desaparecida desde el d\u00eda 31 de Enero del 2020 seg\u00fan los reportes policiales, se logr\u00f3 encontrarlo y  el mismo presenta deshidrataci\u00f3n grado 2 r\u00e1pidamente se efectu\u00f3 los primeros auxilios y t\u00e9cnicas de rescate para trasladarlo al Hospital Puyo para que sea atendido por el Doctor en turno.<\/p>\n<p><a href=\"https:\/\/scontent.fuio15-1.fna.fbcdn.net\/v\/t1.0-9\/85057888_1522581011230765_7614890961843257344_o.jpg?_nc_cat=105&#038;_nc_ohc=i7geIVdR8E0AX8hUR6I&#038;_nc_ht=scontent.fuio15-1.fna&#038;oh=cd2fd28c8d7757c453da0fe6058191e4&#038;oe=5EC45543\"><img decoding=\"async\" class=\"wp_automatic_fb_img\" title=\"\" src=\"https:\/\/scontent.fuio15-1.fna.fbcdn.net\/v\/t1.0-9\/85057888_1522581011230765_7614890961843257344_o.jpg?_nc_cat=105&#038;_nc_ohc=i7geIVdR8E0AX8hUR6I&#038;_nc_ht=scontent.fuio15-1.fna&#038;oh=cd2fd28c8d7757c453da0fe6058191e4&#038;oe=5EC45543\" \/><\/a><br \/><a href=\"https:\/\/scontent.fuio15-1.fna.fbcdn.net\/v\/t1.0-9\/83524278_1522581001230766_6186147078394085376_o.jpg?_nc_cat=105&#038;_nc_ohc=H31jmzeef9YAX84x2DQ&#038;_nc_ht=scontent.fuio15-1.fna&#038;oh=7235e71778b62eff2243cf7d63382547&#038;oe=5EC2F02F\"><img decoding=\"async\" class=\"wp_automatic_fb_img\" title=\"\" src=\"https:\/\/scontent.fuio15-1.fna.fbcdn.net\/v\/t1.0-9\/83524278_1522581001230766_6186147078394085376_o.jpg?_nc_cat=105&#038;_nc_ohc=H31jmzeef9YAX84x2DQ&#038;_nc_ht=scontent.fuio15-1.fna&#038;oh=7235e71778b62eff2243cf7d63382547&#038;oe=5EC2F02F\" \/><\/a><br \/><a href=\"https:\/\/scontent.fuio15-1.fna.fbcdn.net\/v\/t1.0-9\/85080015_1522580994564100_5907605993843326976_o.jpg?_nc_cat=103&#038;_nc_ohc=bDeyVy-bEEoAX9WRhp6&#038;_nc_ht=scontent.fuio15-1.fna&#038;oh=ed782b8e690ba3f2636c38e782803da7&#038;oe=5ED268D5\"><img decoding=\"async\" class=\"wp_automatic_fb_img\" title=\"\" src=\"https:\/\/scontent.fuio15-1.fna.fbcdn.net\/v\/t1.0-9\/85080015_1522580994564100_5907605993843326976_o.jpg?_nc_cat=103&#038;_nc_ohc=bDeyVy-bEEoAX9WRhp6&#038;_nc_ht=scontent.fuio15-1.fna&#038;oh=ed782b8e690ba3f2636c38e782803da7&#038;oe=5ED268D5\" \/><\/a><br \/><a href=\"https:\/\/scontent.fuio15-1.fna.fbcdn.net\/v\/t1.0-9\/84604988_1522580987897434_1513363406424375296_o.jpg?_nc_cat=100&#038;_nc_ohc=RzkIMo0Vd2cAX-JCSuo&#038;_nc_ht=scontent.fuio15-1.fna&#038;oh=2be5b9294bfb30ef0807463f9bd9ce07&#038;oe=5ED3400F\"><img decoding=\"async\" class=\"wp_automatic_fb_img\" title=\"\" src=\"https:\/\/scontent.fuio15-1.fna.fbcdn.net\/v\/t1.0-9\/84604988_1522580987897434_1513363406424375296_o.jpg?_nc_cat=100&#038;_nc_ohc=RzkIMo0Vd2cAX-JCSuo&#038;_nc_ht=scontent.fuio15-1.fna&#038;oh=2be5b9294bfb30ef0807463f9bd9ce07&#038;oe=5ED3400F\" \/><\/a><\/p>\n","protected":false},"author":1,"featured_media":1517,"comment_status":"open","ping_status":"open","sticky":false,"template":"","format":"standard","meta":[],"categories":[1],"tags":[575,88,578,29,125,576,276,579,119,577],"_links":{"self":[{"href":"https:\/\/bomberos.puyo.gob.ec\/2019\/wp-json\/wp\/v2\/posts\/1516"}],"collection":[{"href":"https:\/\/bomberos.puyo.gob.ec\/2019\/wp-json\/wp\/v2\/posts"}],"about":[{"href":"https:\/\/bomberos.puyo.gob.ec\/2019\/wp-json\/wp\/v2\/types\/post"}],"author":[{"embeddable":true,"href":"https:\/\/bomberos.puyo.gob.ec\/2019\/wp-json\/wp\/v2\/users\/1"}],"replies":[{"embeddable":true,"href":"https:\/\/bomberos.puyo.gob.ec\/2019\/wp-json\/wp\/v2\/comments?post=1516"}],"version-history":[{"count":1,"href":"https:\/\/bomberos.puyo.gob.ec\/2019\/wp-json\/wp\/v2\/posts\/1516\/revisions"}],"predecessor-version":[{"id":1518,"href":"https:\/\/bomberos.puyo.gob.ec\/2019\/wp-json\/wp\/v2\/posts\/1516\/revisions\/1518"}],"wp:featuredmedia":[{"embeddable":true,"href":"https:\/\/bomberos.puyo.gob.ec\/2019\/wp-json\/wp\/v2\/media\/1517"}],"wp:attachment":[{"href":"https:\/\/bomberos.puyo.gob.ec\/2019\/wp-json\/wp\/v2\/media?parent=1516"}],"wp:term":[{"taxonomy":"category","embeddable":true,"href":"https:\/\/bomberos.puyo.gob.ec\/2019\/wp-json\/wp\/v2\/categories?post=1516"},{"taxonomy":"post_tag","embeddable":true,"href":"https:\/\/bomberos.puyo.gob.ec\/2019\/wp-json\/wp\/v2\/tags?post=1516"}],"curies":[{"name":"wp","href":"https:\/\/api.w.org\/{rel}","templated":true}]}}