{"id":1507,"date":"2020-02-03T17:59:28","date_gmt":"2020-02-03T22:59:28","guid":{"rendered":"https:\/\/bomberos.puyo.gob.ec\/agenda-a-esta-hora-carolina-valdiviezo-gobernadora-de-la-provincia-junto-a\/"},"modified":"2020-02-03T18:02:09","modified_gmt":"2020-02-03T23:02:09","slug":"agenda-a-esta-hora-carolina-valdiviezo-gobernadora-de-la-provincia-junto-a","status":"publish","type":"post","link":"https:\/\/bomberos.puyo.gob.ec\/2019\/agenda-a-esta-hora-carolina-valdiviezo-gobernadora-de-la-provincia-junto-a\/","title":{"rendered":"#Agenda || A esta hora, Carolina Valdiviezo, Gobernadora de la provincia junto a&#8230;"},"content":{"rendered":"<p><a class=\"_58cn\" href=\"https:\/\/facebook.com\/hashtag\/agenda?source=feed_text&#038;epa=HASHTAG&#038;__xts__%5B0%5D=68.ARAs0313I7CtC6hW7-Xyfgo2O3m3WbIQwhSGxitMWWPMBpp1RzRyhHMOHlnf3dF_RkOE5mFtdYfJOA6AtWKtHYCdxJCt8hD-MKSkhdR6zq7iDf86fViehx1ErXgctV8moTsTXmEptFmg88nFTm3Lns8KOd_6nBapzDAvTcqz1YgngWpMDCfMhe41CKYnYkHfFfCUCQcFpcn-k3jx03VImiCDNOAu8DBGuibIK4HVjiCrYY96ia8e97YtG2_5BL9MzJb5vPphcYEeubk_Nyoqjp1t2aIw4B_vEMfkTzDBoYbXt1MrpBkcu0oCMl4NVaydT-fbRuvV4frg8vRSM1O0n1IlfaFdg7ldZrtsFoawe6wfbVyCKZH5wy_m3Gf8DQfnkTk5ViGjiWzRLJ00LvRqBxUvJ8Ri_VSN67qtvDbLvkFxceyioeDo4eJahkSAvhkPavr7V5Y72kvPYL54OtFBM2EKM3GlKNCz5agF6gx-05viGL3XIn0-96PW&#038;__tn__=%2ANKH-R\" data-ft=\"&#123;&quot;type&quot;:104,&quot;tn&quot;:&quot;*N&quot;&#125;\"><span class=\"_5afx\"><span aria-label=\"hashtag\" class=\"_58cl _5afz\">#Agenda<\/span><\/span><\/a> || A esta hora, Carolina Valdiviezo, Gobernadora de la provincia junto a Rolando Ramos, Comandante del Cuerpo de Bomberos de Pastaza, presiden el Grupo de Trabajo de B\u00fasqueda y Rescate 3, con el objetivo de continuar con la b\u00fasqueda de una persona desaparecida en el R\u00edo Puyo producto de las fuertes lluvias en d\u00edas anteriores, la convocatoria cuenta con la presencia de familiares y amigos del desaparecido, quienes brindar\u00e1n su contingente de apoyo para el plan dispuesto por los entes pertinentes. <\/p>\n<p> <a class=\"_58cn\" href=\"https:\/\/facebook.com\/hashtag\/carolinavaldiviezogobernadora?source=feed_text&#038;epa=HASHTAG&#038;__xts__%5B0%5D=68.ARAs0313I7CtC6hW7-Xyfgo2O3m3WbIQwhSGxitMWWPMBpp1RzRyhHMOHlnf3dF_RkOE5mFtdYfJOA6AtWKtHYCdxJCt8hD-MKSkhdR6zq7iDf86fViehx1ErXgctV8moTsTXmEptFmg88nFTm3Lns8KOd_6nBapzDAvTcqz1YgngWpMDCfMhe41CKYnYkHfFfCUCQcFpcn-k3jx03VImiCDNOAu8DBGuibIK4HVjiCrYY96ia8e97YtG2_5BL9MzJb5vPphcYEeubk_Nyoqjp1t2aIw4B_vEMfkTzDBoYbXt1MrpBkcu0oCMl4NVaydT-fbRuvV4frg8vRSM1O0n1IlfaFdg7ldZrtsFoawe6wfbVyCKZH5wy_m3Gf8DQfnkTk5ViGjiWzRLJ00LvRqBxUvJ8Ri_VSN67qtvDbLvkFxceyioeDo4eJahkSAvhkPavr7V5Y72kvPYL54OtFBM2EKM3GlKNCz5agF6gx-05viGL3XIn0-96PW&#038;__tn__=%2ANKH-R\" data-ft=\"&#123;&quot;type&quot;:104,&quot;tn&quot;:&quot;*N&quot;&#125;\"><span class=\"_5afx\"><span aria-label=\"hashtag\" class=\"_58cl _5afz\">#CarolinaValdiviezoGobernadora<\/span><\/span><\/a><\/p>\n<p><a href=\"https:\/\/bomberos.puyo.gob.ec\/2019\/wp-content\/uploads\/Agenda-A-esta-hora-Carolina-Valdiviezo-Gobernadora-de-la.fna&#038;oh=4f85691731453618eb89c66becf2c3e0&#038;oe=5ED4A017.jpeg\"><img decoding=\"async\" class=\"wp_automatic_fb_img\" title=\"\" src=\"https:\/\/bomberos.puyo.gob.ec\/2019\/wp-content\/uploads\/Agenda-A-esta-hora-Carolina-Valdiviezo-Gobernadora-de-la.fna&#038;oh=4f85691731453618eb89c66becf2c3e0&#038;oe=5ED4A017.jpeg\" \/><\/a><br \/><a href=\"https:\/\/bomberos.puyo.gob.ec\/2019\/wp-content\/uploads\/Agenda-A-esta-hora-Carolina-Valdiviezo-Gobernadora-de-la.fna&#038;oh=a0d909e9436f412390d45042e89b2702&#038;oe=5EC4E396.jpeg\"><img decoding=\"async\" class=\"wp_automatic_fb_img\" title=\"\" src=\"https:\/\/bomberos.puyo.gob.ec\/2019\/wp-content\/uploads\/Agenda-A-esta-hora-Carolina-Valdiviezo-Gobernadora-de-la.fna&#038;oh=a0d909e9436f412390d45042e89b2702&#038;oe=5EC4E396.jpeg\" \/><\/a><br \/><a href=\"https:\/\/bomberos.puyo.gob.ec\/2019\/wp-content\/uploads\/Agenda-A-esta-hora-Carolina-Valdiviezo-Gobernadora-de-la.fna&#038;oh=be1941dfe4b6101f1df13f98c2df1f30&#038;oe=5EC36522.jpeg\"><img decoding=\"async\" class=\"wp_automatic_fb_img\" title=\"\" src=\"https:\/\/bomberos.puyo.gob.ec\/2019\/wp-content\/uploads\/Agenda-A-esta-hora-Carolina-Valdiviezo-Gobernadora-de-la.fna&#038;oh=be1941dfe4b6101f1df13f98c2df1f30&#038;oe=5EC36522.jpeg\" \/><\/a><br \/><a href=\"https:\/\/bomberos.puyo.gob.ec\/2019\/wp-content\/uploads\/Agenda-A-esta-hora-Carolina-Valdiviezo-Gobernadora-de-la.fna&#038;oh=484e112598e6435e0d4803c8043fd613&#038;oe=5ED488D0.jpeg\"><img decoding=\"async\" class=\"wp_automatic_fb_img\" title=\"\" src=\"https:\/\/bomberos.puyo.gob.ec\/2019\/wp-content\/uploads\/Agenda-A-esta-hora-Carolina-Valdiviezo-Gobernadora-de-la.fna&#038;oh=484e112598e6435e0d4803c8043fd613&#038;oe=5ED488D0.jpeg\" \/><\/a><br \/>\n<br \/><a href=\"https:\/\/www.facebook.com\/465093860312824\/posts\/1518473328308200\">en facebook&#8230; <\/a>  <\/p>\n","protected":false},"excerpt":{"rendered":"<p><a class=\"_58cn\" href=\"https:\/\/facebook.com\/hashtag\/agenda?source=feed_text&#038;epa=HASHTAG&#038;__xts__%5B0%5D=68.ARAs0313I7CtC6hW7-Xyfgo2O3m3WbIQwhSGxitMWWPMBpp1RzRyhHMOHlnf3dF_RkOE5mFtdYfJOA6AtWKtHYCdxJCt8hD-MKSkhdR6zq7iDf86fViehx1ErXgctV8moTsTXmEptFmg88nFTm3Lns8KOd_6nBapzDAvTcqz1YgngWpMDCfMhe41CKYnYkHfFfCUCQcFpcn-k3jx03VImiCDNOAu8DBGuibIK4HVjiCrYY96ia8e97YtG2_5BL9MzJb5vPphcYEeubk_Nyoqjp1t2aIw4B_vEMfkTzDBoYbXt1MrpBkcu0oCMl4NVaydT-fbRuvV4frg8vRSM1O0n1IlfaFdg7ldZrtsFoawe6wfbVyCKZH5wy_m3Gf8DQfnkTk5ViGjiWzRLJ00LvRqBxUvJ8Ri_VSN67qtvDbLvkFxceyioeDo4eJahkSAvhkPavr7V5Y72kvPYL54OtFBM2EKM3GlKNCz5agF6gx-05viGL3XIn0-96PW&#038;__tn__=%2ANKH-R\" data-ft=\"&#123;&quot;type&quot;:104,&quot;tn&quot;:&quot;*N&quot;&#125;\"><span class=\"_5afx\"><span aria-label=\"hashtag\" class=\"_58cl _5afz\">#Agenda<\/span><\/span><\/a> || A esta hora, Carolina Valdiviezo, Gobernadora de la provincia junto a Rolando Ramos, Comandante del Cuerpo de Bomberos de Pastaza, presiden el Grupo de Trabajo de B\u00fasqueda y Rescate 3, con el objetivo de continuar con la b\u00fasqueda de una persona desaparecida en el R\u00edo Puyo producto de las fuertes lluvias en d\u00edas anteriores, la convocatoria cuenta con la presencia de familiares y amigos del desaparecido, quienes brindar\u00e1n su contingente de apoyo para el plan dispuesto por los entes pertinentes. <\/p>\n<p> <a class=\"_58cn\" href=\"https:\/\/facebook.com\/hashtag\/carolinavaldiviezogobernadora?source=feed_text&#038;epa=HASHTAG&#038;__xts__%5B0%5D=68.ARAs0313I7CtC6hW7-Xyfgo2O3m3WbIQwhSGxitMWWPMBpp1RzRyhHMOHlnf3dF_RkOE5mFtdYfJOA6AtWKtHYCdxJCt8hD-MKSkhdR6zq7iDf86fViehx1ErXgctV8moTsTXmEptFmg88nFTm3Lns8KOd_6nBapzDAvTcqz1YgngWpMDCfMhe41CKYnYkHfFfCUCQcFpcn-k3jx03VImiCDNOAu8DBGuibIK4HVjiCrYY96ia8e97YtG2_5BL9MzJb5vPphcYEeubk_Nyoqjp1t2aIw4B_vEMfkTzDBoYbXt1MrpBkcu0oCMl4NVaydT-fbRuvV4frg8vRSM1O0n1IlfaFdg7ldZrtsFoawe6wfbVyCKZH5wy_m3Gf8DQfnkTk5ViGjiWzRLJ00LvRqBxUvJ8Ri_VSN67qtvDbLvkFxceyioeDo4eJahkSAvhkPavr7V5Y72kvPYL54OtFBM2EKM3GlKNCz5agF6gx-05viGL3XIn0-96PW&#038;__tn__=%2ANKH-R\" data-ft=\"&#123;&quot;type&quot;:104,&quot;tn&quot;:&quot;*N&quot;&#125;\"><span class=\"_5afx\"><span aria-label=\"hashtag\" class=\"_58cl _5afz\">#CarolinaValdiviezoGobernadora<\/span><\/span><\/a><\/p>\n<p><a href=\"https:\/\/scontent.fuio15-1.fna.fbcdn.net\/v\/t1.0-9\/83877245_2457146294415019_1950148313273597952_o.jpg?_nc_cat=105&#038;_nc_ohc=JwmWBZ7G2q0AX-jcsfZ&#038;_nc_ht=scontent.fuio15-1.fna&#038;oh=4f85691731453618eb89c66becf2c3e0&#038;oe=5ED4A017\"><img decoding=\"async\" class=\"wp_automatic_fb_img\" title=\"\" src=\"https:\/\/scontent.fuio15-1.fna.fbcdn.net\/v\/t1.0-9\/83877245_2457146294415019_1950148313273597952_o.jpg?_nc_cat=105&#038;_nc_ohc=JwmWBZ7G2q0AX-jcsfZ&#038;_nc_ht=scontent.fuio15-1.fna&#038;oh=4f85691731453618eb89c66becf2c3e0&#038;oe=5ED4A017\" \/><\/a><br \/><a href=\"https:\/\/scontent.fuio15-1.fna.fbcdn.net\/v\/t1.0-9\/85046180_2457146281081687_5736916988408627200_o.jpg?_nc_cat=110&#038;_nc_ohc=-62Gpl8VeIwAX9MJ7sn&#038;_nc_ht=scontent.fuio15-1.fna&#038;oh=a0d909e9436f412390d45042e89b2702&#038;oe=5EC4E396\"><img decoding=\"async\" class=\"wp_automatic_fb_img\" title=\"\" src=\"https:\/\/scontent.fuio15-1.fna.fbcdn.net\/v\/t1.0-9\/85046180_2457146281081687_5736916988408627200_o.jpg?_nc_cat=110&#038;_nc_ohc=-62Gpl8VeIwAX9MJ7sn&#038;_nc_ht=scontent.fuio15-1.fna&#038;oh=a0d909e9436f412390d45042e89b2702&#038;oe=5EC4E396\" \/><\/a><br \/><a href=\"https:\/\/scontent.fuio15-1.fna.fbcdn.net\/v\/t1.0-9\/84002711_2457146414415007_7258065654417195008_o.jpg?_nc_cat=109&#038;_nc_ohc=Rnu1Twf_AvoAX_vYQK2&#038;_nc_ht=scontent.fuio15-1.fna&#038;oh=be1941dfe4b6101f1df13f98c2df1f30&#038;oe=5EC36522\"><img decoding=\"async\" class=\"wp_automatic_fb_img\" title=\"\" src=\"https:\/\/scontent.fuio15-1.fna.fbcdn.net\/v\/t1.0-9\/84002711_2457146414415007_7258065654417195008_o.jpg?_nc_cat=109&#038;_nc_ohc=Rnu1Twf_AvoAX_vYQK2&#038;_nc_ht=scontent.fuio15-1.fna&#038;oh=be1941dfe4b6101f1df13f98c2df1f30&#038;oe=5EC36522\" \/><\/a><br \/><a href=\"https:\/\/scontent.fuio15-1.fna.fbcdn.net\/v\/t1.0-9\/85028055_2457146314415017_6779877941439365120_o.jpg?_nc_cat=110&#038;_nc_ohc=11Qgg_BvxBwAX8Sk2B9&#038;_nc_ht=scontent.fuio15-1.fna&#038;oh=484e112598e6435e0d4803c8043fd613&#038;oe=5ED488D0\"><img decoding=\"async\" class=\"wp_automatic_fb_img\" title=\"\" src=\"https:\/\/scontent.fuio15-1.fna.fbcdn.net\/v\/t1.0-9\/85028055_2457146314415017_6779877941439365120_o.jpg?_nc_cat=110&#038;_nc_ohc=11Qgg_BvxBwAX8Sk2B9&#038;_nc_ht=scontent.fuio15-1.fna&#038;oh=484e112598e6435e0d4803c8043fd613&#038;oe=5ED488D0\" \/><\/a><\/p>\n","protected":false},"author":1,"featured_media":1508,"comment_status":"open","ping_status":"open","sticky":false,"template":"","format":"standard","meta":[],"categories":[1],"tags":[564,567,565,454,569,566,571,570,568],"_links":{"self":[{"href":"https:\/\/bomberos.puyo.gob.ec\/2019\/wp-json\/wp\/v2\/posts\/1507"}],"collection":[{"href":"https:\/\/bomberos.puyo.gob.ec\/2019\/wp-json\/wp\/v2\/posts"}],"about":[{"href":"https:\/\/bomberos.puyo.gob.ec\/2019\/wp-json\/wp\/v2\/types\/post"}],"author":[{"embeddable":true,"href":"https:\/\/bomberos.puyo.gob.ec\/2019\/wp-json\/wp\/v2\/users\/1"}],"replies":[{"embeddable":true,"href":"https:\/\/bomberos.puyo.gob.ec\/2019\/wp-json\/wp\/v2\/comments?post=1507"}],"version-history":[{"count":1,"href":"https:\/\/bomberos.puyo.gob.ec\/2019\/wp-json\/wp\/v2\/posts\/1507\/revisions"}],"predecessor-version":[{"id":1509,"href":"https:\/\/bomberos.puyo.gob.ec\/2019\/wp-json\/wp\/v2\/posts\/1507\/revisions\/1509"}],"wp:featuredmedia":[{"embeddable":true,"href":"https:\/\/bomberos.puyo.gob.ec\/2019\/wp-json\/wp\/v2\/media\/1508"}],"wp:attachment":[{"href":"https:\/\/bomberos.puyo.gob.ec\/2019\/wp-json\/wp\/v2\/media?parent=1507"}],"wp:term":[{"taxonomy":"category","embeddable":true,"href":"https:\/\/bomberos.puyo.gob.ec\/2019\/wp-json\/wp\/v2\/categories?post=1507"},{"taxonomy":"post_tag","embeddable":true,"href":"https:\/\/bomberos.puyo.gob.ec\/2019\/wp-json\/wp\/v2\/tags?post=1507"}],"curies":[{"name":"wp","href":"https:\/\/api.w.org\/{rel}","templated":true}]}}