{"id":1434,"date":"2020-01-21T16:00:00","date_gmt":"2020-01-21T21:00:00","guid":{"rendered":"https:\/\/bomberos.puyo.gob.ec\/emergenciamedica-6\/"},"modified":"2020-01-21T16:04:20","modified_gmt":"2020-01-21T21:04:20","slug":"emergenciamedica-6","status":"publish","type":"post","link":"https:\/\/bomberos.puyo.gob.ec\/2019\/emergenciamedica-6\/","title":{"rendered":"| #EmergenciaM\u00e9dica |&#8230;"},"content":{"rendered":"<p>| <a class=\"_58cn\" href=\"https:\/\/facebook.com\/hashtag\/emergenciam&#xe9;dica?source=feed_text&#038;epa=HASHTAG&#038;__xts__%5B0%5D=68.ARBgeN5Ouh6Rkwm0JnRnhj6F2jOo-rPxFAY_XlLEhsliz2ErBekHRt2UF2OqFw5aT3iLPu15FSURii1-bUNXWwR36X6KKA0ZWDDujbnTwIQZNd5lh2la_xl1khxdCOGKP6bO7H9UpcPe7m5oidruh00Y0shNKaVWs9IxlQr1LRMaVdM3ePKuTMFJWMP6VvQekBeij4hsknj0vzrnhi_RQlO5QohKEIlPvb-ISAgzlZDanFAhiJNByO2Tr5xUj0-zk1i8XF9Z4rkKOz50MYCNqoLSlo8dxsveJofxb_Fyd9Ftn8bHQu0ZJbG3DBWPW0LVO4zIxZzb9ULJYVbUnIJKPKZyFg&#038;__tn__=%2ANK-R\" data-ft=\"&#123;&quot;type&quot;:104,&quot;tn&quot;:&quot;*N&quot;&#125;\"><span class=\"_5afx\"><span aria-label=\"hashtag\" class=\"_58cl _5afz\">#EmergenciaM\u00e9dica<\/span><\/span><\/a> |<br \/> Por llamado a la central de radios del Cuerpo de Bomberos Pastaza, una unidad se dirige a una emergencia m\u00e9dica en el sector del terminal terrestre; Donde un paciente de 47 a\u00f1os de edad pierde estabilidad motora debido a un posible efecto adverso a una medicaci\u00f3n y por ende sufre ca\u00edda de su propia altura ocasionando una herida contusa en su cabeza regi\u00f3n parte frontal de 3 cm aproximadamente, se traslada al Hospital Genera IESS Puyo quien recibe la Doctora en turno.<\/p>\n<p><a href=\"https:\/\/bomberos.puyo.gob.ec\/2019\/wp-content\/uploads\/EmergenciaMedica.fna&#038;oh=6de76c60bb93a5c60dcfbb65c3897dbb&#038;oe=5E9151C8.jpeg\"><img decoding=\"async\" class=\"wp_automatic_fb_img\" title=\"\" src=\"https:\/\/bomberos.puyo.gob.ec\/2019\/wp-content\/uploads\/EmergenciaMedica.fna&#038;oh=6de76c60bb93a5c60dcfbb65c3897dbb&#038;oe=5E9151C8.jpeg\" \/><\/a><br \/><a href=\"https:\/\/bomberos.puyo.gob.ec\/2019\/wp-content\/uploads\/EmergenciaMedica.fna&#038;oh=9a40a289da8c85b7572c2bb7bd04966f&#038;oe=5E934762.jpeg\"><img decoding=\"async\" class=\"wp_automatic_fb_img\" title=\"\" src=\"https:\/\/bomberos.puyo.gob.ec\/2019\/wp-content\/uploads\/EmergenciaMedica.fna&#038;oh=9a40a289da8c85b7572c2bb7bd04966f&#038;oe=5E934762.jpeg\" \/><\/a><br \/><a href=\"https:\/\/bomberos.puyo.gob.ec\/2019\/wp-content\/uploads\/EmergenciaMedica.fna&#038;oh=4ba71221d8e29e9e72260ee6dbc559b0&#038;oe=5E944238.jpeg\"><img decoding=\"async\" class=\"wp_automatic_fb_img\" title=\"\" src=\"https:\/\/bomberos.puyo.gob.ec\/2019\/wp-content\/uploads\/EmergenciaMedica.fna&#038;oh=4ba71221d8e29e9e72260ee6dbc559b0&#038;oe=5E944238.jpeg\" \/><\/a><br \/>\n<br \/><a href=\"https:\/\/www.facebook.com\/465093860312824\/posts\/1507364599419073\">en facebook&#8230; <\/a>  <\/p>\n","protected":false},"excerpt":{"rendered":"<p>| <a class=\"_58cn\" href=\"https:\/\/facebook.com\/hashtag\/emergenciam&#xe9;dica?source=feed_text&#038;epa=HASHTAG&#038;__xts__%5B0%5D=68.ARBgeN5Ouh6Rkwm0JnRnhj6F2jOo-rPxFAY_XlLEhsliz2ErBekHRt2UF2OqFw5aT3iLPu15FSURii1-bUNXWwR36X6KKA0ZWDDujbnTwIQZNd5lh2la_xl1khxdCOGKP6bO7H9UpcPe7m5oidruh00Y0shNKaVWs9IxlQr1LRMaVdM3ePKuTMFJWMP6VvQekBeij4hsknj0vzrnhi_RQlO5QohKEIlPvb-ISAgzlZDanFAhiJNByO2Tr5xUj0-zk1i8XF9Z4rkKOz50MYCNqoLSlo8dxsveJofxb_Fyd9Ftn8bHQu0ZJbG3DBWPW0LVO4zIxZzb9ULJYVbUnIJKPKZyFg&#038;__tn__=%2ANK-R\" data-ft=\"&#123;&quot;type&quot;:104,&quot;tn&quot;:&quot;*N&quot;&#125;\"><span class=\"_5afx\"><span aria-label=\"hashtag\" class=\"_58cl _5afz\">#EmergenciaM\u00e9dica<\/span><\/span><\/a> |<br \/> Por llamado a la central de radios del Cuerpo de Bomberos Pastaza, una unidad se dirige a una emergencia m\u00e9dica en el sector del terminal terrestre; Donde un paciente de 47 a\u00f1os de edad pierde estabilidad motora debido a un posible efecto adverso a una medicaci\u00f3n y por ende sufre ca\u00edda de su propia altura ocasionando una herida contusa en su cabeza regi\u00f3n parte frontal de 3 cm aproximadamente, se traslada al Hospital Genera IESS Puyo quien recibe la Doctora en turno.<\/p>\n<p><a href=\"https:\/\/scontent.fuio15-1.fna.fbcdn.net\/v\/t1.0-9\/82766737_1507364339419099_7737241480456044544_o.jpg?_nc_cat=109&#038;_nc_ohc=RaGeZg4AP-UAX9ETX9L&#038;_nc_ht=scontent.fuio15-1.fna&#038;oh=6de76c60bb93a5c60dcfbb65c3897dbb&#038;oe=5E9151C8\"><img decoding=\"async\" class=\"wp_automatic_fb_img\" title=\"\" src=\"https:\/\/scontent.fuio15-1.fna.fbcdn.net\/v\/t1.0-9\/82766737_1507364339419099_7737241480456044544_o.jpg?_nc_cat=109&#038;_nc_ohc=RaGeZg4AP-UAX9ETX9L&#038;_nc_ht=scontent.fuio15-1.fna&#038;oh=6de76c60bb93a5c60dcfbb65c3897dbb&#038;oe=5E9151C8\" \/><\/a><br \/><a href=\"https:\/\/scontent.fuio15-1.fna.fbcdn.net\/v\/t1.0-9\/83331092_1507364302752436_8180882585333792768_o.jpg?_nc_cat=111&#038;_nc_ohc=gSzwhGH2MisAX8-RZN-&#038;_nc_ht=scontent.fuio15-1.fna&#038;oh=9a40a289da8c85b7572c2bb7bd04966f&#038;oe=5E934762\"><img decoding=\"async\" class=\"wp_automatic_fb_img\" title=\"\" src=\"https:\/\/scontent.fuio15-1.fna.fbcdn.net\/v\/t1.0-9\/83331092_1507364302752436_8180882585333792768_o.jpg?_nc_cat=111&#038;_nc_ohc=gSzwhGH2MisAX8-RZN-&#038;_nc_ht=scontent.fuio15-1.fna&#038;oh=9a40a289da8c85b7572c2bb7bd04966f&#038;oe=5E934762\" \/><\/a><br \/><a href=\"https:\/\/scontent.fuio15-1.fna.fbcdn.net\/v\/t1.0-9\/82942996_1507364292752437_7870198953382248448_o.jpg?_nc_cat=106&#038;_nc_ohc=O21Tl7ogTL8AX-_p91W&#038;_nc_ht=scontent.fuio15-1.fna&#038;oh=4ba71221d8e29e9e72260ee6dbc559b0&#038;oe=5E944238\"><img decoding=\"async\" class=\"wp_automatic_fb_img\" title=\"\" src=\"https:\/\/scontent.fuio15-1.fna.fbcdn.net\/v\/t1.0-9\/82942996_1507364292752437_7870198953382248448_o.jpg?_nc_cat=106&#038;_nc_ohc=O21Tl7ogTL8AX-_p91W&#038;_nc_ht=scontent.fuio15-1.fna&#038;oh=4ba71221d8e29e9e72260ee6dbc559b0&#038;oe=5E944238\" \/><\/a><\/p>\n","protected":false},"author":1,"featured_media":1435,"comment_status":"open","ping_status":"open","sticky":false,"template":"","format":"standard","meta":[],"categories":[1],"tags":[29],"_links":{"self":[{"href":"https:\/\/bomberos.puyo.gob.ec\/2019\/wp-json\/wp\/v2\/posts\/1434"}],"collection":[{"href":"https:\/\/bomberos.puyo.gob.ec\/2019\/wp-json\/wp\/v2\/posts"}],"about":[{"href":"https:\/\/bomberos.puyo.gob.ec\/2019\/wp-json\/wp\/v2\/types\/post"}],"author":[{"embeddable":true,"href":"https:\/\/bomberos.puyo.gob.ec\/2019\/wp-json\/wp\/v2\/users\/1"}],"replies":[{"embeddable":true,"href":"https:\/\/bomberos.puyo.gob.ec\/2019\/wp-json\/wp\/v2\/comments?post=1434"}],"version-history":[{"count":1,"href":"https:\/\/bomberos.puyo.gob.ec\/2019\/wp-json\/wp\/v2\/posts\/1434\/revisions"}],"predecessor-version":[{"id":1436,"href":"https:\/\/bomberos.puyo.gob.ec\/2019\/wp-json\/wp\/v2\/posts\/1434\/revisions\/1436"}],"wp:featuredmedia":[{"embeddable":true,"href":"https:\/\/bomberos.puyo.gob.ec\/2019\/wp-json\/wp\/v2\/media\/1435"}],"wp:attachment":[{"href":"https:\/\/bomberos.puyo.gob.ec\/2019\/wp-json\/wp\/v2\/media?parent=1434"}],"wp:term":[{"taxonomy":"category","embeddable":true,"href":"https:\/\/bomberos.puyo.gob.ec\/2019\/wp-json\/wp\/v2\/categories?post=1434"},{"taxonomy":"post_tag","embeddable":true,"href":"https:\/\/bomberos.puyo.gob.ec\/2019\/wp-json\/wp\/v2\/tags?post=1434"}],"curies":[{"name":"wp","href":"https:\/\/api.w.org\/{rel}","templated":true}]}}