{"id":1431,"date":"2020-01-21T08:12:55","date_gmt":"2020-01-21T13:12:55","guid":{"rendered":"https:\/\/bomberos.puyo.gob.ec\/accidentedetransito-emergenciamedica\/"},"modified":"2020-01-21T08:46:20","modified_gmt":"2020-01-21T13:46:20","slug":"accidentedetransito-emergenciamedica","status":"publish","type":"post","link":"https:\/\/bomberos.puyo.gob.ec\/2019\/accidentedetransito-emergenciamedica\/","title":{"rendered":"| #AccidentedeTr\u00e1nsito | #EmergenciaM\u00e9dica |&#8230;"},"content":{"rendered":"<p>| <a class=\"_58cn\" href=\"https:\/\/facebook.com\/hashtag\/accidentedetr&#xe1;nsito?source=feed_text&#038;epa=HASHTAG&#038;__xts__%5B0%5D=68.ARBQz8g-YxrN81Nkmw6E90_pc_4elDrLD-ouMoHhYHInWN2ciOsPedszI6jKcs7qpP26pVf9xlBcfo2rGwwQx36pAfdcnKgD8g_byxa11246BnehRKyat0wBNOkqRstVbgdmZ32YOLhc1EbVUb1NXd8HDiwrkNm56xFO-aByLTCGXMz51qxj_Wli21tfgGbR54Egjy2rJIx61Cj9a0coE6rnssEwPfSx8UIuikKYElRl5EsKQ798nfORRFbHzY93kZvnQzMuLJO-03ZGbbnF8Bm7Poq3EcxxIjJ1hkct9HmfGs7jcxX4yMGBlhDj0ujloHFqhmC-9aCnmHT3uER0pcaDig&#038;__tn__=%2ANK-R\" data-ft=\"&#123;&quot;type&quot;:104,&quot;tn&quot;:&quot;*N&quot;&#125;\"><span class=\"_5afx\"><span aria-label=\"hashtag\" class=\"_58cl _5afz\">#AccidentedeTr\u00e1nsito<\/span><\/span><\/a> | <a class=\"_58cn\" href=\"https:\/\/facebook.com\/hashtag\/emergenciam&#xe9;dica?source=feed_text&#038;epa=HASHTAG&#038;__xts__%5B0%5D=68.ARBQz8g-YxrN81Nkmw6E90_pc_4elDrLD-ouMoHhYHInWN2ciOsPedszI6jKcs7qpP26pVf9xlBcfo2rGwwQx36pAfdcnKgD8g_byxa11246BnehRKyat0wBNOkqRstVbgdmZ32YOLhc1EbVUb1NXd8HDiwrkNm56xFO-aByLTCGXMz51qxj_Wli21tfgGbR54Egjy2rJIx61Cj9a0coE6rnssEwPfSx8UIuikKYElRl5EsKQ798nfORRFbHzY93kZvnQzMuLJO-03ZGbbnF8Bm7Poq3EcxxIjJ1hkct9HmfGs7jcxX4yMGBlhDj0ujloHFqhmC-9aCnmHT3uER0pcaDig&#038;__tn__=%2ANK-R\" data-ft=\"&#123;&quot;type&quot;:104,&quot;tn&quot;:&quot;*N&quot;&#125;\"><span class=\"_5afx\"><span aria-label=\"hashtag\" class=\"_58cl _5afz\">#EmergenciaM\u00e9dica<\/span><\/span><\/a> |<br \/> La unidad bomberil alertados por un accidente de tr\u00e1nsito suscitado, con 3 efectivos se dirige al lugar del suceso en las calles Cumand\u00e1 y Luis Arias Guerra, donde al llegar se procede a estabilizar a v\u00edctima del accidente, inmediatamente se la traslada al hospital del IESS y queda a cargo del Dr. En turno.<\/p>\n<p><a href=\"https:\/\/bomberos.puyo.gob.ec\/2019\/wp-content\/uploads\/AccidentedeTransito-EmergenciaMedica.fna&#038;oh=ad573df2c2b6f5306642583c3de5324b&#038;oe=5ECE5BF7.jpeg\"><img decoding=\"async\" class=\"wp_automatic_fb_img\" title=\"\" src=\"https:\/\/bomberos.puyo.gob.ec\/2019\/wp-content\/uploads\/AccidentedeTransito-EmergenciaMedica.fna&#038;oh=ad573df2c2b6f5306642583c3de5324b&#038;oe=5ECE5BF7.jpeg\" \/><\/a><br \/><a href=\"https:\/\/bomberos.puyo.gob.ec\/2019\/wp-content\/uploads\/AccidentedeTransito-EmergenciaMedica.fna&#038;oh=e0bf327e80c7d43162efc3e77a814e15&#038;oe=5E90113D.jpeg\"><img decoding=\"async\" class=\"wp_automatic_fb_img\" title=\"\" src=\"https:\/\/bomberos.puyo.gob.ec\/2019\/wp-content\/uploads\/AccidentedeTransito-EmergenciaMedica.fna&#038;oh=e0bf327e80c7d43162efc3e77a814e15&#038;oe=5E90113D.jpeg\" \/><\/a><br \/><a href=\"https:\/\/bomberos.puyo.gob.ec\/2019\/wp-content\/uploads\/AccidentedeTransito-EmergenciaMedica.fna&#038;oh=7fd008360133b59802d4a7e283ebb227&#038;oe=5ECDF89D.jpeg\"><img decoding=\"async\" class=\"wp_automatic_fb_img\" title=\"\" src=\"https:\/\/bomberos.puyo.gob.ec\/2019\/wp-content\/uploads\/AccidentedeTransito-EmergenciaMedica.fna&#038;oh=7fd008360133b59802d4a7e283ebb227&#038;oe=5ECDF89D.jpeg\" \/><\/a><br \/>\n<br \/><a href=\"https:\/\/www.facebook.com\/465093860312824\/posts\/1507065846115615\">en facebook&#8230; <\/a>  <\/p>\n","protected":false},"excerpt":{"rendered":"<p>| <a class=\"_58cn\" href=\"https:\/\/facebook.com\/hashtag\/accidentedetr&#xe1;nsito?source=feed_text&#038;epa=HASHTAG&#038;__xts__%5B0%5D=68.ARBQz8g-YxrN81Nkmw6E90_pc_4elDrLD-ouMoHhYHInWN2ciOsPedszI6jKcs7qpP26pVf9xlBcfo2rGwwQx36pAfdcnKgD8g_byxa11246BnehRKyat0wBNOkqRstVbgdmZ32YOLhc1EbVUb1NXd8HDiwrkNm56xFO-aByLTCGXMz51qxj_Wli21tfgGbR54Egjy2rJIx61Cj9a0coE6rnssEwPfSx8UIuikKYElRl5EsKQ798nfORRFbHzY93kZvnQzMuLJO-03ZGbbnF8Bm7Poq3EcxxIjJ1hkct9HmfGs7jcxX4yMGBlhDj0ujloHFqhmC-9aCnmHT3uER0pcaDig&#038;__tn__=%2ANK-R\" data-ft=\"&#123;&quot;type&quot;:104,&quot;tn&quot;:&quot;*N&quot;&#125;\"><span class=\"_5afx\"><span aria-label=\"hashtag\" class=\"_58cl _5afz\">#AccidentedeTr\u00e1nsito<\/span><\/span><\/a> | <a class=\"_58cn\" href=\"https:\/\/facebook.com\/hashtag\/emergenciam&#xe9;dica?source=feed_text&#038;epa=HASHTAG&#038;__xts__%5B0%5D=68.ARBQz8g-YxrN81Nkmw6E90_pc_4elDrLD-ouMoHhYHInWN2ciOsPedszI6jKcs7qpP26pVf9xlBcfo2rGwwQx36pAfdcnKgD8g_byxa11246BnehRKyat0wBNOkqRstVbgdmZ32YOLhc1EbVUb1NXd8HDiwrkNm56xFO-aByLTCGXMz51qxj_Wli21tfgGbR54Egjy2rJIx61Cj9a0coE6rnssEwPfSx8UIuikKYElRl5EsKQ798nfORRFbHzY93kZvnQzMuLJO-03ZGbbnF8Bm7Poq3EcxxIjJ1hkct9HmfGs7jcxX4yMGBlhDj0ujloHFqhmC-9aCnmHT3uER0pcaDig&#038;__tn__=%2ANK-R\" data-ft=\"&#123;&quot;type&quot;:104,&quot;tn&quot;:&quot;*N&quot;&#125;\"><span class=\"_5afx\"><span aria-label=\"hashtag\" class=\"_58cl _5afz\">#EmergenciaM\u00e9dica<\/span><\/span><\/a> |<br \/> La unidad bomberil alertados por un accidente de tr\u00e1nsito suscitado, con 3 efectivos se dirige al lugar del suceso en las calles Cumand\u00e1 y Luis Arias Guerra, donde al llegar se procede a estabilizar a v\u00edctima del accidente, inmediatamente se la traslada al hospital del IESS y queda a cargo del Dr. En turno.<\/p>\n<p><a href=\"https:\/\/scontent.fuio15-1.fna.fbcdn.net\/v\/t1.0-9\/82419342_1507065782782288_8686819940277157888_o.jpg?_nc_cat=101&#038;_nc_ohc=toRntMwDjXQAX8GVyZQ&#038;_nc_ht=scontent.fuio15-1.fna&#038;oh=ad573df2c2b6f5306642583c3de5324b&#038;oe=5ECE5BF7\"><img decoding=\"async\" class=\"wp_automatic_fb_img\" title=\"\" src=\"https:\/\/scontent.fuio15-1.fna.fbcdn.net\/v\/t1.0-9\/82419342_1507065782782288_8686819940277157888_o.jpg?_nc_cat=101&#038;_nc_ohc=toRntMwDjXQAX8GVyZQ&#038;_nc_ht=scontent.fuio15-1.fna&#038;oh=ad573df2c2b6f5306642583c3de5324b&#038;oe=5ECE5BF7\" \/><\/a><br \/><a href=\"https:\/\/scontent.fuio15-1.fna.fbcdn.net\/v\/t1.0-9\/83444997_1507065792782287_825691167550078976_o.jpg?_nc_cat=100&#038;_nc_ohc=oj66oQ9Ti9MAX9spr88&#038;_nc_ht=scontent.fuio15-1.fna&#038;oh=e0bf327e80c7d43162efc3e77a814e15&#038;oe=5E90113D\"><img decoding=\"async\" class=\"wp_automatic_fb_img\" title=\"\" src=\"https:\/\/scontent.fuio15-1.fna.fbcdn.net\/v\/t1.0-9\/83444997_1507065792782287_825691167550078976_o.jpg?_nc_cat=100&#038;_nc_ohc=oj66oQ9Ti9MAX9spr88&#038;_nc_ht=scontent.fuio15-1.fna&#038;oh=e0bf327e80c7d43162efc3e77a814e15&#038;oe=5E90113D\" \/><\/a><br \/><a href=\"https:\/\/scontent.fuio15-1.fna.fbcdn.net\/v\/t1.0-9\/82616229_1507065779448955_2835051592183447552_o.jpg?_nc_cat=111&#038;_nc_ohc=-pDLtLT4sTAAX__NRPq&#038;_nc_ht=scontent.fuio15-1.fna&#038;oh=7fd008360133b59802d4a7e283ebb227&#038;oe=5ECDF89D\"><img decoding=\"async\" class=\"wp_automatic_fb_img\" title=\"\" src=\"https:\/\/scontent.fuio15-1.fna.fbcdn.net\/v\/t1.0-9\/82616229_1507065779448955_2835051592183447552_o.jpg?_nc_cat=111&#038;_nc_ohc=-pDLtLT4sTAAX__NRPq&#038;_nc_ht=scontent.fuio15-1.fna&#038;oh=7fd008360133b59802d4a7e283ebb227&#038;oe=5ECDF89D\" \/><\/a><\/p>\n","protected":false},"author":1,"featured_media":1432,"comment_status":"open","ping_status":"open","sticky":false,"template":"","format":"standard","meta":[],"categories":[1],"tags":[62,29],"_links":{"self":[{"href":"https:\/\/bomberos.puyo.gob.ec\/2019\/wp-json\/wp\/v2\/posts\/1431"}],"collection":[{"href":"https:\/\/bomberos.puyo.gob.ec\/2019\/wp-json\/wp\/v2\/posts"}],"about":[{"href":"https:\/\/bomberos.puyo.gob.ec\/2019\/wp-json\/wp\/v2\/types\/post"}],"author":[{"embeddable":true,"href":"https:\/\/bomberos.puyo.gob.ec\/2019\/wp-json\/wp\/v2\/users\/1"}],"replies":[{"embeddable":true,"href":"https:\/\/bomberos.puyo.gob.ec\/2019\/wp-json\/wp\/v2\/comments?post=1431"}],"version-history":[{"count":1,"href":"https:\/\/bomberos.puyo.gob.ec\/2019\/wp-json\/wp\/v2\/posts\/1431\/revisions"}],"predecessor-version":[{"id":1433,"href":"https:\/\/bomberos.puyo.gob.ec\/2019\/wp-json\/wp\/v2\/posts\/1431\/revisions\/1433"}],"wp:featuredmedia":[{"embeddable":true,"href":"https:\/\/bomberos.puyo.gob.ec\/2019\/wp-json\/wp\/v2\/media\/1432"}],"wp:attachment":[{"href":"https:\/\/bomberos.puyo.gob.ec\/2019\/wp-json\/wp\/v2\/media?parent=1431"}],"wp:term":[{"taxonomy":"category","embeddable":true,"href":"https:\/\/bomberos.puyo.gob.ec\/2019\/wp-json\/wp\/v2\/categories?post=1431"},{"taxonomy":"post_tag","embeddable":true,"href":"https:\/\/bomberos.puyo.gob.ec\/2019\/wp-json\/wp\/v2\/tags?post=1431"}],"curies":[{"name":"wp","href":"https:\/\/api.w.org\/{rel}","templated":true}]}}