{"id":1429,"date":"2020-01-20T21:04:27","date_gmt":"2020-01-21T02:04:27","guid":{"rendered":"https:\/\/bomberos.puyo.gob.ec\/emergenciamedica-5\/"},"modified":"2020-01-20T21:19:09","modified_gmt":"2020-01-21T02:19:09","slug":"emergenciamedica-5","status":"publish","type":"post","link":"https:\/\/bomberos.puyo.gob.ec\/2019\/emergenciamedica-5\/","title":{"rendered":"#EMERGENCIAMEDICA#&#8230;"},"content":{"rendered":"<p><a class=\"_58cn\" href=\"https:\/\/facebook.com\/hashtag\/emergenciamedica?source=feed_text&#038;epa=HASHTAG&#038;__xts__%5B0%5D=68.ARCDNQ30_FddjIAetnHAtCQUDQTEv2xJ0Rkx5RFDSkRv6UbIw8kgU5K9r2PHSsdQ19nxCYR4Wl77EdlBbHGB1GRLk6NCOBsAVkNg1AoAlv_cCfgoqXeqUY9rODKWQJclEEIMJhW-LggEbiOb1UnxARP2eV4PeQ0dfktAGQ_YCge_LdzFNOJQbmThdE0JVc3n44yx8trGKO94gJxM_iHN13uXR3OQj8PUbB2qMZOGAIM8WpHWeTfJbscKniqpuQOPsKOjhPz58leLBC-ZoeHaOkBYSgsYjdJ2bBAgoiSBPwZVqQi09yftfn-uM41jvpDBkHJcnTadHNC4tWjhuhB-k2Wn_w&#038;__tn__=%2ANK-R\" data-ft=\"&#123;&quot;type&quot;:104,&quot;tn&quot;:&quot;*N&quot;&#125;\"><span class=\"_5afx\"><span aria-label=\"hashtag\" class=\"_58cl _5afz\">#EMERGENCIAMEDICA<\/span><\/span><\/a># <\/p>\n<p> la unidad A4 se dirige con 3 efectivos a un accidente de tr\u00e1nsito en las calles Cumand\u00e1 y Luis Arias Guerra llegando al lugar se procede a estabilizar a la v\u00edctima que presentaba politraumatismos m\u00e1s una herida cortante en la Regi\u00f3n Frontal, posterior es trasladado al hospital del I.E.S.S. y queda a cargo del Dr. de turno.<\/p>\n<p><a href=\"https:\/\/bomberos.puyo.gob.ec\/2019\/wp-content\/uploads\/EMERGENCIAMEDICA.fna&#038;oh=b31d861676a5ab6d164dc02d534c74d4&#038;oe=5EDAAC1C.jpeg\"><img decoding=\"async\" class=\"wp_automatic_fb_img\" title=\"\" src=\"https:\/\/bomberos.puyo.gob.ec\/2019\/wp-content\/uploads\/EMERGENCIAMEDICA.fna&#038;oh=b31d861676a5ab6d164dc02d534c74d4&#038;oe=5EDAAC1C.jpeg\" \/><\/a><br \/><a href=\"https:\/\/bomberos.puyo.gob.ec\/2019\/wp-content\/uploads\/EMERGENCIAMEDICA.fna&#038;oh=240ef1c9096e709d20a37c4f5a2a32cc&#038;oe=5E8D1EB6.jpeg\"><img decoding=\"async\" class=\"wp_automatic_fb_img\" title=\"\" src=\"https:\/\/bomberos.puyo.gob.ec\/2019\/wp-content\/uploads\/EMERGENCIAMEDICA.fna&#038;oh=240ef1c9096e709d20a37c4f5a2a32cc&#038;oe=5E8D1EB6.jpeg\" \/><\/a><br \/><a href=\"https:\/\/bomberos.puyo.gob.ec\/2019\/wp-content\/uploads\/EMERGENCIAMEDICA.fna&#038;oh=2509194b88f3554b6ffd65e9adbc54a6&#038;oe=5EDB0385.jpeg\"><img decoding=\"async\" class=\"wp_automatic_fb_img\" title=\"\" src=\"https:\/\/bomberos.puyo.gob.ec\/2019\/wp-content\/uploads\/EMERGENCIAMEDICA.fna&#038;oh=2509194b88f3554b6ffd65e9adbc54a6&#038;oe=5EDB0385.jpeg\" \/><\/a><br \/>\n<br \/><a href=\"https:\/\/www.facebook.com\/465093860312824\/posts\/1506695692819297\">en facebook&#8230; <\/a>  <\/p>\n","protected":false},"excerpt":{"rendered":"<p><a class=\"_58cn\" href=\"https:\/\/facebook.com\/hashtag\/emergenciamedica?source=feed_text&#038;epa=HASHTAG&#038;__xts__%5B0%5D=68.ARCDNQ30_FddjIAetnHAtCQUDQTEv2xJ0Rkx5RFDSkRv6UbIw8kgU5K9r2PHSsdQ19nxCYR4Wl77EdlBbHGB1GRLk6NCOBsAVkNg1AoAlv_cCfgoqXeqUY9rODKWQJclEEIMJhW-LggEbiOb1UnxARP2eV4PeQ0dfktAGQ_YCge_LdzFNOJQbmThdE0JVc3n44yx8trGKO94gJxM_iHN13uXR3OQj8PUbB2qMZOGAIM8WpHWeTfJbscKniqpuQOPsKOjhPz58leLBC-ZoeHaOkBYSgsYjdJ2bBAgoiSBPwZVqQi09yftfn-uM41jvpDBkHJcnTadHNC4tWjhuhB-k2Wn_w&#038;__tn__=%2ANK-R\" data-ft=\"&#123;&quot;type&quot;:104,&quot;tn&quot;:&quot;*N&quot;&#125;\"><span class=\"_5afx\"><span aria-label=\"hashtag\" class=\"_58cl _5afz\">#EMERGENCIAMEDICA<\/span><\/span><\/a># <\/p>\n<p> la unidad A4 se dirige con 3 efectivos a un accidente de tr\u00e1nsito en las calles Cumand\u00e1 y Luis Arias Guerra llegando al lugar se procede a estabilizar a la v\u00edctima que presentaba politraumatismos m\u00e1s una herida cortante en la Regi\u00f3n Frontal, posterior es trasladado al hospital del I.E.S.S. y queda a cargo del Dr. de turno.<\/p>\n<p><a href=\"https:\/\/scontent.fuio15-1.fna.fbcdn.net\/v\/t1.0-9\/82570815_1506695442819322_8963017694966185984_o.jpg?_nc_cat=107&#038;_nc_ohc=72mo0ZM0CO8AX8VsfGm&#038;_nc_ht=scontent.fuio15-1.fna&#038;oh=b31d861676a5ab6d164dc02d534c74d4&#038;oe=5EDAAC1C\"><img decoding=\"async\" class=\"wp_automatic_fb_img\" title=\"\" src=\"https:\/\/scontent.fuio15-1.fna.fbcdn.net\/v\/t1.0-9\/82570815_1506695442819322_8963017694966185984_o.jpg?_nc_cat=107&#038;_nc_ohc=72mo0ZM0CO8AX8VsfGm&#038;_nc_ht=scontent.fuio15-1.fna&#038;oh=b31d861676a5ab6d164dc02d534c74d4&#038;oe=5EDAAC1C\" \/><\/a><br \/><a href=\"https:\/\/scontent.fuio15-1.fna.fbcdn.net\/v\/t1.0-9\/82479412_1506695532819313_2352353270191620096_o.jpg?_nc_cat=105&#038;_nc_ohc=bEIp4oP2iusAX-IUj8t&#038;_nc_ht=scontent.fuio15-1.fna&#038;oh=240ef1c9096e709d20a37c4f5a2a32cc&#038;oe=5E8D1EB6\"><img decoding=\"async\" class=\"wp_automatic_fb_img\" title=\"\" src=\"https:\/\/scontent.fuio15-1.fna.fbcdn.net\/v\/t1.0-9\/82479412_1506695532819313_2352353270191620096_o.jpg?_nc_cat=105&#038;_nc_ohc=bEIp4oP2iusAX-IUj8t&#038;_nc_ht=scontent.fuio15-1.fna&#038;oh=240ef1c9096e709d20a37c4f5a2a32cc&#038;oe=5E8D1EB6\" \/><\/a><br \/><a href=\"https:\/\/scontent.fuio15-1.fna.fbcdn.net\/v\/t1.0-9\/82682893_1506695649485968_994497328041689088_o.jpg?_nc_cat=105&#038;_nc_ohc=Zzryk-wSKUEAX9LPlRp&#038;_nc_ht=scontent.fuio15-1.fna&#038;oh=2509194b88f3554b6ffd65e9adbc54a6&#038;oe=5EDB0385\"><img decoding=\"async\" class=\"wp_automatic_fb_img\" title=\"\" src=\"https:\/\/scontent.fuio15-1.fna.fbcdn.net\/v\/t1.0-9\/82682893_1506695649485968_994497328041689088_o.jpg?_nc_cat=105&#038;_nc_ohc=Zzryk-wSKUEAX9LPlRp&#038;_nc_ht=scontent.fuio15-1.fna&#038;oh=2509194b88f3554b6ffd65e9adbc54a6&#038;oe=5EDB0385\" \/><\/a><\/p>\n","protected":false},"author":1,"featured_media":1319,"comment_status":"open","ping_status":"open","sticky":false,"template":"","format":"standard","meta":[],"categories":[1],"tags":[29],"_links":{"self":[{"href":"https:\/\/bomberos.puyo.gob.ec\/2019\/wp-json\/wp\/v2\/posts\/1429"}],"collection":[{"href":"https:\/\/bomberos.puyo.gob.ec\/2019\/wp-json\/wp\/v2\/posts"}],"about":[{"href":"https:\/\/bomberos.puyo.gob.ec\/2019\/wp-json\/wp\/v2\/types\/post"}],"author":[{"embeddable":true,"href":"https:\/\/bomberos.puyo.gob.ec\/2019\/wp-json\/wp\/v2\/users\/1"}],"replies":[{"embeddable":true,"href":"https:\/\/bomberos.puyo.gob.ec\/2019\/wp-json\/wp\/v2\/comments?post=1429"}],"version-history":[{"count":1,"href":"https:\/\/bomberos.puyo.gob.ec\/2019\/wp-json\/wp\/v2\/posts\/1429\/revisions"}],"predecessor-version":[{"id":1430,"href":"https:\/\/bomberos.puyo.gob.ec\/2019\/wp-json\/wp\/v2\/posts\/1429\/revisions\/1430"}],"wp:featuredmedia":[{"embeddable":true,"href":"https:\/\/bomberos.puyo.gob.ec\/2019\/wp-json\/wp\/v2\/media\/1319"}],"wp:attachment":[{"href":"https:\/\/bomberos.puyo.gob.ec\/2019\/wp-json\/wp\/v2\/media?parent=1429"}],"wp:term":[{"taxonomy":"category","embeddable":true,"href":"https:\/\/bomberos.puyo.gob.ec\/2019\/wp-json\/wp\/v2\/categories?post=1429"},{"taxonomy":"post_tag","embeddable":true,"href":"https:\/\/bomberos.puyo.gob.ec\/2019\/wp-json\/wp\/v2\/tags?post=1429"}],"curies":[{"name":"wp","href":"https:\/\/api.w.org\/{rel}","templated":true}]}}