{"id":1426,"date":"2020-01-20T18:00:00","date_gmt":"2020-01-20T23:00:00","guid":{"rendered":"https:\/\/bomberos.puyo.gob.ec\/por-llamado-del-ecu911-la-unidad-b1-se-dirige-con-3-efectivos-al-sector-del-bar\/"},"modified":"2020-01-20T18:09:51","modified_gmt":"2020-01-20T23:09:51","slug":"por-llamado-del-ecu911-la-unidad-b1-se-dirige-con-3-efectivos-al-sector-del-bar","status":"publish","type":"post","link":"https:\/\/bomberos.puyo.gob.ec\/2019\/por-llamado-del-ecu911-la-unidad-b1-se-dirige-con-3-efectivos-al-sector-del-bar\/","title":{"rendered":"Por llamado del #ECU911 la unidad B1 se dirige con 3 efectivos al sector del bar&#8230;"},"content":{"rendered":"<p><span><\/p>\n<p>Por llamado del <a>#ECU911<\/a> la unidad B1 se dirige con 3 efectivos al sector del barrio el Dorado en un domicilio para realizar un corte del \u00e1rbol solicitado por las personas que ah\u00ed viven. Tomando acciones de prevenci\u00f3n y de seguridad se tala el \u00e1rbol dejando a buen recaudo el lugar.<\/p>\n<p><\/span>\n<\/p>\n<p><a href=\"https:\/\/bomberos.puyo.gob.ec\/2019\/wp-content\/uploads\/Por-llamado-del-ECU911-la-unidad-B1-se-dirige-con.fna&#038;oh=752528a6c9128f9cd9950eaa06430f54&#038;oe=5ED4AD3C.jpeg\"><img decoding=\"async\" class=\"wp_automatic_fb_img\" title=\"\" src=\"https:\/\/bomberos.puyo.gob.ec\/2019\/wp-content\/uploads\/Por-llamado-del-ECU911-la-unidad-B1-se-dirige-con.fna&#038;oh=752528a6c9128f9cd9950eaa06430f54&#038;oe=5ED4AD3C.jpeg\" \/><\/a><br \/><a href=\"https:\/\/bomberos.puyo.gob.ec\/2019\/wp-content\/uploads\/Por-llamado-del-ECU911-la-unidad-B1-se-dirige-con.fna&#038;oh=31d5a24ca535d8e3abb296ef2b8f79f6&#038;oe=5ED04155.jpeg\"><img decoding=\"async\" class=\"wp_automatic_fb_img\" title=\"\" src=\"https:\/\/bomberos.puyo.gob.ec\/2019\/wp-content\/uploads\/Por-llamado-del-ECU911-la-unidad-B1-se-dirige-con.fna&#038;oh=31d5a24ca535d8e3abb296ef2b8f79f6&#038;oe=5ED04155.jpeg\" \/><\/a><br \/><a href=\"https:\/\/bomberos.puyo.gob.ec\/2019\/wp-content\/uploads\/Por-llamado-del-ECU911-la-unidad-B1-se-dirige-con.fna&#038;oh=8842e5616ea04437f8f98d7c9e57a86c&#038;oe=5ED10DBA.jpeg\"><img decoding=\"async\" class=\"wp_automatic_fb_img\" title=\"\" src=\"https:\/\/bomberos.puyo.gob.ec\/2019\/wp-content\/uploads\/Por-llamado-del-ECU911-la-unidad-B1-se-dirige-con.fna&#038;oh=8842e5616ea04437f8f98d7c9e57a86c&#038;oe=5ED10DBA.jpeg\" \/><\/a><br \/>\n<br \/><a href=\"https:\/\/www.facebook.com\/465093860312824\/posts\/1506403902848476\">en facebook&#8230; <\/a>  <\/p>\n","protected":false},"excerpt":{"rendered":"<p><span><\/p>\n<p>Por llamado del <a>#ECU911<\/a> la unidad B1 se dirige con 3 efectivos al sector del barrio el Dorado en un domicilio para realizar un corte del \u00e1rbol solicitado por las personas que ah\u00ed viven. Tomando acciones de prevenci\u00f3n y de seguridad se tala el \u00e1rbol dejando a buen recaudo el lugar.<\/p>\n<p><\/span>\n<\/p>\n<p><a href=\"https:\/\/scontent.fuio15-1.fna.fbcdn.net\/v\/t1.0-9\/82600839_1506403692848497_7014118156318801920_o.jpg?_nc_cat=111&#038;_nc_ohc=EbuhnovaGQ4AX9nruMs&#038;_nc_ht=scontent.fuio15-1.fna&#038;oh=752528a6c9128f9cd9950eaa06430f54&#038;oe=5ED4AD3C\"><img decoding=\"async\" class=\"wp_automatic_fb_img\" title=\"\" src=\"https:\/\/scontent.fuio15-1.fna.fbcdn.net\/v\/t1.0-9\/82600839_1506403692848497_7014118156318801920_o.jpg?_nc_cat=111&#038;_nc_ohc=EbuhnovaGQ4AX9nruMs&#038;_nc_ht=scontent.fuio15-1.fna&#038;oh=752528a6c9128f9cd9950eaa06430f54&#038;oe=5ED4AD3C\" \/><\/a><br \/><a href=\"https:\/\/scontent.fuio15-1.fna.fbcdn.net\/v\/t1.0-9\/83389541_1506403672848499_9068248718750253056_o.jpg?_nc_cat=109&#038;_nc_ohc=aWs0A1u3zuAAX8_M1Sc&#038;_nc_ht=scontent.fuio15-1.fna&#038;oh=31d5a24ca535d8e3abb296ef2b8f79f6&#038;oe=5ED04155\"><img decoding=\"async\" class=\"wp_automatic_fb_img\" title=\"\" src=\"https:\/\/scontent.fuio15-1.fna.fbcdn.net\/v\/t1.0-9\/83389541_1506403672848499_9068248718750253056_o.jpg?_nc_cat=109&#038;_nc_ohc=aWs0A1u3zuAAX8_M1Sc&#038;_nc_ht=scontent.fuio15-1.fna&#038;oh=31d5a24ca535d8e3abb296ef2b8f79f6&#038;oe=5ED04155\" \/><\/a><br \/><a href=\"https:\/\/scontent.fuio15-1.fna.fbcdn.net\/v\/t1.0-9\/82692657_1506403662848500_786878901010825216_o.jpg?_nc_cat=108&#038;_nc_ohc=tcHt2v5nOOkAX_N6kfa&#038;_nc_ht=scontent.fuio15-1.fna&#038;oh=8842e5616ea04437f8f98d7c9e57a86c&#038;oe=5ED10DBA\"><img decoding=\"async\" class=\"wp_automatic_fb_img\" title=\"\" src=\"https:\/\/scontent.fuio15-1.fna.fbcdn.net\/v\/t1.0-9\/82692657_1506403662848500_786878901010825216_o.jpg?_nc_cat=108&#038;_nc_ohc=tcHt2v5nOOkAX_N6kfa&#038;_nc_ht=scontent.fuio15-1.fna&#038;oh=8842e5616ea04437f8f98d7c9e57a86c&#038;oe=5ED10DBA\" \/><\/a><\/p>\n","protected":false},"author":1,"featured_media":1427,"comment_status":"open","ping_status":"open","sticky":false,"template":"","format":"standard","meta":[],"categories":[1],"tags":[383,42,32,86,69,300,31,30,276,41],"_links":{"self":[{"href":"https:\/\/bomberos.puyo.gob.ec\/2019\/wp-json\/wp\/v2\/posts\/1426"}],"collection":[{"href":"https:\/\/bomberos.puyo.gob.ec\/2019\/wp-json\/wp\/v2\/posts"}],"about":[{"href":"https:\/\/bomberos.puyo.gob.ec\/2019\/wp-json\/wp\/v2\/types\/post"}],"author":[{"embeddable":true,"href":"https:\/\/bomberos.puyo.gob.ec\/2019\/wp-json\/wp\/v2\/users\/1"}],"replies":[{"embeddable":true,"href":"https:\/\/bomberos.puyo.gob.ec\/2019\/wp-json\/wp\/v2\/comments?post=1426"}],"version-history":[{"count":1,"href":"https:\/\/bomberos.puyo.gob.ec\/2019\/wp-json\/wp\/v2\/posts\/1426\/revisions"}],"predecessor-version":[{"id":1428,"href":"https:\/\/bomberos.puyo.gob.ec\/2019\/wp-json\/wp\/v2\/posts\/1426\/revisions\/1428"}],"wp:featuredmedia":[{"embeddable":true,"href":"https:\/\/bomberos.puyo.gob.ec\/2019\/wp-json\/wp\/v2\/media\/1427"}],"wp:attachment":[{"href":"https:\/\/bomberos.puyo.gob.ec\/2019\/wp-json\/wp\/v2\/media?parent=1426"}],"wp:term":[{"taxonomy":"category","embeddable":true,"href":"https:\/\/bomberos.puyo.gob.ec\/2019\/wp-json\/wp\/v2\/categories?post=1426"},{"taxonomy":"post_tag","embeddable":true,"href":"https:\/\/bomberos.puyo.gob.ec\/2019\/wp-json\/wp\/v2\/tags?post=1426"}],"curies":[{"name":"wp","href":"https:\/\/api.w.org\/{rel}","templated":true}]}}