{"id":1420,"date":"2020-01-20T08:31:00","date_gmt":"2020-01-20T13:31:00","guid":{"rendered":"https:\/\/bomberos.puyo.gob.ec\/coordinacion-operativo-serbachiller\/"},"modified":"2020-01-20T08:37:02","modified_gmt":"2020-01-20T13:37:02","slug":"coordinacion-operativo-serbachiller","status":"publish","type":"post","link":"https:\/\/bomberos.puyo.gob.ec\/2019\/coordinacion-operativo-serbachiller\/","title":{"rendered":"| #Coordinaci\u00f3n | #Operativo | #SerBachiller |&#8230;"},"content":{"rendered":"<p>| <a class=\"_58cn\" href=\"https:\/\/facebook.com\/hashtag\/coordinaci&#xf3;n?source=feed_text&#038;epa=HASHTAG&#038;__xts__%5B0%5D=68.ARAf0JwJJUMKUu5t4o_dWrSE5f9z9AP6XscHEBD65HGZa307kbfJno4Yl9U_8Dgcn6mm0CZ19Z4OTVWdUJhrC6nwtPri-Am3orFxW6NuYifTtWtA54xnFL-6lYCXyVrlAzUw76SjKn82T9XizVLLKRs7_XfZagEzcNtvh3A3_M2rQ3f4bsNIJjx1hgbjU0tvL6bt4mVcRTRDu8C5tCCdXI6MbRpHsRBjWb3JGSML-LmL_Uubct6prNX_LJgLvbvVWNhJsTJqebAkpiPMYXdaBZ1VvvIdkj4Agg-RMCgayc-Q0cc23dRhv6oXwx7w4lfOnK_zG7NOWrF5hhLj1McNTR4nxw&#038;__tn__=%2ANK-R\" data-ft=\"&#123;&quot;type&quot;:104,&quot;tn&quot;:&quot;*N&quot;&#125;\"><span class=\"_5afx\"><span aria-label=\"hashtag\" class=\"_58cl _5afz\">#Coordinaci\u00f3n<\/span><\/span><\/a> | <a class=\"_58cn\" href=\"https:\/\/facebook.com\/hashtag\/operativo?source=feed_text&#038;epa=HASHTAG&#038;__xts__%5B0%5D=68.ARAf0JwJJUMKUu5t4o_dWrSE5f9z9AP6XscHEBD65HGZa307kbfJno4Yl9U_8Dgcn6mm0CZ19Z4OTVWdUJhrC6nwtPri-Am3orFxW6NuYifTtWtA54xnFL-6lYCXyVrlAzUw76SjKn82T9XizVLLKRs7_XfZagEzcNtvh3A3_M2rQ3f4bsNIJjx1hgbjU0tvL6bt4mVcRTRDu8C5tCCdXI6MbRpHsRBjWb3JGSML-LmL_Uubct6prNX_LJgLvbvVWNhJsTJqebAkpiPMYXdaBZ1VvvIdkj4Agg-RMCgayc-Q0cc23dRhv6oXwx7w4lfOnK_zG7NOWrF5hhLj1McNTR4nxw&#038;__tn__=%2ANK-R\" data-ft=\"&#123;&quot;type&quot;:104,&quot;tn&quot;:&quot;*N&quot;&#125;\"><span class=\"_5afx\"><span aria-label=\"hashtag\" class=\"_58cl _5afz\">#Operativo<\/span><\/span><\/a> | <a class=\"_58cn\" href=\"https:\/\/facebook.com\/hashtag\/serbachiller?source=feed_text&#038;epa=HASHTAG&#038;__xts__%5B0%5D=68.ARAf0JwJJUMKUu5t4o_dWrSE5f9z9AP6XscHEBD65HGZa307kbfJno4Yl9U_8Dgcn6mm0CZ19Z4OTVWdUJhrC6nwtPri-Am3orFxW6NuYifTtWtA54xnFL-6lYCXyVrlAzUw76SjKn82T9XizVLLKRs7_XfZagEzcNtvh3A3_M2rQ3f4bsNIJjx1hgbjU0tvL6bt4mVcRTRDu8C5tCCdXI6MbRpHsRBjWb3JGSML-LmL_Uubct6prNX_LJgLvbvVWNhJsTJqebAkpiPMYXdaBZ1VvvIdkj4Agg-RMCgayc-Q0cc23dRhv6oXwx7w4lfOnK_zG7NOWrF5hhLj1McNTR4nxw&#038;__tn__=%2ANK-R\" data-ft=\"&#123;&quot;type&quot;:104,&quot;tn&quot;:&quot;*N&quot;&#125;\"><span class=\"_5afx\"><span aria-label=\"hashtag\" class=\"_58cl _5afz\">#SerBachiller<\/span><\/span><\/a> |<br \/> El personal de bomberos participa en la reuni\u00f3n para coordinaci\u00f3n de atenci\u00f3n a posibles eventos adversos que se susciten en los espacios donde se generan las pruebas SER BACHILLER <br \/> En la reuni\u00f3n participan varias instituciones como <a class=\"profileLink\" href=\"https:\/\/www.facebook.com\/policia.ecuador\/?__tn__=K-R&#038;eid=ARCjOlqMPRaNqCSJSW6grNFD8UG523JiCpSFmBccKrZT08FBa3gPXjPAexdI5GKHYjhKRU8Ac8g6u_0G&#038;fref=mentions&#038;__xts__%5B0%5D=68.ARAf0JwJJUMKUu5t4o_dWrSE5f9z9AP6XscHEBD65HGZa307kbfJno4Yl9U_8Dgcn6mm0CZ19Z4OTVWdUJhrC6nwtPri-Am3orFxW6NuYifTtWtA54xnFL-6lYCXyVrlAzUw76SjKn82T9XizVLLKRs7_XfZagEzcNtvh3A3_M2rQ3f4bsNIJjx1hgbjU0tvL6bt4mVcRTRDu8C5tCCdXI6MbRpHsRBjWb3JGSML-LmL_Uubct6prNX_LJgLvbvVWNhJsTJqebAkpiPMYXdaBZ1VvvIdkj4Agg-RMCgayc-Q0cc23dRhv6oXwx7w4lfOnK_zG7NOWrF5hhLj1McNTR4nxw\" data-hovercard=\"\/ajax\/hovercard\/page.php?id=377910025616160&#038;extragetparams=%7B%22__tn__%22%3A%22%2CdK-R-R%22%2C%22eid%22%3A%22ARCjOlqMPRaNqCSJSW6grNFD8UG523JiCpSFmBccKrZT08FBa3gPXjPAexdI5GKHYjhKRU8Ac8g6u_0G%22%2C%22fref%22%3A%22mentions%22%7D\" data-hovercard-prefer-more-content-show=\"1\">Polic\u00eda Nacional del Ecuador<\/a>, <a class=\"profileLink\" href=\"https:\/\/www.facebook.com\/GobPastaza\/?__tn__=K-R&#038;eid=ARAeWmC8jrkMQtrTWXeJCMG0D9wFtvvRUwsN0nIxOgLmiYRTngRsR-6fmeeJ3fzyDpoct0TyVfyWoy3F&#038;fref=mentions&#038;__xts__%5B0%5D=68.ARAf0JwJJUMKUu5t4o_dWrSE5f9z9AP6XscHEBD65HGZa307kbfJno4Yl9U_8Dgcn6mm0CZ19Z4OTVWdUJhrC6nwtPri-Am3orFxW6NuYifTtWtA54xnFL-6lYCXyVrlAzUw76SjKn82T9XizVLLKRs7_XfZagEzcNtvh3A3_M2rQ3f4bsNIJjx1hgbjU0tvL6bt4mVcRTRDu8C5tCCdXI6MbRpHsRBjWb3JGSML-LmL_Uubct6prNX_LJgLvbvVWNhJsTJqebAkpiPMYXdaBZ1VvvIdkj4Agg-RMCgayc-Q0cc23dRhv6oXwx7w4lfOnK_zG7NOWrF5hhLj1McNTR4nxw\" data-hovercard=\"\/ajax\/hovercard\/page.php?id=189450554517949&#038;extragetparams=%7B%22__tn__%22%3A%22%2CdK-R-R%22%2C%22eid%22%3A%22ARAeWmC8jrkMQtrTWXeJCMG0D9wFtvvRUwsN0nIxOgLmiYRTngRsR-6fmeeJ3fzyDpoct0TyVfyWoy3F%22%2C%22fref%22%3A%22mentions%22%7D\" data-hovercard-prefer-more-content-show=\"1\">Gobernaci\u00f3n Pastaza<\/a>, <a class=\"profileLink\" href=\"https:\/\/www.facebook.com\/pages\/Cruz-Roja-Pastaza\/702052459841033?__tn__=K-R&#038;eid=ARDdgDuiQpV5LcX4mvjeOGUzk1exL2Ok0av8JqFiFhKrX6pY1Aln9_QwDlzVXwDrfNB3nfVmeGOHYS8X&#038;fref=mentions&#038;__xts__%5B0%5D=68.ARAf0JwJJUMKUu5t4o_dWrSE5f9z9AP6XscHEBD65HGZa307kbfJno4Yl9U_8Dgcn6mm0CZ19Z4OTVWdUJhrC6nwtPri-Am3orFxW6NuYifTtWtA54xnFL-6lYCXyVrlAzUw76SjKn82T9XizVLLKRs7_XfZagEzcNtvh3A3_M2rQ3f4bsNIJjx1hgbjU0tvL6bt4mVcRTRDu8C5tCCdXI6MbRpHsRBjWb3JGSML-LmL_Uubct6prNX_LJgLvbvVWNhJsTJqebAkpiPMYXdaBZ1VvvIdkj4Agg-RMCgayc-Q0cc23dRhv6oXwx7w4lfOnK_zG7NOWrF5hhLj1McNTR4nxw\" data-hovercard=\"\/ajax\/hovercard\/page.php?id=702052459841033&#038;extragetparams=%7B%22__tn__%22%3A%22%2CdK-R-R%22%2C%22eid%22%3A%22ARDdgDuiQpV5LcX4mvjeOGUzk1exL2Ok0av8JqFiFhKrX6pY1Aln9_QwDlzVXwDrfNB3nfVmeGOHYS8X%22%2C%22fref%22%3A%22mentions%22%7D\" data-hovercard-prefer-more-content-show=\"1\">Cruz Roja Pastaza<\/a>, Gesti\u00f3n de Riesgo, <a class=\"_58cn\" href=\"https:\/\/facebook.com\/hashtag\/ecu911?source=feed_text&#038;epa=HASHTAG&#038;__xts__%5B0%5D=68.ARAf0JwJJUMKUu5t4o_dWrSE5f9z9AP6XscHEBD65HGZa307kbfJno4Yl9U_8Dgcn6mm0CZ19Z4OTVWdUJhrC6nwtPri-Am3orFxW6NuYifTtWtA54xnFL-6lYCXyVrlAzUw76SjKn82T9XizVLLKRs7_XfZagEzcNtvh3A3_M2rQ3f4bsNIJjx1hgbjU0tvL6bt4mVcRTRDu8C5tCCdXI6MbRpHsRBjWb3JGSML-LmL_Uubct6prNX_LJgLvbvVWNhJsTJqebAkpiPMYXdaBZ1VvvIdkj4Agg-RMCgayc-Q0cc23dRhv6oXwx7w4lfOnK_zG7NOWrF5hhLj1McNTR4nxw&#038;__tn__=%2ANK-R\" data-ft=\"&#123;&quot;type&quot;:104,&quot;tn&quot;:&quot;*N&quot;&#125;\"><span class=\"_5afx\"><span aria-label=\"hashtag\" class=\"_58cl _5afz\">#ECU911<\/span><\/span><\/a>. Y se la realiza tres convocatorias en el d\u00eda mientras duren las pruebas para verificar novedades.<\/p>\n<p><a href=\"https:\/\/bomberos.puyo.gob.ec\/2019\/wp-content\/uploads\/Coordinacion-Operativo-SerBachiller.fna&#038;oh=8713b2a32a5c6f45dd7f4874613c4016&#038;oe=5E9726DB.jpeg\"><img decoding=\"async\" class=\"wp_automatic_fb_img\" title=\"\" src=\"https:\/\/bomberos.puyo.gob.ec\/2019\/wp-content\/uploads\/Coordinacion-Operativo-SerBachiller.fna&#038;oh=8713b2a32a5c6f45dd7f4874613c4016&#038;oe=5E9726DB.jpeg\" \/><\/a><br \/><a href=\"https:\/\/bomberos.puyo.gob.ec\/2019\/wp-content\/uploads\/Coordinacion-Operativo-SerBachiller.fna&#038;oh=17fffddafa7bf3867cf4dc92e4f4defc&#038;oe=5ECE6C23.jpeg\"><img decoding=\"async\" class=\"wp_automatic_fb_img\" title=\"\" src=\"https:\/\/bomberos.puyo.gob.ec\/2019\/wp-content\/uploads\/Coordinacion-Operativo-SerBachiller.fna&#038;oh=17fffddafa7bf3867cf4dc92e4f4defc&#038;oe=5ECE6C23.jpeg\" \/><\/a><br \/><a href=\"https:\/\/bomberos.puyo.gob.ec\/2019\/wp-content\/uploads\/Coordinacion-Operativo-SerBachiller.fna&#038;oh=7c27a9fea54cea21b19c58716b655724&#038;oe=5E9D2C44.jpeg\"><img decoding=\"async\" class=\"wp_automatic_fb_img\" title=\"\" src=\"https:\/\/bomberos.puyo.gob.ec\/2019\/wp-content\/uploads\/Coordinacion-Operativo-SerBachiller.fna&#038;oh=7c27a9fea54cea21b19c58716b655724&#038;oe=5E9D2C44.jpeg\" \/><\/a><br \/>\n<br \/><a href=\"https:\/\/www.facebook.com\/465093860312824\/posts\/1505499266272273\">en facebook&#8230; <\/a>  <\/p>\n","protected":false},"excerpt":{"rendered":"<p>| <a class=\"_58cn\" href=\"https:\/\/facebook.com\/hashtag\/coordinaci&#xf3;n?source=feed_text&#038;epa=HASHTAG&#038;__xts__%5B0%5D=68.ARAf0JwJJUMKUu5t4o_dWrSE5f9z9AP6XscHEBD65HGZa307kbfJno4Yl9U_8Dgcn6mm0CZ19Z4OTVWdUJhrC6nwtPri-Am3orFxW6NuYifTtWtA54xnFL-6lYCXyVrlAzUw76SjKn82T9XizVLLKRs7_XfZagEzcNtvh3A3_M2rQ3f4bsNIJjx1hgbjU0tvL6bt4mVcRTRDu8C5tCCdXI6MbRpHsRBjWb3JGSML-LmL_Uubct6prNX_LJgLvbvVWNhJsTJqebAkpiPMYXdaBZ1VvvIdkj4Agg-RMCgayc-Q0cc23dRhv6oXwx7w4lfOnK_zG7NOWrF5hhLj1McNTR4nxw&#038;__tn__=%2ANK-R\" data-ft=\"&#123;&quot;type&quot;:104,&quot;tn&quot;:&quot;*N&quot;&#125;\"><span class=\"_5afx\"><span aria-label=\"hashtag\" class=\"_58cl _5afz\">#Coordinaci\u00f3n<\/span><\/span><\/a> | <a class=\"_58cn\" href=\"https:\/\/facebook.com\/hashtag\/operativo?source=feed_text&#038;epa=HASHTAG&#038;__xts__%5B0%5D=68.ARAf0JwJJUMKUu5t4o_dWrSE5f9z9AP6XscHEBD65HGZa307kbfJno4Yl9U_8Dgcn6mm0CZ19Z4OTVWdUJhrC6nwtPri-Am3orFxW6NuYifTtWtA54xnFL-6lYCXyVrlAzUw76SjKn82T9XizVLLKRs7_XfZagEzcNtvh3A3_M2rQ3f4bsNIJjx1hgbjU0tvL6bt4mVcRTRDu8C5tCCdXI6MbRpHsRBjWb3JGSML-LmL_Uubct6prNX_LJgLvbvVWNhJsTJqebAkpiPMYXdaBZ1VvvIdkj4Agg-RMCgayc-Q0cc23dRhv6oXwx7w4lfOnK_zG7NOWrF5hhLj1McNTR4nxw&#038;__tn__=%2ANK-R\" data-ft=\"&#123;&quot;type&quot;:104,&quot;tn&quot;:&quot;*N&quot;&#125;\"><span class=\"_5afx\"><span aria-label=\"hashtag\" class=\"_58cl _5afz\">#Operativo<\/span><\/span><\/a> | <a class=\"_58cn\" href=\"https:\/\/facebook.com\/hashtag\/serbachiller?source=feed_text&#038;epa=HASHTAG&#038;__xts__%5B0%5D=68.ARAf0JwJJUMKUu5t4o_dWrSE5f9z9AP6XscHEBD65HGZa307kbfJno4Yl9U_8Dgcn6mm0CZ19Z4OTVWdUJhrC6nwtPri-Am3orFxW6NuYifTtWtA54xnFL-6lYCXyVrlAzUw76SjKn82T9XizVLLKRs7_XfZagEzcNtvh3A3_M2rQ3f4bsNIJjx1hgbjU0tvL6bt4mVcRTRDu8C5tCCdXI6MbRpHsRBjWb3JGSML-LmL_Uubct6prNX_LJgLvbvVWNhJsTJqebAkpiPMYXdaBZ1VvvIdkj4Agg-RMCgayc-Q0cc23dRhv6oXwx7w4lfOnK_zG7NOWrF5hhLj1McNTR4nxw&#038;__tn__=%2ANK-R\" data-ft=\"&#123;&quot;type&quot;:104,&quot;tn&quot;:&quot;*N&quot;&#125;\"><span class=\"_5afx\"><span aria-label=\"hashtag\" class=\"_58cl _5afz\">#SerBachiller<\/span><\/span><\/a> |<br \/> El personal de bomberos participa en la reuni\u00f3n para coordinaci\u00f3n de atenci\u00f3n a posibles eventos adversos que se susciten en los espacios donde se generan las pruebas SER BACHILLER <br \/> En la reuni\u00f3n participan varias instituciones como <a class=\"profileLink\" href=\"https:\/\/www.facebook.com\/policia.ecuador\/?__tn__=K-R&#038;eid=ARCjOlqMPRaNqCSJSW6grNFD8UG523JiCpSFmBccKrZT08FBa3gPXjPAexdI5GKHYjhKRU8Ac8g6u_0G&#038;fref=mentions&#038;__xts__%5B0%5D=68.ARAf0JwJJUMKUu5t4o_dWrSE5f9z9AP6XscHEBD65HGZa307kbfJno4Yl9U_8Dgcn6mm0CZ19Z4OTVWdUJhrC6nwtPri-Am3orFxW6NuYifTtWtA54xnFL-6lYCXyVrlAzUw76SjKn82T9XizVLLKRs7_XfZagEzcNtvh3A3_M2rQ3f4bsNIJjx1hgbjU0tvL6bt4mVcRTRDu8C5tCCdXI6MbRpHsRBjWb3JGSML-LmL_Uubct6prNX_LJgLvbvVWNhJsTJqebAkpiPMYXdaBZ1VvvIdkj4Agg-RMCgayc-Q0cc23dRhv6oXwx7w4lfOnK_zG7NOWrF5hhLj1McNTR4nxw\" data-hovercard=\"\/ajax\/hovercard\/page.php?id=377910025616160&#038;extragetparams=%7B%22__tn__%22%3A%22%2CdK-R-R%22%2C%22eid%22%3A%22ARCjOlqMPRaNqCSJSW6grNFD8UG523JiCpSFmBccKrZT08FBa3gPXjPAexdI5GKHYjhKRU8Ac8g6u_0G%22%2C%22fref%22%3A%22mentions%22%7D\" data-hovercard-prefer-more-content-show=\"1\">Polic\u00eda Nacional del Ecuador<\/a>, <a class=\"profileLink\" href=\"https:\/\/www.facebook.com\/GobPastaza\/?__tn__=K-R&#038;eid=ARAeWmC8jrkMQtrTWXeJCMG0D9wFtvvRUwsN0nIxOgLmiYRTngRsR-6fmeeJ3fzyDpoct0TyVfyWoy3F&#038;fref=mentions&#038;__xts__%5B0%5D=68.ARAf0JwJJUMKUu5t4o_dWrSE5f9z9AP6XscHEBD65HGZa307kbfJno4Yl9U_8Dgcn6mm0CZ19Z4OTVWdUJhrC6nwtPri-Am3orFxW6NuYifTtWtA54xnFL-6lYCXyVrlAzUw76SjKn82T9XizVLLKRs7_XfZagEzcNtvh3A3_M2rQ3f4bsNIJjx1hgbjU0tvL6bt4mVcRTRDu8C5tCCdXI6MbRpHsRBjWb3JGSML-LmL_Uubct6prNX_LJgLvbvVWNhJsTJqebAkpiPMYXdaBZ1VvvIdkj4Agg-RMCgayc-Q0cc23dRhv6oXwx7w4lfOnK_zG7NOWrF5hhLj1McNTR4nxw\" data-hovercard=\"\/ajax\/hovercard\/page.php?id=189450554517949&#038;extragetparams=%7B%22__tn__%22%3A%22%2CdK-R-R%22%2C%22eid%22%3A%22ARAeWmC8jrkMQtrTWXeJCMG0D9wFtvvRUwsN0nIxOgLmiYRTngRsR-6fmeeJ3fzyDpoct0TyVfyWoy3F%22%2C%22fref%22%3A%22mentions%22%7D\" data-hovercard-prefer-more-content-show=\"1\">Gobernaci\u00f3n Pastaza<\/a>, <a class=\"profileLink\" href=\"https:\/\/www.facebook.com\/pages\/Cruz-Roja-Pastaza\/702052459841033?__tn__=K-R&#038;eid=ARDdgDuiQpV5LcX4mvjeOGUzk1exL2Ok0av8JqFiFhKrX6pY1Aln9_QwDlzVXwDrfNB3nfVmeGOHYS8X&#038;fref=mentions&#038;__xts__%5B0%5D=68.ARAf0JwJJUMKUu5t4o_dWrSE5f9z9AP6XscHEBD65HGZa307kbfJno4Yl9U_8Dgcn6mm0CZ19Z4OTVWdUJhrC6nwtPri-Am3orFxW6NuYifTtWtA54xnFL-6lYCXyVrlAzUw76SjKn82T9XizVLLKRs7_XfZagEzcNtvh3A3_M2rQ3f4bsNIJjx1hgbjU0tvL6bt4mVcRTRDu8C5tCCdXI6MbRpHsRBjWb3JGSML-LmL_Uubct6prNX_LJgLvbvVWNhJsTJqebAkpiPMYXdaBZ1VvvIdkj4Agg-RMCgayc-Q0cc23dRhv6oXwx7w4lfOnK_zG7NOWrF5hhLj1McNTR4nxw\" data-hovercard=\"\/ajax\/hovercard\/page.php?id=702052459841033&#038;extragetparams=%7B%22__tn__%22%3A%22%2CdK-R-R%22%2C%22eid%22%3A%22ARDdgDuiQpV5LcX4mvjeOGUzk1exL2Ok0av8JqFiFhKrX6pY1Aln9_QwDlzVXwDrfNB3nfVmeGOHYS8X%22%2C%22fref%22%3A%22mentions%22%7D\" data-hovercard-prefer-more-content-show=\"1\">Cruz Roja Pastaza<\/a>, Gesti\u00f3n de Riesgo, <a class=\"_58cn\" href=\"https:\/\/facebook.com\/hashtag\/ecu911?source=feed_text&#038;epa=HASHTAG&#038;__xts__%5B0%5D=68.ARAf0JwJJUMKUu5t4o_dWrSE5f9z9AP6XscHEBD65HGZa307kbfJno4Yl9U_8Dgcn6mm0CZ19Z4OTVWdUJhrC6nwtPri-Am3orFxW6NuYifTtWtA54xnFL-6lYCXyVrlAzUw76SjKn82T9XizVLLKRs7_XfZagEzcNtvh3A3_M2rQ3f4bsNIJjx1hgbjU0tvL6bt4mVcRTRDu8C5tCCdXI6MbRpHsRBjWb3JGSML-LmL_Uubct6prNX_LJgLvbvVWNhJsTJqebAkpiPMYXdaBZ1VvvIdkj4Agg-RMCgayc-Q0cc23dRhv6oXwx7w4lfOnK_zG7NOWrF5hhLj1McNTR4nxw&#038;__tn__=%2ANK-R\" data-ft=\"&#123;&quot;type&quot;:104,&quot;tn&quot;:&quot;*N&quot;&#125;\"><span class=\"_5afx\"><span aria-label=\"hashtag\" class=\"_58cl _5afz\">#ECU911<\/span><\/span><\/a>. Y se la realiza tres convocatorias en el d\u00eda mientras duren las pruebas para verificar novedades.<\/p>\n<p><a href=\"https:\/\/scontent.fuio15-1.fna.fbcdn.net\/v\/t1.0-9\/82713262_1505499026272297_1703257164849610752_o.jpg?_nc_cat=102&#038;_nc_ohc=ffFWDtKvpdQAX-Wv_Q1&#038;_nc_ht=scontent.fuio15-1.fna&#038;oh=8713b2a32a5c6f45dd7f4874613c4016&#038;oe=5E9726DB\"><img decoding=\"async\" class=\"wp_automatic_fb_img\" title=\"\" src=\"https:\/\/scontent.fuio15-1.fna.fbcdn.net\/v\/t1.0-9\/82713262_1505499026272297_1703257164849610752_o.jpg?_nc_cat=102&#038;_nc_ohc=ffFWDtKvpdQAX-Wv_Q1&#038;_nc_ht=scontent.fuio15-1.fna&#038;oh=8713b2a32a5c6f45dd7f4874613c4016&#038;oe=5E9726DB\" \/><\/a><br \/><a href=\"https:\/\/scontent.fuio15-1.fna.fbcdn.net\/v\/t1.0-9\/83908480_1505499016272298_7800089599459459072_o.jpg?_nc_cat=111&#038;_nc_ohc=VFfKlc6T8dUAX_PuTO-&#038;_nc_ht=scontent.fuio15-1.fna&#038;oh=17fffddafa7bf3867cf4dc92e4f4defc&#038;oe=5ECE6C23\"><img decoding=\"async\" class=\"wp_automatic_fb_img\" title=\"\" src=\"https:\/\/scontent.fuio15-1.fna.fbcdn.net\/v\/t1.0-9\/83908480_1505499016272298_7800089599459459072_o.jpg?_nc_cat=111&#038;_nc_ohc=VFfKlc6T8dUAX_PuTO-&#038;_nc_ht=scontent.fuio15-1.fna&#038;oh=17fffddafa7bf3867cf4dc92e4f4defc&#038;oe=5ECE6C23\" \/><\/a><br \/><a href=\"https:\/\/scontent.fuio15-1.fna.fbcdn.net\/v\/t1.0-9\/82623009_1505499002938966_41898226311233536_o.jpg?_nc_cat=103&#038;_nc_ohc=NJ2teRRg3FoAX-m8jJ4&#038;_nc_ht=scontent.fuio15-1.fna&#038;oh=7c27a9fea54cea21b19c58716b655724&#038;oe=5E9D2C44\"><img decoding=\"async\" class=\"wp_automatic_fb_img\" title=\"\" src=\"https:\/\/scontent.fuio15-1.fna.fbcdn.net\/v\/t1.0-9\/82623009_1505499002938966_41898226311233536_o.jpg?_nc_cat=103&#038;_nc_ohc=NJ2teRRg3FoAX-m8jJ4&#038;_nc_ht=scontent.fuio15-1.fna&#038;oh=7c27a9fea54cea21b19c58716b655724&#038;oe=5E9D2C44\" \/><\/a><\/p>\n","protected":false},"author":1,"featured_media":1421,"comment_status":"open","ping_status":"open","sticky":false,"template":"","format":"standard","meta":[],"categories":[1],"tags":[82,69,494,538],"_links":{"self":[{"href":"https:\/\/bomberos.puyo.gob.ec\/2019\/wp-json\/wp\/v2\/posts\/1420"}],"collection":[{"href":"https:\/\/bomberos.puyo.gob.ec\/2019\/wp-json\/wp\/v2\/posts"}],"about":[{"href":"https:\/\/bomberos.puyo.gob.ec\/2019\/wp-json\/wp\/v2\/types\/post"}],"author":[{"embeddable":true,"href":"https:\/\/bomberos.puyo.gob.ec\/2019\/wp-json\/wp\/v2\/users\/1"}],"replies":[{"embeddable":true,"href":"https:\/\/bomberos.puyo.gob.ec\/2019\/wp-json\/wp\/v2\/comments?post=1420"}],"version-history":[{"count":1,"href":"https:\/\/bomberos.puyo.gob.ec\/2019\/wp-json\/wp\/v2\/posts\/1420\/revisions"}],"predecessor-version":[{"id":1422,"href":"https:\/\/bomberos.puyo.gob.ec\/2019\/wp-json\/wp\/v2\/posts\/1420\/revisions\/1422"}],"wp:featuredmedia":[{"embeddable":true,"href":"https:\/\/bomberos.puyo.gob.ec\/2019\/wp-json\/wp\/v2\/media\/1421"}],"wp:attachment":[{"href":"https:\/\/bomberos.puyo.gob.ec\/2019\/wp-json\/wp\/v2\/media?parent=1420"}],"wp:term":[{"taxonomy":"category","embeddable":true,"href":"https:\/\/bomberos.puyo.gob.ec\/2019\/wp-json\/wp\/v2\/categories?post=1420"},{"taxonomy":"post_tag","embeddable":true,"href":"https:\/\/bomberos.puyo.gob.ec\/2019\/wp-json\/wp\/v2\/tags?post=1420"}],"curies":[{"name":"wp","href":"https:\/\/api.w.org\/{rel}","templated":true}]}}