{"id":1417,"date":"2020-01-19T10:13:55","date_gmt":"2020-01-19T15:13:55","guid":{"rendered":"https:\/\/bomberos.puyo.gob.ec\/emergenciamedica-operativoseguridad\/"},"modified":"2020-01-19T11:14:36","modified_gmt":"2020-01-19T16:14:36","slug":"emergenciamedica-operativoseguridad","status":"publish","type":"post","link":"https:\/\/bomberos.puyo.gob.ec\/2019\/emergenciamedica-operativoseguridad\/","title":{"rendered":"| #EmergenciaM\u00e9dica | #OperativoSeguridad |&#8230;"},"content":{"rendered":"<p>| <a class=\"_58cn\" href=\"https:\/\/facebook.com\/hashtag\/emergenciam&#xe9;dica?source=feed_text&#038;epa=HASHTAG&#038;__xts__%5B0%5D=68.ARDcPeighXwoUDNCyMMnmZQilYkJ7tvi_doQPIe1IJ33hrgX4mrsWbrts5Ur8dT9gHzyzwgg1thRuxpV4j3pWmH-PE9DIuAaIJKnImcxaVXuw83Mz2lK0bSnt7v-H6FKcXCYJrum5guB0603S8ymUPIH7cjkmnj4MJXEZAdejeFYKLKQ1O8NrvlCy03wZlWe4Kw96bthzCeTG1spOsA1CvaDN57WVxGhbR5Q-P0CBKHE95LzHMloH-VG07yyvPWNllSfUsQUzuyNNTIlflCQ8K1L1q6qIvieX6gLOSgy2tEAI7-QVmO6MgsoCCfd5HYBeHmkCi4UcjJ0anOSwccHalTx2Q&#038;__tn__=%2ANK-R\" data-ft=\"&#123;&quot;type&quot;:104,&quot;tn&quot;:&quot;*N&quot;&#125;\"><span class=\"_5afx\"><span aria-label=\"hashtag\" class=\"_58cl _5afz\">#EmergenciaM\u00e9dica<\/span><\/span><\/a> | <a class=\"_58cn\" href=\"https:\/\/facebook.com\/hashtag\/operativoseguridad?source=feed_text&#038;epa=HASHTAG&#038;__xts__%5B0%5D=68.ARDcPeighXwoUDNCyMMnmZQilYkJ7tvi_doQPIe1IJ33hrgX4mrsWbrts5Ur8dT9gHzyzwgg1thRuxpV4j3pWmH-PE9DIuAaIJKnImcxaVXuw83Mz2lK0bSnt7v-H6FKcXCYJrum5guB0603S8ymUPIH7cjkmnj4MJXEZAdejeFYKLKQ1O8NrvlCy03wZlWe4Kw96bthzCeTG1spOsA1CvaDN57WVxGhbR5Q-P0CBKHE95LzHMloH-VG07yyvPWNllSfUsQUzuyNNTIlflCQ8K1L1q6qIvieX6gLOSgy2tEAI7-QVmO6MgsoCCfd5HYBeHmkCi4UcjJ0anOSwccHalTx2Q&#038;__tn__=%2ANK-R\" data-ft=\"&#123;&quot;type&quot;:104,&quot;tn&quot;:&quot;*N&quot;&#125;\"><span class=\"_5afx\"><span aria-label=\"hashtag\" class=\"_58cl _5afz\">#OperativoSeguridad<\/span><\/span><\/a> | <br \/> El Cuerpo de Bomberos Pastaza se dirige con 3 efectivos al Cant\u00f3n Santa Clara para brindar seguridad en el evento de la valida nacional de <a class=\"_58cn\" href=\"https:\/\/facebook.com\/hashtag\/motoextremo?source=feed_text&#038;epa=HASHTAG&#038;__xts__%5B0%5D=68.ARDcPeighXwoUDNCyMMnmZQilYkJ7tvi_doQPIe1IJ33hrgX4mrsWbrts5Ur8dT9gHzyzwgg1thRuxpV4j3pWmH-PE9DIuAaIJKnImcxaVXuw83Mz2lK0bSnt7v-H6FKcXCYJrum5guB0603S8ymUPIH7cjkmnj4MJXEZAdejeFYKLKQ1O8NrvlCy03wZlWe4Kw96bthzCeTG1spOsA1CvaDN57WVxGhbR5Q-P0CBKHE95LzHMloH-VG07yyvPWNllSfUsQUzuyNNTIlflCQ8K1L1q6qIvieX6gLOSgy2tEAI7-QVmO6MgsoCCfd5HYBeHmkCi4UcjJ0anOSwccHalTx2Q&#038;__tn__=%2ANK-R\" data-ft=\"&#123;&quot;type&quot;:104,&quot;tn&quot;:&quot;*N&quot;&#125;\"><span class=\"_5afx\"><span aria-label=\"hashtag\" class=\"_58cl _5afz\">#MotoExtremo<\/span><\/span><\/a>.<br \/> En el lugar se atiende una emergencia m\u00e9dica a se\u00f1or de 26 a\u00f1os el mismo que presenta insolaci\u00f3n, cefalea m\u00e1s deshidrataci\u00f3n producto de la exposici\u00f3n al sol por mucho tiempo, es atendido en el lugar dejado a cargo de familiares para su respectivo cuidad y recuperaci\u00f3n.<\/p>\n<p><a href=\"https:\/\/bomberos.puyo.gob.ec\/2019\/wp-content\/uploads\/EmergenciaMedica-OperativoSeguridad.fna&#038;oh=43ce2c6194597ecdfdace9c7b8b5727b&#038;oe=5E92A36B.jpeg\"><img decoding=\"async\" class=\"wp_automatic_fb_img\" title=\"\" src=\"https:\/\/bomberos.puyo.gob.ec\/2019\/wp-content\/uploads\/EmergenciaMedica-OperativoSeguridad.fna&#038;oh=43ce2c6194597ecdfdace9c7b8b5727b&#038;oe=5E92A36B.jpeg\" \/><\/a><br \/><a href=\"https:\/\/bomberos.puyo.gob.ec\/2019\/wp-content\/uploads\/EmergenciaMedica-OperativoSeguridad.fna&#038;oh=ba713570735e1a435612cb30f1169d5c&#038;oe=5ED628FC.jpeg\"><img decoding=\"async\" class=\"wp_automatic_fb_img\" title=\"\" src=\"https:\/\/bomberos.puyo.gob.ec\/2019\/wp-content\/uploads\/EmergenciaMedica-OperativoSeguridad.fna&#038;oh=ba713570735e1a435612cb30f1169d5c&#038;oe=5ED628FC.jpeg\" \/><\/a><br \/><a href=\"https:\/\/bomberos.puyo.gob.ec\/2019\/wp-content\/uploads\/EmergenciaMedica-OperativoSeguridad.fna&#038;oh=b1bf6bfe71d4716c5f77e57ad8c244fa&#038;oe=5E97075B.jpeg\"><img decoding=\"async\" class=\"wp_automatic_fb_img\" title=\"\" src=\"https:\/\/bomberos.puyo.gob.ec\/2019\/wp-content\/uploads\/EmergenciaMedica-OperativoSeguridad.fna&#038;oh=b1bf6bfe71d4716c5f77e57ad8c244fa&#038;oe=5E97075B.jpeg\" \/><\/a><br \/><a href=\"https:\/\/bomberos.puyo.gob.ec\/2019\/wp-content\/uploads\/EmergenciaMedica-OperativoSeguridad.fna&#038;oh=4bd7621e9c71f87359df1623b9a21875&#038;oe=5ED4F346.jpeg\"><img decoding=\"async\" class=\"wp_automatic_fb_img\" title=\"\" src=\"https:\/\/bomberos.puyo.gob.ec\/2019\/wp-content\/uploads\/EmergenciaMedica-OperativoSeguridad.fna&#038;oh=4bd7621e9c71f87359df1623b9a21875&#038;oe=5ED4F346.jpeg\" \/><\/a><br \/>\n<br \/><a href=\"https:\/\/www.facebook.com\/465093860312824\/posts\/1505494619606071\">en facebook&#8230; <\/a>  <\/p>\n","protected":false},"excerpt":{"rendered":"<p>| <a class=\"_58cn\" href=\"https:\/\/facebook.com\/hashtag\/emergenciam&#xe9;dica?source=feed_text&#038;epa=HASHTAG&#038;__xts__%5B0%5D=68.ARDcPeighXwoUDNCyMMnmZQilYkJ7tvi_doQPIe1IJ33hrgX4mrsWbrts5Ur8dT9gHzyzwgg1thRuxpV4j3pWmH-PE9DIuAaIJKnImcxaVXuw83Mz2lK0bSnt7v-H6FKcXCYJrum5guB0603S8ymUPIH7cjkmnj4MJXEZAdejeFYKLKQ1O8NrvlCy03wZlWe4Kw96bthzCeTG1spOsA1CvaDN57WVxGhbR5Q-P0CBKHE95LzHMloH-VG07yyvPWNllSfUsQUzuyNNTIlflCQ8K1L1q6qIvieX6gLOSgy2tEAI7-QVmO6MgsoCCfd5HYBeHmkCi4UcjJ0anOSwccHalTx2Q&#038;__tn__=%2ANK-R\" data-ft=\"&#123;&quot;type&quot;:104,&quot;tn&quot;:&quot;*N&quot;&#125;\"><span class=\"_5afx\"><span aria-label=\"hashtag\" class=\"_58cl _5afz\">#EmergenciaM\u00e9dica<\/span><\/span><\/a> | <a class=\"_58cn\" href=\"https:\/\/facebook.com\/hashtag\/operativoseguridad?source=feed_text&#038;epa=HASHTAG&#038;__xts__%5B0%5D=68.ARDcPeighXwoUDNCyMMnmZQilYkJ7tvi_doQPIe1IJ33hrgX4mrsWbrts5Ur8dT9gHzyzwgg1thRuxpV4j3pWmH-PE9DIuAaIJKnImcxaVXuw83Mz2lK0bSnt7v-H6FKcXCYJrum5guB0603S8ymUPIH7cjkmnj4MJXEZAdejeFYKLKQ1O8NrvlCy03wZlWe4Kw96bthzCeTG1spOsA1CvaDN57WVxGhbR5Q-P0CBKHE95LzHMloH-VG07yyvPWNllSfUsQUzuyNNTIlflCQ8K1L1q6qIvieX6gLOSgy2tEAI7-QVmO6MgsoCCfd5HYBeHmkCi4UcjJ0anOSwccHalTx2Q&#038;__tn__=%2ANK-R\" data-ft=\"&#123;&quot;type&quot;:104,&quot;tn&quot;:&quot;*N&quot;&#125;\"><span class=\"_5afx\"><span aria-label=\"hashtag\" class=\"_58cl _5afz\">#OperativoSeguridad<\/span><\/span><\/a> | <br \/> El Cuerpo de Bomberos Pastaza se dirige con 3 efectivos al Cant\u00f3n Santa Clara para brindar seguridad en el evento de la valida nacional de <a class=\"_58cn\" href=\"https:\/\/facebook.com\/hashtag\/motoextremo?source=feed_text&#038;epa=HASHTAG&#038;__xts__%5B0%5D=68.ARDcPeighXwoUDNCyMMnmZQilYkJ7tvi_doQPIe1IJ33hrgX4mrsWbrts5Ur8dT9gHzyzwgg1thRuxpV4j3pWmH-PE9DIuAaIJKnImcxaVXuw83Mz2lK0bSnt7v-H6FKcXCYJrum5guB0603S8ymUPIH7cjkmnj4MJXEZAdejeFYKLKQ1O8NrvlCy03wZlWe4Kw96bthzCeTG1spOsA1CvaDN57WVxGhbR5Q-P0CBKHE95LzHMloH-VG07yyvPWNllSfUsQUzuyNNTIlflCQ8K1L1q6qIvieX6gLOSgy2tEAI7-QVmO6MgsoCCfd5HYBeHmkCi4UcjJ0anOSwccHalTx2Q&#038;__tn__=%2ANK-R\" data-ft=\"&#123;&quot;type&quot;:104,&quot;tn&quot;:&quot;*N&quot;&#125;\"><span class=\"_5afx\"><span aria-label=\"hashtag\" class=\"_58cl _5afz\">#MotoExtremo<\/span><\/span><\/a>.<br \/> En el lugar se atiende una emergencia m\u00e9dica a se\u00f1or de 26 a\u00f1os el mismo que presenta insolaci\u00f3n, cefalea m\u00e1s deshidrataci\u00f3n producto de la exposici\u00f3n al sol por mucho tiempo, es atendido en el lugar dejado a cargo de familiares para su respectivo cuidad y recuperaci\u00f3n.<\/p>\n<p><a href=\"https:\/\/scontent.fuio15-1.fna.fbcdn.net\/v\/t1.0-9\/82850782_1505494562939410_6818469322105552896_o.jpg?_nc_cat=109&#038;_nc_ohc=yXJk3r_qobsAX_rHte6&#038;_nc_ht=scontent.fuio15-1.fna&#038;oh=43ce2c6194597ecdfdace9c7b8b5727b&#038;oe=5E92A36B\"><img decoding=\"async\" class=\"wp_automatic_fb_img\" title=\"\" src=\"https:\/\/scontent.fuio15-1.fna.fbcdn.net\/v\/t1.0-9\/82850782_1505494562939410_6818469322105552896_o.jpg?_nc_cat=109&#038;_nc_ohc=yXJk3r_qobsAX_rHte6&#038;_nc_ht=scontent.fuio15-1.fna&#038;oh=43ce2c6194597ecdfdace9c7b8b5727b&#038;oe=5E92A36B\" \/><\/a><br \/><a href=\"https:\/\/scontent.fuio15-1.fna.fbcdn.net\/v\/t1.0-9\/83817934_1505494539606079_199855011650338816_o.jpg?_nc_cat=108&#038;_nc_ohc=h_pW-0z506oAX9Q6D0m&#038;_nc_ht=scontent.fuio15-1.fna&#038;oh=ba713570735e1a435612cb30f1169d5c&#038;oe=5ED628FC\"><img decoding=\"async\" class=\"wp_automatic_fb_img\" title=\"\" src=\"https:\/\/scontent.fuio15-1.fna.fbcdn.net\/v\/t1.0-9\/83817934_1505494539606079_199855011650338816_o.jpg?_nc_cat=108&#038;_nc_ohc=h_pW-0z506oAX9Q6D0m&#038;_nc_ht=scontent.fuio15-1.fna&#038;oh=ba713570735e1a435612cb30f1169d5c&#038;oe=5ED628FC\" \/><\/a><br \/><a href=\"https:\/\/scontent.fuio15-1.fna.fbcdn.net\/v\/t1.0-9\/82360131_1505494556272744_7571808402595119104_o.jpg?_nc_cat=102&#038;_nc_ohc=a9tHbULTVfAAX9xrORR&#038;_nc_ht=scontent.fuio15-1.fna&#038;oh=b1bf6bfe71d4716c5f77e57ad8c244fa&#038;oe=5E97075B\"><img decoding=\"async\" class=\"wp_automatic_fb_img\" title=\"\" src=\"https:\/\/scontent.fuio15-1.fna.fbcdn.net\/v\/t1.0-9\/82360131_1505494556272744_7571808402595119104_o.jpg?_nc_cat=102&#038;_nc_ohc=a9tHbULTVfAAX9xrORR&#038;_nc_ht=scontent.fuio15-1.fna&#038;oh=b1bf6bfe71d4716c5f77e57ad8c244fa&#038;oe=5E97075B\" \/><\/a><br \/><a href=\"https:\/\/scontent.fuio15-1.fna.fbcdn.net\/v\/t1.0-9\/83740040_1505494542939412_2189188690977226752_o.jpg?_nc_cat=111&#038;_nc_ohc=PrpXd8ZpBYMAX8X2_lI&#038;_nc_ht=scontent.fuio15-1.fna&#038;oh=4bd7621e9c71f87359df1623b9a21875&#038;oe=5ED4F346\"><img decoding=\"async\" class=\"wp_automatic_fb_img\" title=\"\" src=\"https:\/\/scontent.fuio15-1.fna.fbcdn.net\/v\/t1.0-9\/83740040_1505494542939412_2189188690977226752_o.jpg?_nc_cat=111&#038;_nc_ohc=PrpXd8ZpBYMAX8X2_lI&#038;_nc_ht=scontent.fuio15-1.fna&#038;oh=4bd7621e9c71f87359df1623b9a21875&#038;oe=5ED4F346\" \/><\/a><\/p>\n","protected":false},"author":1,"featured_media":1418,"comment_status":"open","ping_status":"open","sticky":false,"template":"","format":"standard","meta":[],"categories":[1],"tags":[29,537,536],"_links":{"self":[{"href":"https:\/\/bomberos.puyo.gob.ec\/2019\/wp-json\/wp\/v2\/posts\/1417"}],"collection":[{"href":"https:\/\/bomberos.puyo.gob.ec\/2019\/wp-json\/wp\/v2\/posts"}],"about":[{"href":"https:\/\/bomberos.puyo.gob.ec\/2019\/wp-json\/wp\/v2\/types\/post"}],"author":[{"embeddable":true,"href":"https:\/\/bomberos.puyo.gob.ec\/2019\/wp-json\/wp\/v2\/users\/1"}],"replies":[{"embeddable":true,"href":"https:\/\/bomberos.puyo.gob.ec\/2019\/wp-json\/wp\/v2\/comments?post=1417"}],"version-history":[{"count":1,"href":"https:\/\/bomberos.puyo.gob.ec\/2019\/wp-json\/wp\/v2\/posts\/1417\/revisions"}],"predecessor-version":[{"id":1419,"href":"https:\/\/bomberos.puyo.gob.ec\/2019\/wp-json\/wp\/v2\/posts\/1417\/revisions\/1419"}],"wp:featuredmedia":[{"embeddable":true,"href":"https:\/\/bomberos.puyo.gob.ec\/2019\/wp-json\/wp\/v2\/media\/1418"}],"wp:attachment":[{"href":"https:\/\/bomberos.puyo.gob.ec\/2019\/wp-json\/wp\/v2\/media?parent=1417"}],"wp:term":[{"taxonomy":"category","embeddable":true,"href":"https:\/\/bomberos.puyo.gob.ec\/2019\/wp-json\/wp\/v2\/categories?post=1417"},{"taxonomy":"post_tag","embeddable":true,"href":"https:\/\/bomberos.puyo.gob.ec\/2019\/wp-json\/wp\/v2\/tags?post=1417"}],"curies":[{"name":"wp","href":"https:\/\/api.w.org\/{rel}","templated":true}]}}