{"id":1405,"date":"2020-01-16T09:02:00","date_gmt":"2020-01-16T14:02:00","guid":{"rendered":"https:\/\/bomberos.puyo.gob.ec\/emergenciamedica-colegio-por-llamado-de-la-senora-rectora-de-colegio-pomp\/"},"modified":"2020-01-16T10:04:48","modified_gmt":"2020-01-16T15:04:48","slug":"emergenciamedica-colegio-por-llamado-de-la-senora-rectora-de-colegio-pomp","status":"publish","type":"post","link":"https:\/\/bomberos.puyo.gob.ec\/2019\/emergenciamedica-colegio-por-llamado-de-la-senora-rectora-de-colegio-pomp\/","title":{"rendered":"| #EmergenciaM\u00e9dica | #Colegio |Por llamado de la se\u00f1ora rectora de Colegio Pomp&#8230;"},"content":{"rendered":"<p>| <a class=\"_58cn\" href=\"https:\/\/facebook.com\/hashtag\/emergenciam&#xe9;dica?source=feed_text&#038;epa=HASHTAG&#038;__xts__%5B0%5D=68.ARCx56O8lcKIyO6pSrPSuzzc12Ofz9xxKMezGpSWZz27mU7csCzXZXULNNluMFKqiM5ZuwPW8NdM1x54uYQBY8-g7dNGXFuPmtxhR0NnNQXpNRYd-Fe7F-SuTPbhEfPgSLiQkYEuFoU8pKNu9zmSvqxvsMkXr_UwsbbVF7vIT4WsR329zqkE9ggPxTcA_QSuUDx0bQoNlZlWNiawPe1D7LbdbBwB3x9UdWQpxx4GMsBTkVHp9wR4nNqj_yuY95A3CqTbyr6kIR_KctNGeS3C9HVsla-7yg7xnVRlTL6uGsqRe8nWoWTAyJZH_zPPmeTvQTYc6Xr5Nti-KRHDOD7cjY-LNQ&#038;__tn__=%2ANK-R\" data-ft=\"&#123;&quot;type&quot;:104,&quot;tn&quot;:&quot;*N&quot;&#125;\"><span class=\"_5afx\"><span aria-label=\"hashtag\" class=\"_58cl _5afz\">#EmergenciaM\u00e9dica<\/span><\/span><\/a> | <a class=\"_58cn\" href=\"https:\/\/facebook.com\/hashtag\/colegio?source=feed_text&#038;epa=HASHTAG&#038;__xts__%5B0%5D=68.ARCx56O8lcKIyO6pSrPSuzzc12Ofz9xxKMezGpSWZz27mU7csCzXZXULNNluMFKqiM5ZuwPW8NdM1x54uYQBY8-g7dNGXFuPmtxhR0NnNQXpNRYd-Fe7F-SuTPbhEfPgSLiQkYEuFoU8pKNu9zmSvqxvsMkXr_UwsbbVF7vIT4WsR329zqkE9ggPxTcA_QSuUDx0bQoNlZlWNiawPe1D7LbdbBwB3x9UdWQpxx4GMsBTkVHp9wR4nNqj_yuY95A3CqTbyr6kIR_KctNGeS3C9HVsla-7yg7xnVRlTL6uGsqRe8nWoWTAyJZH_zPPmeTvQTYc6Xr5Nti-KRHDOD7cjY-LNQ&#038;__tn__=%2ANK-R\" data-ft=\"&#123;&quot;type&quot;:104,&quot;tn&quot;:&quot;*N&quot;&#125;\"><span class=\"_5afx\"><span aria-label=\"hashtag\" class=\"_58cl _5afz\">#Colegio<\/span><\/span><\/a> |Por llamado de la se\u00f1ora rectora de Colegio Pompeya El Cuerpo de Bombero Pastaza se dirige a una emergencia m\u00e9dica en el interior de la instituci\u00f3n, al llegar al lugar se atiende adolescente de de 13 a\u00f1os de edad el mismo que presenta un contusi\u00f3n a nivel de la Pelvis , es estabilizado en el lugar y luego trasladado al hospital General Puyo.<\/p>\n<p><a href=\"https:\/\/bomberos.puyo.gob.ec\/2019\/wp-content\/uploads\/EmergenciaMedica-Colegio-Por-llamado-de-la-senora-rectora.fna&#038;oh=1e0560e1f6cb7e5be8a05b45e9f3883c&#038;oe=5ED74B5B.jpeg\"><img decoding=\"async\" class=\"wp_automatic_fb_img\" title=\"\" src=\"https:\/\/bomberos.puyo.gob.ec\/2019\/wp-content\/uploads\/EmergenciaMedica-Colegio-Por-llamado-de-la-senora-rectora.fna&#038;oh=1e0560e1f6cb7e5be8a05b45e9f3883c&#038;oe=5ED74B5B.jpeg\" \/><\/a><br \/><a href=\"https:\/\/bomberos.puyo.gob.ec\/2019\/wp-content\/uploads\/EmergenciaMedica-Colegio-Por-llamado-de-la-senora-rectora.fna&#038;oh=d797c469b603de0c54f0a69a6ab6fb98&#038;oe=5ED7509A.jpeg\"><img decoding=\"async\" class=\"wp_automatic_fb_img\" title=\"\" src=\"https:\/\/bomberos.puyo.gob.ec\/2019\/wp-content\/uploads\/EmergenciaMedica-Colegio-Por-llamado-de-la-senora-rectora.fna&#038;oh=d797c469b603de0c54f0a69a6ab6fb98&#038;oe=5ED7509A.jpeg\" \/><\/a><br \/><a href=\"https:\/\/bomberos.puyo.gob.ec\/2019\/wp-content\/uploads\/EmergenciaMedica-Colegio-Por-llamado-de-la-senora-rectora.fna&#038;oh=d413290f6d9877c80dfd8ffe126e06bd&#038;oe=5E98224D.jpeg\"><img decoding=\"async\" class=\"wp_automatic_fb_img\" title=\"\" src=\"https:\/\/bomberos.puyo.gob.ec\/2019\/wp-content\/uploads\/EmergenciaMedica-Colegio-Por-llamado-de-la-senora-rectora.fna&#038;oh=d413290f6d9877c80dfd8ffe126e06bd&#038;oe=5E98224D.jpeg\" \/><\/a><br \/>\n<br \/><a href=\"https:\/\/www.facebook.com\/465093860312824\/posts\/1502323609923172\">en facebook&#8230; <\/a>  <\/p>\n","protected":false},"excerpt":{"rendered":"<p>| <a class=\"_58cn\" href=\"https:\/\/facebook.com\/hashtag\/emergenciam&#xe9;dica?source=feed_text&#038;epa=HASHTAG&#038;__xts__%5B0%5D=68.ARCx56O8lcKIyO6pSrPSuzzc12Ofz9xxKMezGpSWZz27mU7csCzXZXULNNluMFKqiM5ZuwPW8NdM1x54uYQBY8-g7dNGXFuPmtxhR0NnNQXpNRYd-Fe7F-SuTPbhEfPgSLiQkYEuFoU8pKNu9zmSvqxvsMkXr_UwsbbVF7vIT4WsR329zqkE9ggPxTcA_QSuUDx0bQoNlZlWNiawPe1D7LbdbBwB3x9UdWQpxx4GMsBTkVHp9wR4nNqj_yuY95A3CqTbyr6kIR_KctNGeS3C9HVsla-7yg7xnVRlTL6uGsqRe8nWoWTAyJZH_zPPmeTvQTYc6Xr5Nti-KRHDOD7cjY-LNQ&#038;__tn__=%2ANK-R\" data-ft=\"&#123;&quot;type&quot;:104,&quot;tn&quot;:&quot;*N&quot;&#125;\"><span class=\"_5afx\"><span aria-label=\"hashtag\" class=\"_58cl _5afz\">#EmergenciaM\u00e9dica<\/span><\/span><\/a> | <a class=\"_58cn\" href=\"https:\/\/facebook.com\/hashtag\/colegio?source=feed_text&#038;epa=HASHTAG&#038;__xts__%5B0%5D=68.ARCx56O8lcKIyO6pSrPSuzzc12Ofz9xxKMezGpSWZz27mU7csCzXZXULNNluMFKqiM5ZuwPW8NdM1x54uYQBY8-g7dNGXFuPmtxhR0NnNQXpNRYd-Fe7F-SuTPbhEfPgSLiQkYEuFoU8pKNu9zmSvqxvsMkXr_UwsbbVF7vIT4WsR329zqkE9ggPxTcA_QSuUDx0bQoNlZlWNiawPe1D7LbdbBwB3x9UdWQpxx4GMsBTkVHp9wR4nNqj_yuY95A3CqTbyr6kIR_KctNGeS3C9HVsla-7yg7xnVRlTL6uGsqRe8nWoWTAyJZH_zPPmeTvQTYc6Xr5Nti-KRHDOD7cjY-LNQ&#038;__tn__=%2ANK-R\" data-ft=\"&#123;&quot;type&quot;:104,&quot;tn&quot;:&quot;*N&quot;&#125;\"><span class=\"_5afx\"><span aria-label=\"hashtag\" class=\"_58cl _5afz\">#Colegio<\/span><\/span><\/a> |Por llamado de la se\u00f1ora rectora de Colegio Pompeya El Cuerpo de Bombero Pastaza se dirige a una emergencia m\u00e9dica en el interior de la instituci\u00f3n, al llegar al lugar se atiende adolescente de de 13 a\u00f1os de edad el mismo que presenta un contusi\u00f3n a nivel de la Pelvis , es estabilizado en el lugar y luego trasladado al hospital General Puyo.<\/p>\n<p><a href=\"https:\/\/scontent.fuio15-1.fna.fbcdn.net\/v\/t1.0-9\/82871976_1502323423256524_8592051723114119168_o.jpg?_nc_cat=107&#038;_nc_ohc=Wu59zxy3bgEAX9hoc6N&#038;_nc_ht=scontent.fuio15-1.fna&#038;oh=1e0560e1f6cb7e5be8a05b45e9f3883c&#038;oe=5ED74B5B\"><img decoding=\"async\" class=\"wp_automatic_fb_img\" title=\"\" src=\"https:\/\/scontent.fuio15-1.fna.fbcdn.net\/v\/t1.0-9\/82871976_1502323423256524_8592051723114119168_o.jpg?_nc_cat=107&#038;_nc_ohc=Wu59zxy3bgEAX9hoc6N&#038;_nc_ht=scontent.fuio15-1.fna&#038;oh=1e0560e1f6cb7e5be8a05b45e9f3883c&#038;oe=5ED74B5B\" \/><\/a><br \/><a href=\"https:\/\/scontent.fuio15-1.fna.fbcdn.net\/v\/t1.0-9\/82404553_1502323419923191_3699333977190957056_o.jpg?_nc_cat=100&#038;_nc_ohc=kQZpEX89t-EAX-1mvwe&#038;_nc_ht=scontent.fuio15-1.fna&#038;oh=d797c469b603de0c54f0a69a6ab6fb98&#038;oe=5ED7509A\"><img decoding=\"async\" class=\"wp_automatic_fb_img\" title=\"\" src=\"https:\/\/scontent.fuio15-1.fna.fbcdn.net\/v\/t1.0-9\/82404553_1502323419923191_3699333977190957056_o.jpg?_nc_cat=100&#038;_nc_ohc=kQZpEX89t-EAX-1mvwe&#038;_nc_ht=scontent.fuio15-1.fna&#038;oh=d797c469b603de0c54f0a69a6ab6fb98&#038;oe=5ED7509A\" \/><\/a><br \/><a href=\"https:\/\/scontent.fuio15-1.fna.fbcdn.net\/v\/t1.0-9\/82585730_1502323403256526_6938257673682944000_o.jpg?_nc_cat=108&#038;_nc_ohc=ugwhdguyKyIAX9BnXq_&#038;_nc_ht=scontent.fuio15-1.fna&#038;oh=d413290f6d9877c80dfd8ffe126e06bd&#038;oe=5E98224D\"><img decoding=\"async\" class=\"wp_automatic_fb_img\" title=\"\" src=\"https:\/\/scontent.fuio15-1.fna.fbcdn.net\/v\/t1.0-9\/82585730_1502323403256526_6938257673682944000_o.jpg?_nc_cat=108&#038;_nc_ohc=ugwhdguyKyIAX9BnXq_&#038;_nc_ht=scontent.fuio15-1.fna&#038;oh=d413290f6d9877c80dfd8ffe126e06bd&#038;oe=5E98224D\" \/><\/a><\/p>\n","protected":false},"author":1,"featured_media":1406,"comment_status":"open","ping_status":"open","sticky":false,"template":"","format":"standard","meta":[],"categories":[1],"tags":[136,29,31,533,30,532,531],"_links":{"self":[{"href":"https:\/\/bomberos.puyo.gob.ec\/2019\/wp-json\/wp\/v2\/posts\/1405"}],"collection":[{"href":"https:\/\/bomberos.puyo.gob.ec\/2019\/wp-json\/wp\/v2\/posts"}],"about":[{"href":"https:\/\/bomberos.puyo.gob.ec\/2019\/wp-json\/wp\/v2\/types\/post"}],"author":[{"embeddable":true,"href":"https:\/\/bomberos.puyo.gob.ec\/2019\/wp-json\/wp\/v2\/users\/1"}],"replies":[{"embeddable":true,"href":"https:\/\/bomberos.puyo.gob.ec\/2019\/wp-json\/wp\/v2\/comments?post=1405"}],"version-history":[{"count":1,"href":"https:\/\/bomberos.puyo.gob.ec\/2019\/wp-json\/wp\/v2\/posts\/1405\/revisions"}],"predecessor-version":[{"id":1407,"href":"https:\/\/bomberos.puyo.gob.ec\/2019\/wp-json\/wp\/v2\/posts\/1405\/revisions\/1407"}],"wp:featuredmedia":[{"embeddable":true,"href":"https:\/\/bomberos.puyo.gob.ec\/2019\/wp-json\/wp\/v2\/media\/1406"}],"wp:attachment":[{"href":"https:\/\/bomberos.puyo.gob.ec\/2019\/wp-json\/wp\/v2\/media?parent=1405"}],"wp:term":[{"taxonomy":"category","embeddable":true,"href":"https:\/\/bomberos.puyo.gob.ec\/2019\/wp-json\/wp\/v2\/categories?post=1405"},{"taxonomy":"post_tag","embeddable":true,"href":"https:\/\/bomberos.puyo.gob.ec\/2019\/wp-json\/wp\/v2\/tags?post=1405"}],"curies":[{"name":"wp","href":"https:\/\/api.w.org\/{rel}","templated":true}]}}