{"id":1402,"date":"2020-01-16T07:00:01","date_gmt":"2020-01-16T12:00:01","guid":{"rendered":"https:\/\/bomberos.puyo.gob.ec\/accidentedetransito-emergenciamedica-por-llamado-de-ecu-911-la-unidad-a4\/"},"modified":"2020-01-16T07:59:30","modified_gmt":"2020-01-16T12:59:30","slug":"accidentedetransito-emergenciamedica-por-llamado-de-ecu-911-la-unidad-a4","status":"publish","type":"post","link":"https:\/\/bomberos.puyo.gob.ec\/2019\/accidentedetransito-emergenciamedica-por-llamado-de-ecu-911-la-unidad-a4\/","title":{"rendered":"| #AccidenteDeTr\u00e1nsito |#EmergenciaM\u00e9dica |Por llamado de Ecu 911 la unidad  A4 &#8230;"},"content":{"rendered":"<p>| <a class=\"_58cn\" href=\"https:\/\/facebook.com\/hashtag\/accidentedetr&#xe1;nsito?source=feed_text&#038;epa=HASHTAG&#038;__xts__%5B0%5D=68.ARAPTIMIQNzOTTS9cPK6a3H4SkbevMFc0HDzcCp-TWiGWhlYrmHIPP4dkQbm6AP5QjcENHPN2fKot-KzvQe0KhuqxKA62MZaQtrrR4G0URRvVXXSIoNAJ8jY9Q02eQTNUCzXu1QbqFb2yjbIlYsSfW4CcyBvmE04h9994WWANjaRh58L_kM4114fruLyqOTngK2lKzYqGZdKVSRQVvJUaLMq2P96hQ5Yx--qmqoFtkCcULGtusLY-pqDdm5aLshmRJJuAJLJbzPan3vy09s7NqTdBWjgLNKRYztsz5jqVnhvnhG09JxJOlMFOX83MV1rO-zPgvdbY6n9UpqWuIPZ-LTFRw&#038;__tn__=%2ANK-R\" data-ft=\"&#123;&quot;type&quot;:104,&quot;tn&quot;:&quot;*N&quot;&#125;\"><span class=\"_5afx\"><span aria-label=\"hashtag\" class=\"_58cl _5afz\">#AccidenteDeTr\u00e1nsito<\/span><\/span><\/a> |<a class=\"_58cn\" href=\"https:\/\/facebook.com\/hashtag\/emergenciam&#xe9;dica?source=feed_text&#038;epa=HASHTAG&#038;__xts__%5B0%5D=68.ARAPTIMIQNzOTTS9cPK6a3H4SkbevMFc0HDzcCp-TWiGWhlYrmHIPP4dkQbm6AP5QjcENHPN2fKot-KzvQe0KhuqxKA62MZaQtrrR4G0URRvVXXSIoNAJ8jY9Q02eQTNUCzXu1QbqFb2yjbIlYsSfW4CcyBvmE04h9994WWANjaRh58L_kM4114fruLyqOTngK2lKzYqGZdKVSRQVvJUaLMq2P96hQ5Yx--qmqoFtkCcULGtusLY-pqDdm5aLshmRJJuAJLJbzPan3vy09s7NqTdBWjgLNKRYztsz5jqVnhvnhG09JxJOlMFOX83MV1rO-zPgvdbY6n9UpqWuIPZ-LTFRw&#038;__tn__=%2ANK-R\" data-ft=\"&#123;&quot;type&quot;:104,&quot;tn&quot;:&quot;*N&quot;&#125;\"><span class=\"_5afx\"><span aria-label=\"hashtag\" class=\"_58cl _5afz\">#EmergenciaM\u00e9dica<\/span><\/span><\/a> |Por llamado de Ecu 911 la unidad  A4  se dirige atender una emergencia m\u00e9dica al ingreso del barrio los \u00c1ngeles producido por un accidente de tr\u00e1nsito entre una motocicleta y un veh\u00edculo, una vez en el lugar se atiende paciente de 54 a\u00f1os de edad, mismo que presenta leve laceraci\u00f3n mano izquierda por lo que fue atendido en el lugar.<\/p>\n<p><a href=\"https:\/\/bomberos.puyo.gob.ec\/2019\/wp-content\/uploads\/AccidenteDeTransito-EmergenciaMedica-Por-llamado-de-Ecu-911-la-unidad.fna&#038;oh=20297c5dac2111101a98f74a23a94fe2&#038;oe=5ED5FE40.jpeg\"><img decoding=\"async\" class=\"wp_automatic_fb_img\" title=\"\" src=\"https:\/\/bomberos.puyo.gob.ec\/2019\/wp-content\/uploads\/AccidenteDeTransito-EmergenciaMedica-Por-llamado-de-Ecu-911-la-unidad.fna&#038;oh=20297c5dac2111101a98f74a23a94fe2&#038;oe=5ED5FE40.jpeg\" \/><\/a><br \/><a href=\"https:\/\/bomberos.puyo.gob.ec\/2019\/wp-content\/uploads\/AccidenteDeTransito-EmergenciaMedica-Por-llamado-de-Ecu-911-la-unidad.fna&#038;oh=47c8a5abfe3e8eec206ae99d62881399&#038;oe=5E9123F8.jpeg\"><img decoding=\"async\" class=\"wp_automatic_fb_img\" title=\"\" src=\"https:\/\/bomberos.puyo.gob.ec\/2019\/wp-content\/uploads\/AccidenteDeTransito-EmergenciaMedica-Por-llamado-de-Ecu-911-la-unidad.fna&#038;oh=47c8a5abfe3e8eec206ae99d62881399&#038;oe=5E9123F8.jpeg\" \/><\/a><br \/>\n<br \/><a href=\"https:\/\/www.facebook.com\/465093860312824\/posts\/1502319449923588\">en facebook&#8230; <\/a>  <\/p>\n","protected":false},"excerpt":{"rendered":"<p>| <a class=\"_58cn\" href=\"https:\/\/facebook.com\/hashtag\/accidentedetr&#xe1;nsito?source=feed_text&#038;epa=HASHTAG&#038;__xts__%5B0%5D=68.ARAPTIMIQNzOTTS9cPK6a3H4SkbevMFc0HDzcCp-TWiGWhlYrmHIPP4dkQbm6AP5QjcENHPN2fKot-KzvQe0KhuqxKA62MZaQtrrR4G0URRvVXXSIoNAJ8jY9Q02eQTNUCzXu1QbqFb2yjbIlYsSfW4CcyBvmE04h9994WWANjaRh58L_kM4114fruLyqOTngK2lKzYqGZdKVSRQVvJUaLMq2P96hQ5Yx--qmqoFtkCcULGtusLY-pqDdm5aLshmRJJuAJLJbzPan3vy09s7NqTdBWjgLNKRYztsz5jqVnhvnhG09JxJOlMFOX83MV1rO-zPgvdbY6n9UpqWuIPZ-LTFRw&#038;__tn__=%2ANK-R\" data-ft=\"&#123;&quot;type&quot;:104,&quot;tn&quot;:&quot;*N&quot;&#125;\"><span class=\"_5afx\"><span aria-label=\"hashtag\" class=\"_58cl _5afz\">#AccidenteDeTr\u00e1nsito<\/span><\/span><\/a> |<a class=\"_58cn\" href=\"https:\/\/facebook.com\/hashtag\/emergenciam&#xe9;dica?source=feed_text&#038;epa=HASHTAG&#038;__xts__%5B0%5D=68.ARAPTIMIQNzOTTS9cPK6a3H4SkbevMFc0HDzcCp-TWiGWhlYrmHIPP4dkQbm6AP5QjcENHPN2fKot-KzvQe0KhuqxKA62MZaQtrrR4G0URRvVXXSIoNAJ8jY9Q02eQTNUCzXu1QbqFb2yjbIlYsSfW4CcyBvmE04h9994WWANjaRh58L_kM4114fruLyqOTngK2lKzYqGZdKVSRQVvJUaLMq2P96hQ5Yx--qmqoFtkCcULGtusLY-pqDdm5aLshmRJJuAJLJbzPan3vy09s7NqTdBWjgLNKRYztsz5jqVnhvnhG09JxJOlMFOX83MV1rO-zPgvdbY6n9UpqWuIPZ-LTFRw&#038;__tn__=%2ANK-R\" data-ft=\"&#123;&quot;type&quot;:104,&quot;tn&quot;:&quot;*N&quot;&#125;\"><span class=\"_5afx\"><span aria-label=\"hashtag\" class=\"_58cl _5afz\">#EmergenciaM\u00e9dica<\/span><\/span><\/a> |Por llamado de Ecu 911 la unidad  A4  se dirige atender una emergencia m\u00e9dica al ingreso del barrio los \u00c1ngeles producido por un accidente de tr\u00e1nsito entre una motocicleta y un veh\u00edculo, una vez en el lugar se atiende paciente de 54 a\u00f1os de edad, mismo que presenta leve laceraci\u00f3n mano izquierda por lo que fue atendido en el lugar.<\/p>\n<p><a href=\"https:\/\/scontent.fuio15-1.fna.fbcdn.net\/v\/t1.0-9\/82073022_1502319196590280_4516878721356922880_o.jpg?_nc_cat=105&#038;_nc_ohc=oKH9uMx3810AX8xH8i7&#038;_nc_ht=scontent.fuio15-1.fna&#038;oh=20297c5dac2111101a98f74a23a94fe2&#038;oe=5ED5FE40\"><img decoding=\"async\" class=\"wp_automatic_fb_img\" title=\"\" src=\"https:\/\/scontent.fuio15-1.fna.fbcdn.net\/v\/t1.0-9\/82073022_1502319196590280_4516878721356922880_o.jpg?_nc_cat=105&#038;_nc_ohc=oKH9uMx3810AX8xH8i7&#038;_nc_ht=scontent.fuio15-1.fna&#038;oh=20297c5dac2111101a98f74a23a94fe2&#038;oe=5ED5FE40\" \/><\/a><br \/><a href=\"https:\/\/scontent.fuio15-1.fna.fbcdn.net\/v\/t1.0-9\/82379622_1502319189923614_942106178798747648_o.jpg?_nc_cat=107&#038;_nc_ohc=UYnLWPp1XRUAX_J1Fni&#038;_nc_ht=scontent.fuio15-1.fna&#038;oh=47c8a5abfe3e8eec206ae99d62881399&#038;oe=5E9123F8\"><img decoding=\"async\" class=\"wp_automatic_fb_img\" title=\"\" src=\"https:\/\/scontent.fuio15-1.fna.fbcdn.net\/v\/t1.0-9\/82379622_1502319189923614_942106178798747648_o.jpg?_nc_cat=107&#038;_nc_ohc=UYnLWPp1XRUAX_J1Fni&#038;_nc_ht=scontent.fuio15-1.fna&#038;oh=47c8a5abfe3e8eec206ae99d62881399&#038;oe=5E9123F8\" \/><\/a><\/p>\n","protected":false},"author":1,"featured_media":1403,"comment_status":"open","ping_status":"open","sticky":false,"template":"","format":"standard","meta":[],"categories":[1],"tags":[62,33,29,31,30,41],"_links":{"self":[{"href":"https:\/\/bomberos.puyo.gob.ec\/2019\/wp-json\/wp\/v2\/posts\/1402"}],"collection":[{"href":"https:\/\/bomberos.puyo.gob.ec\/2019\/wp-json\/wp\/v2\/posts"}],"about":[{"href":"https:\/\/bomberos.puyo.gob.ec\/2019\/wp-json\/wp\/v2\/types\/post"}],"author":[{"embeddable":true,"href":"https:\/\/bomberos.puyo.gob.ec\/2019\/wp-json\/wp\/v2\/users\/1"}],"replies":[{"embeddable":true,"href":"https:\/\/bomberos.puyo.gob.ec\/2019\/wp-json\/wp\/v2\/comments?post=1402"}],"version-history":[{"count":1,"href":"https:\/\/bomberos.puyo.gob.ec\/2019\/wp-json\/wp\/v2\/posts\/1402\/revisions"}],"predecessor-version":[{"id":1404,"href":"https:\/\/bomberos.puyo.gob.ec\/2019\/wp-json\/wp\/v2\/posts\/1402\/revisions\/1404"}],"wp:featuredmedia":[{"embeddable":true,"href":"https:\/\/bomberos.puyo.gob.ec\/2019\/wp-json\/wp\/v2\/media\/1403"}],"wp:attachment":[{"href":"https:\/\/bomberos.puyo.gob.ec\/2019\/wp-json\/wp\/v2\/media?parent=1402"}],"wp:term":[{"taxonomy":"category","embeddable":true,"href":"https:\/\/bomberos.puyo.gob.ec\/2019\/wp-json\/wp\/v2\/categories?post=1402"},{"taxonomy":"post_tag","embeddable":true,"href":"https:\/\/bomberos.puyo.gob.ec\/2019\/wp-json\/wp\/v2\/tags?post=1402"}],"curies":[{"name":"wp","href":"https:\/\/api.w.org\/{rel}","templated":true}]}}