{"id":1399,"date":"2020-01-15T23:34:46","date_gmt":"2020-01-16T04:34:46","guid":{"rendered":"https:\/\/bomberos.puyo.gob.ec\/ecu911-emergenciamedica-por-llamado-del-ecu-911-bomberos-pastaza-se-diri\/"},"modified":"2020-01-16T00:40:41","modified_gmt":"2020-01-16T05:40:41","slug":"ecu911-emergenciamedica-por-llamado-del-ecu-911-bomberos-pastaza-se-diri","status":"publish","type":"post","link":"https:\/\/bomberos.puyo.gob.ec\/2019\/ecu911-emergenciamedica-por-llamado-del-ecu-911-bomberos-pastaza-se-diri\/","title":{"rendered":"|#ECU911 | #EmergenciaM\u00e9dica | Por llamado del Ecu 911, Bomberos Pastaza se diri&#8230;"},"content":{"rendered":"<p>|<a class=\"_58cn\" href=\"https:\/\/facebook.com\/hashtag\/ecu911?source=feed_text&#038;epa=HASHTAG&#038;__xts__%5B0%5D=68.ARD57mgNCPxcn2xwcq1PAkKpK_UNgxpSlTLjuFwe_BqWl4_6KfZwYLMce6Q9MW9R7rXrokK3E5JfBvTFn_y8tinqEm8_gi8wpFH4G8UUrtWRrS_6IyI32o4DSQvMIy5XWqcr5ZN9llJhPekJza4kWV6401eCVtrNmpQqqKSl_Wa2vdBqQK5b5tPN3uBfUnajowkXdfVzTxBOI3iJfnGGMqoG0jdUzVH3S6DEhzJn_B90-926gEaad6dXgGYynbCRhI5lHpKvPK8bs-cwHCf1TkUmlMFfOVs_RmhclmEvxqLwKdvrvN_4aZf5nsof9Bdsna3UVWH2Z6e7HDpsXXXBk6Ezrg&#038;__tn__=%2ANK-R\" data-ft=\"&#123;&quot;type&quot;:104,&quot;tn&quot;:&quot;*N&quot;&#125;\"><span class=\"_5afx\"><span aria-label=\"hashtag\" class=\"_58cl _5afz\">#ECU911<\/span><\/span><\/a> | <a class=\"_58cn\" href=\"https:\/\/facebook.com\/hashtag\/emergenciam&#xe9;dica?source=feed_text&#038;epa=HASHTAG&#038;__xts__%5B0%5D=68.ARD57mgNCPxcn2xwcq1PAkKpK_UNgxpSlTLjuFwe_BqWl4_6KfZwYLMce6Q9MW9R7rXrokK3E5JfBvTFn_y8tinqEm8_gi8wpFH4G8UUrtWRrS_6IyI32o4DSQvMIy5XWqcr5ZN9llJhPekJza4kWV6401eCVtrNmpQqqKSl_Wa2vdBqQK5b5tPN3uBfUnajowkXdfVzTxBOI3iJfnGGMqoG0jdUzVH3S6DEhzJn_B90-926gEaad6dXgGYynbCRhI5lHpKvPK8bs-cwHCf1TkUmlMFfOVs_RmhclmEvxqLwKdvrvN_4aZf5nsof9Bdsna3UVWH2Z6e7HDpsXXXBk6Ezrg&#038;__tn__=%2ANK-R\" data-ft=\"&#123;&quot;type&quot;:104,&quot;tn&quot;:&quot;*N&quot;&#125;\"><span class=\"_5afx\"><span aria-label=\"hashtag\" class=\"_58cl _5afz\">#EmergenciaM\u00e9dica<\/span><\/span><\/a> | Por llamado del Ecu 911, Bomberos Pastaza se dirigen atender una emergencia m\u00e9dica en las calles 20 de Julio y Ceslao Mar\u00edn, al llegar al lugar se atiende a la Sra. de 66 a\u00f1os de edad la misma que presenta laceraciones a nivel de rodillas producidas por una ca\u00edda de su propia altura, fue atendida en lugar y dejada a buen recaudo con sus familiares.<\/p>\n<p><a href=\"https:\/\/bomberos.puyo.gob.ec\/2019\/wp-content\/uploads\/ECU911-EmergenciaMedica-Por-llamado-del-Ecu-911-Bomberos.fna&#038;oh=d783d0c82362da87189ac467ae6d29e2&#038;oe=5E908D0C.jpeg\"><img decoding=\"async\" class=\"wp_automatic_fb_img\" title=\"\" src=\"https:\/\/bomberos.puyo.gob.ec\/2019\/wp-content\/uploads\/ECU911-EmergenciaMedica-Por-llamado-del-Ecu-911-Bomberos.fna&#038;oh=d783d0c82362da87189ac467ae6d29e2&#038;oe=5E908D0C.jpeg\" \/><\/a><br \/><a href=\"https:\/\/bomberos.puyo.gob.ec\/2019\/wp-content\/uploads\/ECU911-EmergenciaMedica-Por-llamado-del-Ecu-911-Bomberos.fna&#038;oh=31acab18ffdbc80d84d7cefc54d9afb4&#038;oe=5E9FFE2D.jpeg\"><img decoding=\"async\" class=\"wp_automatic_fb_img\" title=\"\" src=\"https:\/\/bomberos.puyo.gob.ec\/2019\/wp-content\/uploads\/ECU911-EmergenciaMedica-Por-llamado-del-Ecu-911-Bomberos.fna&#038;oh=31acab18ffdbc80d84d7cefc54d9afb4&#038;oe=5E9FFE2D.jpeg\" \/><\/a><br \/>\n<br \/><a href=\"https:\/\/www.facebook.com\/465093860312824\/posts\/1502310493257817\">en facebook&#8230; <\/a>  <\/p>\n","protected":false},"excerpt":{"rendered":"<p>|<a class=\"_58cn\" href=\"https:\/\/facebook.com\/hashtag\/ecu911?source=feed_text&#038;epa=HASHTAG&#038;__xts__%5B0%5D=68.ARD57mgNCPxcn2xwcq1PAkKpK_UNgxpSlTLjuFwe_BqWl4_6KfZwYLMce6Q9MW9R7rXrokK3E5JfBvTFn_y8tinqEm8_gi8wpFH4G8UUrtWRrS_6IyI32o4DSQvMIy5XWqcr5ZN9llJhPekJza4kWV6401eCVtrNmpQqqKSl_Wa2vdBqQK5b5tPN3uBfUnajowkXdfVzTxBOI3iJfnGGMqoG0jdUzVH3S6DEhzJn_B90-926gEaad6dXgGYynbCRhI5lHpKvPK8bs-cwHCf1TkUmlMFfOVs_RmhclmEvxqLwKdvrvN_4aZf5nsof9Bdsna3UVWH2Z6e7HDpsXXXBk6Ezrg&#038;__tn__=%2ANK-R\" data-ft=\"&#123;&quot;type&quot;:104,&quot;tn&quot;:&quot;*N&quot;&#125;\"><span class=\"_5afx\"><span aria-label=\"hashtag\" class=\"_58cl _5afz\">#ECU911<\/span><\/span><\/a> | <a class=\"_58cn\" href=\"https:\/\/facebook.com\/hashtag\/emergenciam&#xe9;dica?source=feed_text&#038;epa=HASHTAG&#038;__xts__%5B0%5D=68.ARD57mgNCPxcn2xwcq1PAkKpK_UNgxpSlTLjuFwe_BqWl4_6KfZwYLMce6Q9MW9R7rXrokK3E5JfBvTFn_y8tinqEm8_gi8wpFH4G8UUrtWRrS_6IyI32o4DSQvMIy5XWqcr5ZN9llJhPekJza4kWV6401eCVtrNmpQqqKSl_Wa2vdBqQK5b5tPN3uBfUnajowkXdfVzTxBOI3iJfnGGMqoG0jdUzVH3S6DEhzJn_B90-926gEaad6dXgGYynbCRhI5lHpKvPK8bs-cwHCf1TkUmlMFfOVs_RmhclmEvxqLwKdvrvN_4aZf5nsof9Bdsna3UVWH2Z6e7HDpsXXXBk6Ezrg&#038;__tn__=%2ANK-R\" data-ft=\"&#123;&quot;type&quot;:104,&quot;tn&quot;:&quot;*N&quot;&#125;\"><span class=\"_5afx\"><span aria-label=\"hashtag\" class=\"_58cl _5afz\">#EmergenciaM\u00e9dica<\/span><\/span><\/a> | Por llamado del Ecu 911, Bomberos Pastaza se dirigen atender una emergencia m\u00e9dica en las calles 20 de Julio y Ceslao Mar\u00edn, al llegar al lugar se atiende a la Sra. de 66 a\u00f1os de edad la misma que presenta laceraciones a nivel de rodillas producidas por una ca\u00edda de su propia altura, fue atendida en lugar y dejada a buen recaudo con sus familiares.<\/p>\n<p><a href=\"https:\/\/scontent.fuio15-1.fna.fbcdn.net\/v\/t1.0-9\/83767908_1502310446591155_8838558119777796096_o.jpg?_nc_cat=103&#038;_nc_ohc=TCAKTIfXPKQAX89XTVP&#038;_nc_ht=scontent.fuio15-1.fna&#038;oh=d783d0c82362da87189ac467ae6d29e2&#038;oe=5E908D0C\"><img decoding=\"async\" class=\"wp_automatic_fb_img\" title=\"\" src=\"https:\/\/scontent.fuio15-1.fna.fbcdn.net\/v\/t1.0-9\/83767908_1502310446591155_8838558119777796096_o.jpg?_nc_cat=103&#038;_nc_ohc=TCAKTIfXPKQAX89XTVP&#038;_nc_ht=scontent.fuio15-1.fna&#038;oh=d783d0c82362da87189ac467ae6d29e2&#038;oe=5E908D0C\" \/><\/a><br \/><a href=\"https:\/\/scontent.fuio15-1.fna.fbcdn.net\/v\/t1.0-9\/83031245_1502310443257822_9116083100965666816_o.jpg?_nc_cat=109&#038;_nc_ohc=frvMH3P1F10AX9BdC0F&#038;_nc_ht=scontent.fuio15-1.fna&#038;oh=31acab18ffdbc80d84d7cefc54d9afb4&#038;oe=5E9FFE2D\"><img decoding=\"async\" class=\"wp_automatic_fb_img\" title=\"\" src=\"https:\/\/scontent.fuio15-1.fna.fbcdn.net\/v\/t1.0-9\/83031245_1502310443257822_9116083100965666816_o.jpg?_nc_cat=109&#038;_nc_ohc=frvMH3P1F10AX9BdC0F&#038;_nc_ht=scontent.fuio15-1.fna&#038;oh=31acab18ffdbc80d84d7cefc54d9afb4&#038;oe=5E9FFE2D\" \/><\/a><\/p>\n","protected":false},"author":1,"featured_media":1400,"comment_status":"open","ping_status":"open","sticky":false,"template":"","format":"standard","meta":[],"categories":[1],"tags":[73,32,530,33,69,29,31,74,30],"_links":{"self":[{"href":"https:\/\/bomberos.puyo.gob.ec\/2019\/wp-json\/wp\/v2\/posts\/1399"}],"collection":[{"href":"https:\/\/bomberos.puyo.gob.ec\/2019\/wp-json\/wp\/v2\/posts"}],"about":[{"href":"https:\/\/bomberos.puyo.gob.ec\/2019\/wp-json\/wp\/v2\/types\/post"}],"author":[{"embeddable":true,"href":"https:\/\/bomberos.puyo.gob.ec\/2019\/wp-json\/wp\/v2\/users\/1"}],"replies":[{"embeddable":true,"href":"https:\/\/bomberos.puyo.gob.ec\/2019\/wp-json\/wp\/v2\/comments?post=1399"}],"version-history":[{"count":1,"href":"https:\/\/bomberos.puyo.gob.ec\/2019\/wp-json\/wp\/v2\/posts\/1399\/revisions"}],"predecessor-version":[{"id":1401,"href":"https:\/\/bomberos.puyo.gob.ec\/2019\/wp-json\/wp\/v2\/posts\/1399\/revisions\/1401"}],"wp:featuredmedia":[{"embeddable":true,"href":"https:\/\/bomberos.puyo.gob.ec\/2019\/wp-json\/wp\/v2\/media\/1400"}],"wp:attachment":[{"href":"https:\/\/bomberos.puyo.gob.ec\/2019\/wp-json\/wp\/v2\/media?parent=1399"}],"wp:term":[{"taxonomy":"category","embeddable":true,"href":"https:\/\/bomberos.puyo.gob.ec\/2019\/wp-json\/wp\/v2\/categories?post=1399"},{"taxonomy":"post_tag","embeddable":true,"href":"https:\/\/bomberos.puyo.gob.ec\/2019\/wp-json\/wp\/v2\/tags?post=1399"}],"curies":[{"name":"wp","href":"https:\/\/api.w.org\/{rel}","templated":true}]}}