{"id":1381,"date":"2020-01-10T11:00:00","date_gmt":"2020-01-10T16:00:00","guid":{"rendered":"https:\/\/bomberos.puyo.gob.ec\/emergenciamedica-ecu911\/"},"modified":"2020-01-10T11:48:17","modified_gmt":"2020-01-10T16:48:17","slug":"emergenciamedica-ecu911","status":"publish","type":"post","link":"https:\/\/bomberos.puyo.gob.ec\/2019\/emergenciamedica-ecu911\/","title":{"rendered":"| #EmergenciaM\u00e9dica | #ECU911 |&#8230;"},"content":{"rendered":"<p>| <a class=\"_58cn\" href=\"https:\/\/facebook.com\/hashtag\/emergenciam&#xe9;dica?source=feed_text&#038;epa=HASHTAG&#038;__xts__%5B0%5D=68.ARANT9KG14fL58Yk1ewsYL2DExBnkJqoBmqUJy3O_0X3b8HOw0dCJbxA5jLOala2z0kt81pOzfFnBlyCOBUp-sQlWxLgawrCLwYA9Whxi8PGwp5TyMLWRHqIxaNuR4YqW5GVRrL19qGKjJwE9u2txvy9kzwhquA-nc9hu4Iemg8a9F2lmdTB3waOi8-EFOklxvmn5Az9EMSk2NLxirv6p4bktEkQJcP1lIAUo5zxAqU8FdvdlPreAtbXWpKCIEkjPkL6iC0vZf0-Up0q2yo9O_Xr0ZuUR9gGYLCW5hiURM3c_VJNxppwGcQIbTr1UVjW9ENUCFZo7cqiyr7wMkVh9VwlEg&#038;__tn__=%2ANK-R\" data-ft=\"&#123;&quot;type&quot;:104,&quot;tn&quot;:&quot;*N&quot;&#125;\"><span class=\"_5afx\"><span aria-label=\"hashtag\" class=\"_58cl _5afz\">#EmergenciaM\u00e9dica<\/span><\/span><\/a> | <a class=\"_58cn\" href=\"https:\/\/facebook.com\/hashtag\/ecu911?source=feed_text&#038;epa=HASHTAG&#038;__xts__%5B0%5D=68.ARANT9KG14fL58Yk1ewsYL2DExBnkJqoBmqUJy3O_0X3b8HOw0dCJbxA5jLOala2z0kt81pOzfFnBlyCOBUp-sQlWxLgawrCLwYA9Whxi8PGwp5TyMLWRHqIxaNuR4YqW5GVRrL19qGKjJwE9u2txvy9kzwhquA-nc9hu4Iemg8a9F2lmdTB3waOi8-EFOklxvmn5Az9EMSk2NLxirv6p4bktEkQJcP1lIAUo5zxAqU8FdvdlPreAtbXWpKCIEkjPkL6iC0vZf0-Up0q2yo9O_Xr0ZuUR9gGYLCW5hiURM3c_VJNxppwGcQIbTr1UVjW9ENUCFZo7cqiyr7wMkVh9VwlEg&#038;__tn__=%2ANK-R\" data-ft=\"&#123;&quot;type&quot;:104,&quot;tn&quot;:&quot;*N&quot;&#125;\"><span class=\"_5afx\"><span aria-label=\"hashtag\" class=\"_58cl _5afz\">#ECU911<\/span><\/span><\/a> |<br \/> Por llamado del ECU911 la unidad bomberil se dirige a una emergencia m\u00e9dica en el caser\u00edo Uni\u00f3n Nacional Cabeceras del Bobonaza, donde se atiende al ni\u00f1o R.G. de 2 meses de edad el mismo que presenta paro cardiorrespiratorio  se lo estabiliza en la unidad con RCP y por las complicaciones inmediatamente es trasladado al Hospital General Puyo para su atenci\u00f3n inmediata.<\/p>\n<p><a href=\"https:\/\/bomberos.puyo.gob.ec\/2019\/wp-content\/uploads\/EmergenciaMedica-ECU911.fna&#038;oh=97f563804acaa2e6be6152f763befb5f&#038;oe=5EB09D30.jpeg\"><img decoding=\"async\" class=\"wp_automatic_fb_img\" title=\"\" src=\"https:\/\/bomberos.puyo.gob.ec\/2019\/wp-content\/uploads\/EmergenciaMedica-ECU911.fna&#038;oh=97f563804acaa2e6be6152f763befb5f&#038;oe=5EB09D30.jpeg\" \/><\/a><br \/><a href=\"https:\/\/bomberos.puyo.gob.ec\/2019\/wp-content\/uploads\/EmergenciaMedica-ECU911.fna&#038;oh=3c47325a2794f19cdc0250e295812a65&#038;oe=5EA0A6E6.jpeg\"><img decoding=\"async\" class=\"wp_automatic_fb_img\" title=\"\" src=\"https:\/\/bomberos.puyo.gob.ec\/2019\/wp-content\/uploads\/EmergenciaMedica-ECU911.fna&#038;oh=3c47325a2794f19cdc0250e295812a65&#038;oe=5EA0A6E6.jpeg\" \/><\/a><br \/><a href=\"https:\/\/bomberos.puyo.gob.ec\/2019\/wp-content\/uploads\/EmergenciaMedica-ECU911.fna&#038;oh=919c56fb716dc7484307d6e5634729b7&#038;oe=5E9A53D0.jpeg\"><img decoding=\"async\" class=\"wp_automatic_fb_img\" title=\"\" src=\"https:\/\/bomberos.puyo.gob.ec\/2019\/wp-content\/uploads\/EmergenciaMedica-ECU911.fna&#038;oh=919c56fb716dc7484307d6e5634729b7&#038;oe=5E9A53D0.jpeg\" \/><\/a><br \/><a href=\"https:\/\/bomberos.puyo.gob.ec\/2019\/wp-content\/uploads\/EmergenciaMedica-ECU911.fna&#038;oh=77871ae776a8bbf75def8064eeebedb1&#038;oe=5E8FE12F.jpeg\"><img decoding=\"async\" class=\"wp_automatic_fb_img\" title=\"\" src=\"https:\/\/bomberos.puyo.gob.ec\/2019\/wp-content\/uploads\/EmergenciaMedica-ECU911.fna&#038;oh=77871ae776a8bbf75def8064eeebedb1&#038;oe=5E8FE12F.jpeg\" \/><\/a><br \/>\n<br \/><a href=\"https:\/\/www.facebook.com\/465093860312824\/posts\/1496022160553317\">en facebook&#8230; <\/a>  <\/p>\n","protected":false},"excerpt":{"rendered":"<p>| <a class=\"_58cn\" href=\"https:\/\/facebook.com\/hashtag\/emergenciam&#xe9;dica?source=feed_text&#038;epa=HASHTAG&#038;__xts__%5B0%5D=68.ARANT9KG14fL58Yk1ewsYL2DExBnkJqoBmqUJy3O_0X3b8HOw0dCJbxA5jLOala2z0kt81pOzfFnBlyCOBUp-sQlWxLgawrCLwYA9Whxi8PGwp5TyMLWRHqIxaNuR4YqW5GVRrL19qGKjJwE9u2txvy9kzwhquA-nc9hu4Iemg8a9F2lmdTB3waOi8-EFOklxvmn5Az9EMSk2NLxirv6p4bktEkQJcP1lIAUo5zxAqU8FdvdlPreAtbXWpKCIEkjPkL6iC0vZf0-Up0q2yo9O_Xr0ZuUR9gGYLCW5hiURM3c_VJNxppwGcQIbTr1UVjW9ENUCFZo7cqiyr7wMkVh9VwlEg&#038;__tn__=%2ANK-R\" data-ft=\"&#123;&quot;type&quot;:104,&quot;tn&quot;:&quot;*N&quot;&#125;\"><span class=\"_5afx\"><span aria-label=\"hashtag\" class=\"_58cl _5afz\">#EmergenciaM\u00e9dica<\/span><\/span><\/a> | <a class=\"_58cn\" href=\"https:\/\/facebook.com\/hashtag\/ecu911?source=feed_text&#038;epa=HASHTAG&#038;__xts__%5B0%5D=68.ARANT9KG14fL58Yk1ewsYL2DExBnkJqoBmqUJy3O_0X3b8HOw0dCJbxA5jLOala2z0kt81pOzfFnBlyCOBUp-sQlWxLgawrCLwYA9Whxi8PGwp5TyMLWRHqIxaNuR4YqW5GVRrL19qGKjJwE9u2txvy9kzwhquA-nc9hu4Iemg8a9F2lmdTB3waOi8-EFOklxvmn5Az9EMSk2NLxirv6p4bktEkQJcP1lIAUo5zxAqU8FdvdlPreAtbXWpKCIEkjPkL6iC0vZf0-Up0q2yo9O_Xr0ZuUR9gGYLCW5hiURM3c_VJNxppwGcQIbTr1UVjW9ENUCFZo7cqiyr7wMkVh9VwlEg&#038;__tn__=%2ANK-R\" data-ft=\"&#123;&quot;type&quot;:104,&quot;tn&quot;:&quot;*N&quot;&#125;\"><span class=\"_5afx\"><span aria-label=\"hashtag\" class=\"_58cl _5afz\">#ECU911<\/span><\/span><\/a> |<br \/> Por llamado del ECU911 la unidad bomberil se dirige a una emergencia m\u00e9dica en el caser\u00edo Uni\u00f3n Nacional Cabeceras del Bobonaza, donde se atiende al ni\u00f1o R.G. de 2 meses de edad el mismo que presenta paro cardiorrespiratorio  se lo estabiliza en la unidad con RCP y por las complicaciones inmediatamente es trasladado al Hospital General Puyo para su atenci\u00f3n inmediata.<\/p>\n<p><a href=\"https:\/\/scontent.fuio15-1.fna.fbcdn.net\/v\/t1.0-9\/81733497_1496021707220029_1092683660567511040_o.jpg?_nc_cat=106&#038;_nc_ohc=qGcqbOoRr7QAQkPWDj-pcMNlxLBqR27RV-D8YSyHdvfKYtQkw2SSsRLxg&#038;_nc_ht=scontent.fuio15-1.fna&#038;oh=97f563804acaa2e6be6152f763befb5f&#038;oe=5EB09D30\"><img decoding=\"async\" class=\"wp_automatic_fb_img\" title=\"\" src=\"https:\/\/scontent.fuio15-1.fna.fbcdn.net\/v\/t1.0-9\/81733497_1496021707220029_1092683660567511040_o.jpg?_nc_cat=106&#038;_nc_ohc=qGcqbOoRr7QAQkPWDj-pcMNlxLBqR27RV-D8YSyHdvfKYtQkw2SSsRLxg&#038;_nc_ht=scontent.fuio15-1.fna&#038;oh=97f563804acaa2e6be6152f763befb5f&#038;oe=5EB09D30\" \/><\/a><br \/><a href=\"https:\/\/scontent.fuio15-1.fna.fbcdn.net\/v\/t1.0-9\/82124425_1496021700553363_4694346834452152320_o.jpg?_nc_cat=109&#038;_nc_ohc=m-tvnygE7lQAQmqdbBOMittjSvlGhQ7IMVm6TM9d6d-iDagFddWP7UWnw&#038;_nc_ht=scontent.fuio15-1.fna&#038;oh=3c47325a2794f19cdc0250e295812a65&#038;oe=5EA0A6E6\"><img decoding=\"async\" class=\"wp_automatic_fb_img\" title=\"\" src=\"https:\/\/scontent.fuio15-1.fna.fbcdn.net\/v\/t1.0-9\/82124425_1496021700553363_4694346834452152320_o.jpg?_nc_cat=109&#038;_nc_ohc=m-tvnygE7lQAQmqdbBOMittjSvlGhQ7IMVm6TM9d6d-iDagFddWP7UWnw&#038;_nc_ht=scontent.fuio15-1.fna&#038;oh=3c47325a2794f19cdc0250e295812a65&#038;oe=5EA0A6E6\" \/><\/a><br \/><a href=\"https:\/\/scontent.fuio15-1.fna.fbcdn.net\/v\/t1.0-9\/81766830_1496021690553364_7718566928293298176_o.jpg?_nc_cat=104&#038;_nc_ohc=2uwJGwZUSVwAQnZ-QUO2c-Fd116PxJUNbtkA6L_isfyeZkGq4xMeikqGQ&#038;_nc_ht=scontent.fuio15-1.fna&#038;oh=919c56fb716dc7484307d6e5634729b7&#038;oe=5E9A53D0\"><img decoding=\"async\" class=\"wp_automatic_fb_img\" title=\"\" src=\"https:\/\/scontent.fuio15-1.fna.fbcdn.net\/v\/t1.0-9\/81766830_1496021690553364_7718566928293298176_o.jpg?_nc_cat=104&#038;_nc_ohc=2uwJGwZUSVwAQnZ-QUO2c-Fd116PxJUNbtkA6L_isfyeZkGq4xMeikqGQ&#038;_nc_ht=scontent.fuio15-1.fna&#038;oh=919c56fb716dc7484307d6e5634729b7&#038;oe=5E9A53D0\" \/><\/a><br \/><a href=\"https:\/\/scontent.fuio15-1.fna.fbcdn.net\/v\/t1.0-9\/82623010_1496021770553356_1421640454218186752_o.jpg?_nc_cat=101&#038;_nc_ohc=rGeZTdDUqCcAQmErwBedcTH_MYNmbYwL5dx-pdNLK3PI56gQmkyr6cnDA&#038;_nc_ht=scontent.fuio15-1.fna&#038;oh=77871ae776a8bbf75def8064eeebedb1&#038;oe=5E8FE12F\"><img decoding=\"async\" class=\"wp_automatic_fb_img\" title=\"\" src=\"https:\/\/scontent.fuio15-1.fna.fbcdn.net\/v\/t1.0-9\/82623010_1496021770553356_1421640454218186752_o.jpg?_nc_cat=101&#038;_nc_ohc=rGeZTdDUqCcAQmErwBedcTH_MYNmbYwL5dx-pdNLK3PI56gQmkyr6cnDA&#038;_nc_ht=scontent.fuio15-1.fna&#038;oh=77871ae776a8bbf75def8064eeebedb1&#038;oe=5E8FE12F\" \/><\/a><\/p>\n","protected":false},"author":1,"featured_media":1382,"comment_status":"open","ping_status":"open","sticky":false,"template":"","format":"standard","meta":[],"categories":[1],"tags":[69,29],"_links":{"self":[{"href":"https:\/\/bomberos.puyo.gob.ec\/2019\/wp-json\/wp\/v2\/posts\/1381"}],"collection":[{"href":"https:\/\/bomberos.puyo.gob.ec\/2019\/wp-json\/wp\/v2\/posts"}],"about":[{"href":"https:\/\/bomberos.puyo.gob.ec\/2019\/wp-json\/wp\/v2\/types\/post"}],"author":[{"embeddable":true,"href":"https:\/\/bomberos.puyo.gob.ec\/2019\/wp-json\/wp\/v2\/users\/1"}],"replies":[{"embeddable":true,"href":"https:\/\/bomberos.puyo.gob.ec\/2019\/wp-json\/wp\/v2\/comments?post=1381"}],"version-history":[{"count":1,"href":"https:\/\/bomberos.puyo.gob.ec\/2019\/wp-json\/wp\/v2\/posts\/1381\/revisions"}],"predecessor-version":[{"id":1383,"href":"https:\/\/bomberos.puyo.gob.ec\/2019\/wp-json\/wp\/v2\/posts\/1381\/revisions\/1383"}],"wp:featuredmedia":[{"embeddable":true,"href":"https:\/\/bomberos.puyo.gob.ec\/2019\/wp-json\/wp\/v2\/media\/1382"}],"wp:attachment":[{"href":"https:\/\/bomberos.puyo.gob.ec\/2019\/wp-json\/wp\/v2\/media?parent=1381"}],"wp:term":[{"taxonomy":"category","embeddable":true,"href":"https:\/\/bomberos.puyo.gob.ec\/2019\/wp-json\/wp\/v2\/categories?post=1381"},{"taxonomy":"post_tag","embeddable":true,"href":"https:\/\/bomberos.puyo.gob.ec\/2019\/wp-json\/wp\/v2\/tags?post=1381"}],"curies":[{"name":"wp","href":"https:\/\/api.w.org\/{rel}","templated":true}]}}