{"id":1378,"date":"2020-01-10T07:58:27","date_gmt":"2020-01-10T12:58:27","guid":{"rendered":"https:\/\/bomberos.puyo.gob.ec\/parto-en-el-barrio-el-paraiso-el-cuerpo-de-bomberos-asiste-en-una-labor-de\/"},"modified":"2020-01-10T08:39:14","modified_gmt":"2020-01-10T13:39:14","slug":"parto-en-el-barrio-el-paraiso-el-cuerpo-de-bomberos-asiste-en-una-labor-de","status":"publish","type":"post","link":"https:\/\/bomberos.puyo.gob.ec\/2019\/parto-en-el-barrio-el-paraiso-el-cuerpo-de-bomberos-asiste-en-una-labor-de\/","title":{"rendered":"| #Parto | En el barrio El Para\u00edso el Cuerpo de Bomberos asiste en una labor de &#8230;"},"content":{"rendered":"<p><span><\/p>\n<p>| <a>#Parto<\/a> | En el barrio El Para\u00edso el Cuerpo de Bomberos asiste en una labor de parto a se\u00f1ora de 21 a\u00f1os de edad la misma que presenta 36 semanas de gestaci\u00f3n con dolores frecuentes Se la estabiliza y posterior es trasladada hasta el hospital Puyo para su atenci\u00f3n respectiva.<\/p>\n<p><\/span>\n<\/p>\n<p><a href=\"https:\/\/bomberos.puyo.gob.ec\/2019\/wp-content\/uploads\/Parto-En-el-barrio-El-Paraiso-el-Cuerpo.fna&#038;oh=a65d0c1da43624a2ff42727316de6689&#038;oe=5E98D352.jpeg\"><img decoding=\"async\" class=\"wp_automatic_fb_img\" title=\"\" src=\"https:\/\/bomberos.puyo.gob.ec\/2019\/wp-content\/uploads\/Parto-En-el-barrio-El-Paraiso-el-Cuerpo.fna&#038;oh=a65d0c1da43624a2ff42727316de6689&#038;oe=5E98D352.jpeg\" \/><\/a><br \/><a href=\"https:\/\/bomberos.puyo.gob.ec\/2019\/wp-content\/uploads\/Parto-En-el-barrio-El-Paraiso-el-Cuerpo.fna&#038;oh=bb631737989c3325e6a0da7f8c0e7214&#038;oe=5EAE65D0.jpeg\"><img decoding=\"async\" class=\"wp_automatic_fb_img\" title=\"\" src=\"https:\/\/bomberos.puyo.gob.ec\/2019\/wp-content\/uploads\/Parto-En-el-barrio-El-Paraiso-el-Cuerpo.fna&#038;oh=bb631737989c3325e6a0da7f8c0e7214&#038;oe=5EAE65D0.jpeg\" \/><\/a><br \/><a href=\"https:\/\/bomberos.puyo.gob.ec\/2019\/wp-content\/uploads\/Parto-En-el-barrio-El-Paraiso-el-Cuerpo.fna&#038;oh=2b7d1498a9339d2d4a83af9d4b3bf39e&#038;oe=5EA8FB84.jpeg\"><img decoding=\"async\" class=\"wp_automatic_fb_img\" title=\"\" src=\"https:\/\/bomberos.puyo.gob.ec\/2019\/wp-content\/uploads\/Parto-En-el-barrio-El-Paraiso-el-Cuerpo.fna&#038;oh=2b7d1498a9339d2d4a83af9d4b3bf39e&#038;oe=5EA8FB84.jpeg\" \/><\/a><br \/>\n<br \/><a href=\"https:\/\/www.facebook.com\/465093860312824\/posts\/1496018687220331\">en facebook&#8230; <\/a>  <\/p>\n","protected":false},"excerpt":{"rendered":"<p><span><\/p>\n<p>| <a>#Parto<\/a> | En el barrio El Para\u00edso el Cuerpo de Bomberos asiste en una labor de parto a se\u00f1ora de 21 a\u00f1os de edad la misma que presenta 36 semanas de gestaci\u00f3n con dolores frecuentes Se la estabiliza y posterior es trasladada hasta el hospital Puyo para su atenci\u00f3n respectiva.<\/p>\n<p><\/span>\n<\/p>\n<p><a href=\"https:\/\/scontent.fuio15-1.fna.fbcdn.net\/v\/t1.0-9\/81968628_1496018610553672_8596254803879788544_o.jpg?_nc_cat=108&#038;_nc_ohc=ObGVn6w8xroAQkH0p1E9YOGCyd4-iLSuicu9UrPICqOwdby_CNPjzcZdg&#038;_nc_ht=scontent.fuio15-1.fna&#038;oh=a65d0c1da43624a2ff42727316de6689&#038;oe=5E98D352\"><img decoding=\"async\" class=\"wp_automatic_fb_img\" title=\"\" src=\"https:\/\/scontent.fuio15-1.fna.fbcdn.net\/v\/t1.0-9\/81968628_1496018610553672_8596254803879788544_o.jpg?_nc_cat=108&#038;_nc_ohc=ObGVn6w8xroAQkH0p1E9YOGCyd4-iLSuicu9UrPICqOwdby_CNPjzcZdg&#038;_nc_ht=scontent.fuio15-1.fna&#038;oh=a65d0c1da43624a2ff42727316de6689&#038;oe=5E98D352\" \/><\/a><br \/><a href=\"https:\/\/scontent.fuio15-1.fna.fbcdn.net\/v\/t1.0-9\/81564593_1496018613887005_7752984395316723712_n.jpg?_nc_cat=107&#038;_nc_ohc=kOrJ4oAqkvIAQm8NSaG_wh4y-hK0xzTSilj99bx0MVHCzQVUQPOHOP_6g&#038;_nc_ht=scontent.fuio15-1.fna&#038;oh=bb631737989c3325e6a0da7f8c0e7214&#038;oe=5EAE65D0\"><img decoding=\"async\" class=\"wp_automatic_fb_img\" title=\"\" src=\"https:\/\/scontent.fuio15-1.fna.fbcdn.net\/v\/t1.0-9\/81564593_1496018613887005_7752984395316723712_n.jpg?_nc_cat=107&#038;_nc_ohc=kOrJ4oAqkvIAQm8NSaG_wh4y-hK0xzTSilj99bx0MVHCzQVUQPOHOP_6g&#038;_nc_ht=scontent.fuio15-1.fna&#038;oh=bb631737989c3325e6a0da7f8c0e7214&#038;oe=5EAE65D0\" \/><\/a><br \/><a href=\"https:\/\/scontent.fuio15-1.fna.fbcdn.net\/v\/t1.0-9\/81991856_1496018603887006_1775096273901191168_o.jpg?_nc_cat=109&#038;_nc_ohc=Lh1iG5L5CIoAQmaHrSkdFANxLkdLg5G3E210txZb2uNFgnvzyEYbWKZDg&#038;_nc_ht=scontent.fuio15-1.fna&#038;oh=2b7d1498a9339d2d4a83af9d4b3bf39e&#038;oe=5EA8FB84\"><img decoding=\"async\" class=\"wp_automatic_fb_img\" title=\"\" src=\"https:\/\/scontent.fuio15-1.fna.fbcdn.net\/v\/t1.0-9\/81991856_1496018603887006_1775096273901191168_o.jpg?_nc_cat=109&#038;_nc_ohc=Lh1iG5L5CIoAQmaHrSkdFANxLkdLg5G3E210txZb2uNFgnvzyEYbWKZDg&#038;_nc_ht=scontent.fuio15-1.fna&#038;oh=2b7d1498a9339d2d4a83af9d4b3bf39e&#038;oe=5EA8FB84\" \/><\/a><\/p>\n","protected":false},"author":1,"featured_media":1379,"comment_status":"open","ping_status":"open","sticky":false,"template":"","format":"standard","meta":[],"categories":[1],"tags":[203,408,73,64,147,520,519,119],"_links":{"self":[{"href":"https:\/\/bomberos.puyo.gob.ec\/2019\/wp-json\/wp\/v2\/posts\/1378"}],"collection":[{"href":"https:\/\/bomberos.puyo.gob.ec\/2019\/wp-json\/wp\/v2\/posts"}],"about":[{"href":"https:\/\/bomberos.puyo.gob.ec\/2019\/wp-json\/wp\/v2\/types\/post"}],"author":[{"embeddable":true,"href":"https:\/\/bomberos.puyo.gob.ec\/2019\/wp-json\/wp\/v2\/users\/1"}],"replies":[{"embeddable":true,"href":"https:\/\/bomberos.puyo.gob.ec\/2019\/wp-json\/wp\/v2\/comments?post=1378"}],"version-history":[{"count":1,"href":"https:\/\/bomberos.puyo.gob.ec\/2019\/wp-json\/wp\/v2\/posts\/1378\/revisions"}],"predecessor-version":[{"id":1380,"href":"https:\/\/bomberos.puyo.gob.ec\/2019\/wp-json\/wp\/v2\/posts\/1378\/revisions\/1380"}],"wp:featuredmedia":[{"embeddable":true,"href":"https:\/\/bomberos.puyo.gob.ec\/2019\/wp-json\/wp\/v2\/media\/1379"}],"wp:attachment":[{"href":"https:\/\/bomberos.puyo.gob.ec\/2019\/wp-json\/wp\/v2\/media?parent=1378"}],"wp:term":[{"taxonomy":"category","embeddable":true,"href":"https:\/\/bomberos.puyo.gob.ec\/2019\/wp-json\/wp\/v2\/categories?post=1378"},{"taxonomy":"post_tag","embeddable":true,"href":"https:\/\/bomberos.puyo.gob.ec\/2019\/wp-json\/wp\/v2\/tags?post=1378"}],"curies":[{"name":"wp","href":"https:\/\/api.w.org\/{rel}","templated":true}]}}