{"id":1348,"date":"2020-01-05T19:15:32","date_gmt":"2020-01-06T00:15:32","guid":{"rendered":"https:\/\/bomberos.puyo.gob.ec\/emergenciamedica-personal-del-cuerpo-de-bomberos-pastaza-acuden-asistir-en\/"},"modified":"2020-01-05T20:07:25","modified_gmt":"2020-01-06T01:07:25","slug":"emergenciamedica-personal-del-cuerpo-de-bomberos-pastaza-acuden-asistir-en","status":"publish","type":"post","link":"https:\/\/bomberos.puyo.gob.ec\/2019\/emergenciamedica-personal-del-cuerpo-de-bomberos-pastaza-acuden-asistir-en\/","title":{"rendered":"| #EmergenciaM\u00e9dica | Personal del Cuerpo de Bomberos Pastaza acuden asistir en &#8230;"},"content":{"rendered":"<p>| <a class=\"_58cn\" href=\"https:\/\/facebook.com\/hashtag\/emergenciam&#xe9;dica?source=feed_text&#038;epa=HASHTAG&#038;__xts__%5B0%5D=68.ARAGdT88YthR1lFWIm0QsjBgTU8i3_75nxc-5uH8S20rzX1AXd9IER4Plt8lPhE5Gf5EybVGarOLSQkC3mwkNbUYCbSJIHCNrgVL6KRArLnVZkP15JueR3qvWcVHYnfJNfqt6zvaUzy7a88Xd5voGnnA3AIpChVii9mh-bIEraHI26ALvJd9pho35kG7BEO_fKPNWJ3ozLfOWN4Us5Zb-V1ELBSmmxIJJXo2DR_yPrTQK8PkyCbeeunapKspz717L_sV-tcrLlrqgAzuhhTa8GiYQdMI_orw5BOAcEDuJiEZ7uPZhZpQwSuJZTi8dvFUDjHt3_qfzKUrvmufEpDvF50GLA&#038;__tn__=%2ANK-R\" data-ft=\"&#123;&quot;type&quot;:104,&quot;tn&quot;:&quot;*N&quot;&#125;\"><span class=\"_5afx\"><span aria-label=\"hashtag\" class=\"_58cl _5afz\">#EmergenciaM\u00e9dica<\/span><\/span><\/a> | Personal del Cuerpo de Bomberos Pastaza acuden asistir en una emergencia m\u00e9dica en el barrio el Dorado donde se atiende a ni\u00f1o de 11 a\u00f1os de edad quien presenta un trauma a nivel de la clav\u00edcula derecha m\u00e1s laceraciones en el rostro producto de una ca\u00edda en su bicicleta por lo que es trasladado hasta el Hospital Puyo, para su pronta recuperaci\u00f3n.<\/p>\n<p><a href=\"https:\/\/bomberos.puyo.gob.ec\/2019\/wp-content\/uploads\/EmergenciaMedica-Personal-del-Cuerpo-de-Bomberos-Pastaza-acuden.fna&#038;oh=322c4d4df83b8022fed357c9db663966&#038;oe=5E9C02EA.jpeg\"><img decoding=\"async\" class=\"wp_automatic_fb_img\" title=\"\" src=\"https:\/\/bomberos.puyo.gob.ec\/2019\/wp-content\/uploads\/EmergenciaMedica-Personal-del-Cuerpo-de-Bomberos-Pastaza-acuden.fna&#038;oh=322c4d4df83b8022fed357c9db663966&#038;oe=5E9C02EA.jpeg\" \/><\/a><br \/><a href=\"https:\/\/bomberos.puyo.gob.ec\/2019\/wp-content\/uploads\/EmergenciaMedica-Personal-del-Cuerpo-de-Bomberos-Pastaza-acuden.fna&#038;oh=be458f53a34af9f124afe79c5cb78131&#038;oe=5E6623F7.jpeg\"><img decoding=\"async\" class=\"wp_automatic_fb_img\" title=\"\" src=\"https:\/\/bomberos.puyo.gob.ec\/2019\/wp-content\/uploads\/EmergenciaMedica-Personal-del-Cuerpo-de-Bomberos-Pastaza-acuden.fna&#038;oh=be458f53a34af9f124afe79c5cb78131&#038;oe=5E6623F7.jpeg\" \/><\/a><br \/>\n<br \/><a href=\"https:\/\/www.facebook.com\/465093860312824\/posts\/1491274901028043\">en facebook&#8230; <\/a>  <\/p>\n","protected":false},"excerpt":{"rendered":"<p>| <a class=\"_58cn\" href=\"https:\/\/facebook.com\/hashtag\/emergenciam&#xe9;dica?source=feed_text&#038;epa=HASHTAG&#038;__xts__%5B0%5D=68.ARAGdT88YthR1lFWIm0QsjBgTU8i3_75nxc-5uH8S20rzX1AXd9IER4Plt8lPhE5Gf5EybVGarOLSQkC3mwkNbUYCbSJIHCNrgVL6KRArLnVZkP15JueR3qvWcVHYnfJNfqt6zvaUzy7a88Xd5voGnnA3AIpChVii9mh-bIEraHI26ALvJd9pho35kG7BEO_fKPNWJ3ozLfOWN4Us5Zb-V1ELBSmmxIJJXo2DR_yPrTQK8PkyCbeeunapKspz717L_sV-tcrLlrqgAzuhhTa8GiYQdMI_orw5BOAcEDuJiEZ7uPZhZpQwSuJZTi8dvFUDjHt3_qfzKUrvmufEpDvF50GLA&#038;__tn__=%2ANK-R\" data-ft=\"&#123;&quot;type&quot;:104,&quot;tn&quot;:&quot;*N&quot;&#125;\"><span class=\"_5afx\"><span aria-label=\"hashtag\" class=\"_58cl _5afz\">#EmergenciaM\u00e9dica<\/span><\/span><\/a> | Personal del Cuerpo de Bomberos Pastaza acuden asistir en una emergencia m\u00e9dica en el barrio el Dorado donde se atiende a ni\u00f1o de 11 a\u00f1os de edad quien presenta un trauma a nivel de la clav\u00edcula derecha m\u00e1s laceraciones en el rostro producto de una ca\u00edda en su bicicleta por lo que es trasladado hasta el Hospital Puyo, para su pronta recuperaci\u00f3n.<\/p>\n<p><a href=\"https:\/\/scontent.fuio15-1.fna.fbcdn.net\/v\/t1.0-9\/82459270_1491274877694712_4069469353907585024_o.jpg?_nc_cat=102&#038;_nc_ohc=rDVCEsa_pi8AQnpsRzojY3JGv3lPeE6lTLamyA85I_iu485vlC-dSwRQw&#038;_nc_ht=scontent.fuio15-1.fna&#038;oh=322c4d4df83b8022fed357c9db663966&#038;oe=5E9C02EA\"><img decoding=\"async\" class=\"wp_automatic_fb_img\" title=\"\" src=\"https:\/\/scontent.fuio15-1.fna.fbcdn.net\/v\/t1.0-9\/82459270_1491274877694712_4069469353907585024_o.jpg?_nc_cat=102&#038;_nc_ohc=rDVCEsa_pi8AQnpsRzojY3JGv3lPeE6lTLamyA85I_iu485vlC-dSwRQw&#038;_nc_ht=scontent.fuio15-1.fna&#038;oh=322c4d4df83b8022fed357c9db663966&#038;oe=5E9C02EA\" \/><\/a><br \/><a href=\"https:\/\/scontent.fuio15-1.fna.fbcdn.net\/v\/t1.0-9\/82377496_1491274874361379_189801627081768960_o.jpg?_nc_cat=100&#038;_nc_ohc=bgcv4tXbgTUAQn9ji8YzUkS9eSicndZ3zXE3xC2S5ITGTtEJenbaES2Pw&#038;_nc_ht=scontent.fuio15-1.fna&#038;oh=be458f53a34af9f124afe79c5cb78131&#038;oe=5E6623F7\"><img decoding=\"async\" class=\"wp_automatic_fb_img\" title=\"\" src=\"https:\/\/scontent.fuio15-1.fna.fbcdn.net\/v\/t1.0-9\/82377496_1491274874361379_189801627081768960_o.jpg?_nc_cat=100&#038;_nc_ohc=bgcv4tXbgTUAQn9ji8YzUkS9eSicndZ3zXE3xC2S5ITGTtEJenbaES2Pw&#038;_nc_ht=scontent.fuio15-1.fna&#038;oh=be458f53a34af9f124afe79c5cb78131&#038;oe=5E6623F7\" \/><\/a><\/p>\n","protected":false},"author":1,"featured_media":1349,"comment_status":"open","ping_status":"open","sticky":false,"template":"","format":"standard","meta":[],"categories":[1],"tags":[505,506,73,64,32,29,74,34],"_links":{"self":[{"href":"https:\/\/bomberos.puyo.gob.ec\/2019\/wp-json\/wp\/v2\/posts\/1348"}],"collection":[{"href":"https:\/\/bomberos.puyo.gob.ec\/2019\/wp-json\/wp\/v2\/posts"}],"about":[{"href":"https:\/\/bomberos.puyo.gob.ec\/2019\/wp-json\/wp\/v2\/types\/post"}],"author":[{"embeddable":true,"href":"https:\/\/bomberos.puyo.gob.ec\/2019\/wp-json\/wp\/v2\/users\/1"}],"replies":[{"embeddable":true,"href":"https:\/\/bomberos.puyo.gob.ec\/2019\/wp-json\/wp\/v2\/comments?post=1348"}],"version-history":[{"count":1,"href":"https:\/\/bomberos.puyo.gob.ec\/2019\/wp-json\/wp\/v2\/posts\/1348\/revisions"}],"predecessor-version":[{"id":1350,"href":"https:\/\/bomberos.puyo.gob.ec\/2019\/wp-json\/wp\/v2\/posts\/1348\/revisions\/1350"}],"wp:featuredmedia":[{"embeddable":true,"href":"https:\/\/bomberos.puyo.gob.ec\/2019\/wp-json\/wp\/v2\/media\/1349"}],"wp:attachment":[{"href":"https:\/\/bomberos.puyo.gob.ec\/2019\/wp-json\/wp\/v2\/media?parent=1348"}],"wp:term":[{"taxonomy":"category","embeddable":true,"href":"https:\/\/bomberos.puyo.gob.ec\/2019\/wp-json\/wp\/v2\/categories?post=1348"},{"taxonomy":"post_tag","embeddable":true,"href":"https:\/\/bomberos.puyo.gob.ec\/2019\/wp-json\/wp\/v2\/tags?post=1348"}],"curies":[{"name":"wp","href":"https:\/\/api.w.org\/{rel}","templated":true}]}}