{"id":1345,"date":"2020-01-05T11:43:31","date_gmt":"2020-01-05T16:43:31","guid":{"rendered":"https:\/\/bomberos.puyo.gob.ec\/emergenciamedica-accidentedetransito-las-unidades-de-emergencia-del-cuer\/"},"modified":"2020-01-05T13:49:08","modified_gmt":"2020-01-05T18:49:08","slug":"emergenciamedica-accidentedetransito-las-unidades-de-emergencia-del-cuer","status":"publish","type":"post","link":"https:\/\/bomberos.puyo.gob.ec\/2019\/emergenciamedica-accidentedetransito-las-unidades-de-emergencia-del-cuer\/","title":{"rendered":"| #EmergenciaM\u00e9dica | #AccidenteDeTr\u00e1nsito | Las unidades de emergencia del Cuer&#8230;"},"content":{"rendered":"<p>| <a class=\"_58cn\" href=\"https:\/\/facebook.com\/hashtag\/emergenciam&#xe9;dica?source=feed_text&#038;epa=HASHTAG&#038;__xts__%5B0%5D=68.ARCNkCSNRPXGwwtz1b9OZlE6HZ_S8mO5g9LO62mUkmkTDnh3faeUb9enrZGXXSn-zqcK7uItyoIKWag3-vnmGS3NS6zCNWjiE_XTNI1iswKUi-koj3MjiHZmpf0SmiV-6QuUe_07vHIPedNHupTt3CmOYRii2p9iwdVWlAH_gfotzfApFdkOExoQa3D5oaoCfSjGkrissGEp_8Ir2e7SlZJVoNWN2fzIYCSWO_IwFr4CL-Q8opezF6VQylO0EW1rHAkBhuSepzLa9FsnN2_Sd6sy32pfk58RoDDRlc156yqp6JCNxytUIcEKGuiB5Lvdsw3FXGBs4VOhkVaiX5Mzvrih0g&#038;__tn__=%2ANK-R\" data-ft=\"&#123;&quot;type&quot;:104,&quot;tn&quot;:&quot;*N&quot;&#125;\"><span class=\"_5afx\"><span aria-label=\"hashtag\" class=\"_58cl _5afz\">#EmergenciaM\u00e9dica<\/span><\/span><\/a> | <a class=\"_58cn\" href=\"https:\/\/facebook.com\/hashtag\/accidentedetr&#xe1;nsito?source=feed_text&#038;epa=HASHTAG&#038;__xts__%5B0%5D=68.ARCNkCSNRPXGwwtz1b9OZlE6HZ_S8mO5g9LO62mUkmkTDnh3faeUb9enrZGXXSn-zqcK7uItyoIKWag3-vnmGS3NS6zCNWjiE_XTNI1iswKUi-koj3MjiHZmpf0SmiV-6QuUe_07vHIPedNHupTt3CmOYRii2p9iwdVWlAH_gfotzfApFdkOExoQa3D5oaoCfSjGkrissGEp_8Ir2e7SlZJVoNWN2fzIYCSWO_IwFr4CL-Q8opezF6VQylO0EW1rHAkBhuSepzLa9FsnN2_Sd6sy32pfk58RoDDRlc156yqp6JCNxytUIcEKGuiB5Lvdsw3FXGBs4VOhkVaiX5Mzvrih0g&#038;__tn__=%2ANK-R\" data-ft=\"&#123;&quot;type&quot;:104,&quot;tn&quot;:&quot;*N&quot;&#125;\"><span class=\"_5afx\"><span aria-label=\"hashtag\" class=\"_58cl _5afz\">#AccidenteDeTr\u00e1nsito<\/span><\/span><\/a> | Las unidades de emergencia del Cuerpo de Bomberos Pastaza se dirigen r\u00e1pidamente a sector de Veracruz, donde llegando al punto se verifica que existe un accidente de tr\u00e1nsito, Inmediatamente se atiende a paciente de 110 a\u00f1os de edad quien presenta una escoriaci\u00f3n en regi\u00f3n frontal se le brinda los primeros auxilios en el lugar quedando a cargo De la unidad A1 Shell.<\/p>\n<p><a href=\"https:\/\/bomberos.puyo.gob.ec\/2019\/wp-content\/uploads\/EmergenciaMedica-AccidenteDeTransito-Las-unidades-de-emergencia-del.fna&#038;oh=e2d8ac5e0e543d25ce8896d8c8010dce&#038;oe=5EA816F3.jpeg\"><img decoding=\"async\" class=\"wp_automatic_fb_img\" title=\"\" src=\"https:\/\/bomberos.puyo.gob.ec\/2019\/wp-content\/uploads\/EmergenciaMedica-AccidenteDeTransito-Las-unidades-de-emergencia-del.fna&#038;oh=e2d8ac5e0e543d25ce8896d8c8010dce&#038;oe=5EA816F3.jpeg\" \/><\/a><br \/><a href=\"https:\/\/bomberos.puyo.gob.ec\/2019\/wp-content\/uploads\/EmergenciaMedica-AccidenteDeTransito-Las-unidades-de-emergencia-del.fna&#038;oh=b590e237e0ae759d2d1d9a1038be1e8a&#038;oe=5EAF043F.jpeg\"><img decoding=\"async\" class=\"wp_automatic_fb_img\" title=\"\" src=\"https:\/\/bomberos.puyo.gob.ec\/2019\/wp-content\/uploads\/EmergenciaMedica-AccidenteDeTransito-Las-unidades-de-emergencia-del.fna&#038;oh=b590e237e0ae759d2d1d9a1038be1e8a&#038;oe=5EAF043F.jpeg\" \/><\/a><br \/><a href=\"https:\/\/bomberos.puyo.gob.ec\/2019\/wp-content\/uploads\/EmergenciaMedica-AccidenteDeTransito-Las-unidades-de-emergencia-del.fna&#038;oh=2d1e172ab656e76f7be120538d711b29&#038;oe=5E97E97D.jpeg\"><img decoding=\"async\" class=\"wp_automatic_fb_img\" title=\"\" src=\"https:\/\/bomberos.puyo.gob.ec\/2019\/wp-content\/uploads\/EmergenciaMedica-AccidenteDeTransito-Las-unidades-de-emergencia-del.fna&#038;oh=2d1e172ab656e76f7be120538d711b29&#038;oe=5E97E97D.jpeg\" \/><\/a><br \/>\n<br \/><a href=\"https:\/\/www.facebook.com\/465093860312824\/posts\/1490947767727423\">en facebook&#8230; <\/a>  <\/p>\n","protected":false},"excerpt":{"rendered":"<p>| <a class=\"_58cn\" href=\"https:\/\/facebook.com\/hashtag\/emergenciam&#xe9;dica?source=feed_text&#038;epa=HASHTAG&#038;__xts__%5B0%5D=68.ARCNkCSNRPXGwwtz1b9OZlE6HZ_S8mO5g9LO62mUkmkTDnh3faeUb9enrZGXXSn-zqcK7uItyoIKWag3-vnmGS3NS6zCNWjiE_XTNI1iswKUi-koj3MjiHZmpf0SmiV-6QuUe_07vHIPedNHupTt3CmOYRii2p9iwdVWlAH_gfotzfApFdkOExoQa3D5oaoCfSjGkrissGEp_8Ir2e7SlZJVoNWN2fzIYCSWO_IwFr4CL-Q8opezF6VQylO0EW1rHAkBhuSepzLa9FsnN2_Sd6sy32pfk58RoDDRlc156yqp6JCNxytUIcEKGuiB5Lvdsw3FXGBs4VOhkVaiX5Mzvrih0g&#038;__tn__=%2ANK-R\" data-ft=\"&#123;&quot;type&quot;:104,&quot;tn&quot;:&quot;*N&quot;&#125;\"><span class=\"_5afx\"><span aria-label=\"hashtag\" class=\"_58cl _5afz\">#EmergenciaM\u00e9dica<\/span><\/span><\/a> | <a class=\"_58cn\" href=\"https:\/\/facebook.com\/hashtag\/accidentedetr&#xe1;nsito?source=feed_text&#038;epa=HASHTAG&#038;__xts__%5B0%5D=68.ARCNkCSNRPXGwwtz1b9OZlE6HZ_S8mO5g9LO62mUkmkTDnh3faeUb9enrZGXXSn-zqcK7uItyoIKWag3-vnmGS3NS6zCNWjiE_XTNI1iswKUi-koj3MjiHZmpf0SmiV-6QuUe_07vHIPedNHupTt3CmOYRii2p9iwdVWlAH_gfotzfApFdkOExoQa3D5oaoCfSjGkrissGEp_8Ir2e7SlZJVoNWN2fzIYCSWO_IwFr4CL-Q8opezF6VQylO0EW1rHAkBhuSepzLa9FsnN2_Sd6sy32pfk58RoDDRlc156yqp6JCNxytUIcEKGuiB5Lvdsw3FXGBs4VOhkVaiX5Mzvrih0g&#038;__tn__=%2ANK-R\" data-ft=\"&#123;&quot;type&quot;:104,&quot;tn&quot;:&quot;*N&quot;&#125;\"><span class=\"_5afx\"><span aria-label=\"hashtag\" class=\"_58cl _5afz\">#AccidenteDeTr\u00e1nsito<\/span><\/span><\/a> | Las unidades de emergencia del Cuerpo de Bomberos Pastaza se dirigen r\u00e1pidamente a sector de Veracruz, donde llegando al punto se verifica que existe un accidente de tr\u00e1nsito, Inmediatamente se atiende a paciente de 110 a\u00f1os de edad quien presenta una escoriaci\u00f3n en regi\u00f3n frontal se le brinda los primeros auxilios en el lugar quedando a cargo De la unidad A1 Shell.<\/p>\n<p><a href=\"https:\/\/scontent.fuio15-1.fna.fbcdn.net\/v\/t1.0-9\/81224964_1490947187727481_6546671091396378624_o.jpg?_nc_cat=103&#038;_nc_ohc=-B8XdIJ08pIAQkFFf0Ab9Qy-IpyGvmQZXRQ6AuOtoprNeBCSCiAadLf_w&#038;_nc_ht=scontent.fuio15-1.fna&#038;oh=e2d8ac5e0e543d25ce8896d8c8010dce&#038;oe=5EA816F3\"><img decoding=\"async\" class=\"wp_automatic_fb_img\" title=\"\" src=\"https:\/\/scontent.fuio15-1.fna.fbcdn.net\/v\/t1.0-9\/81224964_1490947187727481_6546671091396378624_o.jpg?_nc_cat=103&#038;_nc_ohc=-B8XdIJ08pIAQkFFf0Ab9Qy-IpyGvmQZXRQ6AuOtoprNeBCSCiAadLf_w&#038;_nc_ht=scontent.fuio15-1.fna&#038;oh=e2d8ac5e0e543d25ce8896d8c8010dce&#038;oe=5EA816F3\" \/><\/a><br \/><a href=\"https:\/\/scontent.fuio15-1.fna.fbcdn.net\/v\/t1.0-9\/82442067_1490947164394150_5083904014626586624_o.jpg?_nc_cat=110&#038;_nc_ohc=PeW5b4J1PGMAQnQ2hDqFkkSg7kF_FOwDwzibffP7bMh4AgRmYT1kuKhcQ&#038;_nc_ht=scontent.fuio15-1.fna&#038;oh=b590e237e0ae759d2d1d9a1038be1e8a&#038;oe=5EAF043F\"><img decoding=\"async\" class=\"wp_automatic_fb_img\" title=\"\" src=\"https:\/\/scontent.fuio15-1.fna.fbcdn.net\/v\/t1.0-9\/82442067_1490947164394150_5083904014626586624_o.jpg?_nc_cat=110&#038;_nc_ohc=PeW5b4J1PGMAQnQ2hDqFkkSg7kF_FOwDwzibffP7bMh4AgRmYT1kuKhcQ&#038;_nc_ht=scontent.fuio15-1.fna&#038;oh=b590e237e0ae759d2d1d9a1038be1e8a&#038;oe=5EAF043F\" \/><\/a><br \/><a href=\"https:\/\/scontent.fuio15-1.fna.fbcdn.net\/v\/t1.0-9\/81519016_1490947147727485_6404634147800743936_o.jpg?_nc_cat=111&#038;_nc_ohc=vubkRzmc-T0AQmDhXf7JV77JAaqbnVDwLfWwF5Vn75H6OXpvCaifXo7Tg&#038;_nc_ht=scontent.fuio15-1.fna&#038;oh=2d1e172ab656e76f7be120538d711b29&#038;oe=5E97E97D\"><img decoding=\"async\" class=\"wp_automatic_fb_img\" title=\"\" src=\"https:\/\/scontent.fuio15-1.fna.fbcdn.net\/v\/t1.0-9\/81519016_1490947147727485_6404634147800743936_o.jpg?_nc_cat=111&#038;_nc_ohc=vubkRzmc-T0AQmDhXf7JV77JAaqbnVDwLfWwF5Vn75H6OXpvCaifXo7Tg&#038;_nc_ht=scontent.fuio15-1.fna&#038;oh=2d1e172ab656e76f7be120538d711b29&#038;oe=5E97E97D\" \/><\/a><\/p>\n","protected":false},"author":1,"featured_media":1346,"comment_status":"open","ping_status":"open","sticky":false,"template":"","format":"standard","meta":[],"categories":[1],"tags":[62,504,32,182,29,22,70],"_links":{"self":[{"href":"https:\/\/bomberos.puyo.gob.ec\/2019\/wp-json\/wp\/v2\/posts\/1345"}],"collection":[{"href":"https:\/\/bomberos.puyo.gob.ec\/2019\/wp-json\/wp\/v2\/posts"}],"about":[{"href":"https:\/\/bomberos.puyo.gob.ec\/2019\/wp-json\/wp\/v2\/types\/post"}],"author":[{"embeddable":true,"href":"https:\/\/bomberos.puyo.gob.ec\/2019\/wp-json\/wp\/v2\/users\/1"}],"replies":[{"embeddable":true,"href":"https:\/\/bomberos.puyo.gob.ec\/2019\/wp-json\/wp\/v2\/comments?post=1345"}],"version-history":[{"count":1,"href":"https:\/\/bomberos.puyo.gob.ec\/2019\/wp-json\/wp\/v2\/posts\/1345\/revisions"}],"predecessor-version":[{"id":1347,"href":"https:\/\/bomberos.puyo.gob.ec\/2019\/wp-json\/wp\/v2\/posts\/1345\/revisions\/1347"}],"wp:featuredmedia":[{"embeddable":true,"href":"https:\/\/bomberos.puyo.gob.ec\/2019\/wp-json\/wp\/v2\/media\/1346"}],"wp:attachment":[{"href":"https:\/\/bomberos.puyo.gob.ec\/2019\/wp-json\/wp\/v2\/media?parent=1345"}],"wp:term":[{"taxonomy":"category","embeddable":true,"href":"https:\/\/bomberos.puyo.gob.ec\/2019\/wp-json\/wp\/v2\/categories?post=1345"},{"taxonomy":"post_tag","embeddable":true,"href":"https:\/\/bomberos.puyo.gob.ec\/2019\/wp-json\/wp\/v2\/tags?post=1345"}],"curies":[{"name":"wp","href":"https:\/\/api.w.org\/{rel}","templated":true}]}}