{"id":1333,"date":"2019-12-31T11:32:09","date_gmt":"2019-12-31T16:32:09","guid":{"rendered":"https:\/\/bomberos.puyo.gob.ec\/por-llamado-del-ecu-911-la-unidad-de-rescate-r3-con-personal-operativo-y-el-eje\/"},"modified":"2019-12-31T13:30:20","modified_gmt":"2019-12-31T18:30:20","slug":"por-llamado-del-ecu-911-la-unidad-de-rescate-r3-con-personal-operativo-y-el-eje","status":"publish","type":"post","link":"https:\/\/bomberos.puyo.gob.ec\/2019\/por-llamado-del-ecu-911-la-unidad-de-rescate-r3-con-personal-operativo-y-el-eje\/","title":{"rendered":"Por llamado del ECU-911 la unidad de rescate R3  con personal operativo y el eje&#8230;"},"content":{"rendered":"<p>Por llamado del ECU-911 la unidad de rescate R3  con personal operativo y el ejemplar canino de b\u00fasqueda Toreto se dirije a la hosteria EIMATLOS v\u00eda a Canelos en donde se encuentran desaparecidos en la selva el se\u00f1or Eduardo Guerrero y la se\u00f1ora Anna Media Villa, luego de varias horas de b\u00fasqueda se logra ubicarlos en perfecto estado de salud, extrayendolos hasta un lugar seguro a las 19H40, posteriormente el personal retorna a la estaci\u00f3n del cuerpo de bomberos<\/p>\n<p><a href=\"https:\/\/bomberos.puyo.gob.ec\/2019\/wp-content\/uploads\/Por-llamado-del-ECU-911-la-unidad-de-rescate-R3-con.fna&#038;oh=8e06557eda4524e479806a46ce326697&#038;oe=5E69C28B.jpeg\"><img decoding=\"async\" class=\"wp_automatic_fb_img\" title=\"\" src=\"https:\/\/bomberos.puyo.gob.ec\/2019\/wp-content\/uploads\/Por-llamado-del-ECU-911-la-unidad-de-rescate-R3-con.fna&#038;oh=8e06557eda4524e479806a46ce326697&#038;oe=5E69C28B.jpeg\" \/><\/a><br \/><a href=\"https:\/\/bomberos.puyo.gob.ec\/2019\/wp-content\/uploads\/Por-llamado-del-ECU-911-la-unidad-de-rescate-R3-con.fna&#038;oh=975cd6b8d34fe5ced2eff0ac04a8205c&#038;oe=5E988E9C.jpeg\"><img decoding=\"async\" class=\"wp_automatic_fb_img\" title=\"\" src=\"https:\/\/bomberos.puyo.gob.ec\/2019\/wp-content\/uploads\/Por-llamado-del-ECU-911-la-unidad-de-rescate-R3-con.fna&#038;oh=975cd6b8d34fe5ced2eff0ac04a8205c&#038;oe=5E988E9C.jpeg\" \/><\/a><br \/>\n<br \/><a href=\"https:\/\/www.facebook.com\/465093860312824\/posts\/1485401558282044\">en facebook&#8230; <\/a>  <\/p>\n","protected":false},"excerpt":{"rendered":"<p>Por llamado del ECU-911 la unidad de rescate R3  con personal operativo y el ejemplar canino de b\u00fasqueda Toreto se dirije a la hosteria EIMATLOS v\u00eda a Canelos en donde se encuentran desaparecidos en la selva el se\u00f1or Eduardo Guerrero y la se\u00f1ora Anna Media Villa, luego de varias horas de b\u00fasqueda se logra ubicarlos en perfecto estado de salud, extrayendolos hasta un lugar seguro a las 19H40, posteriormente el personal retorna a la estaci\u00f3n del cuerpo de bomberos<\/p>\n<p><a href=\"https:\/\/scontent.fuio15-1.fna.fbcdn.net\/v\/t1.0-9\/81582748_1485401488282051_4714589754052575232_n.jpg?_nc_cat=100&#038;_nc_ohc=wGGp6DrAJ9wAQmnXzPPffcbJ_hLbZni7vxpOVDAbsUZFEVGK64pOUJoQA&#038;_nc_ht=scontent.fuio15-1.fna&#038;oh=8e06557eda4524e479806a46ce326697&#038;oe=5E69C28B\"><img decoding=\"async\" class=\"wp_automatic_fb_img\" title=\"\" src=\"https:\/\/scontent.fuio15-1.fna.fbcdn.net\/v\/t1.0-9\/81582748_1485401488282051_4714589754052575232_n.jpg?_nc_cat=100&#038;_nc_ohc=wGGp6DrAJ9wAQmnXzPPffcbJ_hLbZni7vxpOVDAbsUZFEVGK64pOUJoQA&#038;_nc_ht=scontent.fuio15-1.fna&#038;oh=8e06557eda4524e479806a46ce326697&#038;oe=5E69C28B\" \/><\/a><br \/><a href=\"https:\/\/scontent.fuio15-1.fna.fbcdn.net\/v\/t1.0-9\/81358214_1485401538282046_5046449494623780864_n.jpg?_nc_cat=100&#038;_nc_ohc=ULcqzbdCi9QAQlQwqIAj19O3uwK0bbJY_8ulJu1UDRWzBjQtwAJLqIKcQ&#038;_nc_ht=scontent.fuio15-1.fna&#038;oh=975cd6b8d34fe5ced2eff0ac04a8205c&#038;oe=5E988E9C\"><img decoding=\"async\" class=\"wp_automatic_fb_img\" title=\"\" src=\"https:\/\/scontent.fuio15-1.fna.fbcdn.net\/v\/t1.0-9\/81358214_1485401538282046_5046449494623780864_n.jpg?_nc_cat=100&#038;_nc_ohc=ULcqzbdCi9QAQlQwqIAj19O3uwK0bbJY_8ulJu1UDRWzBjQtwAJLqIKcQ&#038;_nc_ht=scontent.fuio15-1.fna&#038;oh=975cd6b8d34fe5ced2eff0ac04a8205c&#038;oe=5E988E9C\" \/><\/a><\/p>\n","protected":false},"author":1,"featured_media":1334,"comment_status":"open","ping_status":"open","sticky":false,"template":"","format":"standard","meta":[],"categories":[1],"tags":[42,32,69,495,31,494,34,30,183,41],"_links":{"self":[{"href":"https:\/\/bomberos.puyo.gob.ec\/2019\/wp-json\/wp\/v2\/posts\/1333"}],"collection":[{"href":"https:\/\/bomberos.puyo.gob.ec\/2019\/wp-json\/wp\/v2\/posts"}],"about":[{"href":"https:\/\/bomberos.puyo.gob.ec\/2019\/wp-json\/wp\/v2\/types\/post"}],"author":[{"embeddable":true,"href":"https:\/\/bomberos.puyo.gob.ec\/2019\/wp-json\/wp\/v2\/users\/1"}],"replies":[{"embeddable":true,"href":"https:\/\/bomberos.puyo.gob.ec\/2019\/wp-json\/wp\/v2\/comments?post=1333"}],"version-history":[{"count":1,"href":"https:\/\/bomberos.puyo.gob.ec\/2019\/wp-json\/wp\/v2\/posts\/1333\/revisions"}],"predecessor-version":[{"id":1335,"href":"https:\/\/bomberos.puyo.gob.ec\/2019\/wp-json\/wp\/v2\/posts\/1333\/revisions\/1335"}],"wp:featuredmedia":[{"embeddable":true,"href":"https:\/\/bomberos.puyo.gob.ec\/2019\/wp-json\/wp\/v2\/media\/1334"}],"wp:attachment":[{"href":"https:\/\/bomberos.puyo.gob.ec\/2019\/wp-json\/wp\/v2\/media?parent=1333"}],"wp:term":[{"taxonomy":"category","embeddable":true,"href":"https:\/\/bomberos.puyo.gob.ec\/2019\/wp-json\/wp\/v2\/categories?post=1333"},{"taxonomy":"post_tag","embeddable":true,"href":"https:\/\/bomberos.puyo.gob.ec\/2019\/wp-json\/wp\/v2\/tags?post=1333"}],"curies":[{"name":"wp","href":"https:\/\/api.w.org\/{rel}","templated":true}]}}