{"id":1327,"date":"2019-12-30T12:38:51","date_gmt":"2019-12-30T17:38:51","guid":{"rendered":"https:\/\/bomberos.puyo.gob.ec\/ecu911-emergenciamedica\/"},"modified":"2019-12-30T13:20:58","modified_gmt":"2019-12-30T18:20:58","slug":"ecu911-emergenciamedica","status":"publish","type":"post","link":"https:\/\/bomberos.puyo.gob.ec\/2019\/ecu911-emergenciamedica\/","title":{"rendered":"| #ECU911 | #EmergenciaM\u00e9dica |&#8230;"},"content":{"rendered":"<p>| <a class=\"_58cn\" href=\"https:\/\/facebook.com\/hashtag\/ecu911?source=feed_text&#038;epa=HASHTAG&#038;__xts__%5B0%5D=68.ARD2PSBlVVw_7QiZLHzyRKCMLqMODDXShvOfVgdinpOQ__MHcnidG5iEjYqbIzUf67da14cs-XEwiX93Jmh7JeyS-w7Z_hHzSIJEXiBRslI1qgFUIUZQi8ay9_jDC3ip9pVRnkXdgpgOY9UkMa12lcfu17NR0Px95lpXvd57HUCe4umAGpIeJF4SWYfID5C5rZV735g_q5-YGHs_AHY5TKUXfwJWbnyjSnla7ZRHp6dEznNOcqNrMzdyJJU0ynx_23j09S6rafhZS6QhrhgL5sCx22eVmHM3HQxxcWuPQ6Dck4twp-0FoXzCx-KSzfu9Cf0-RpeIJqUA4PPZKPFU-Jk2SA&#038;__tn__=%2ANK-R\" data-ft=\"&#123;&quot;type&quot;:104,&quot;tn&quot;:&quot;*N&quot;&#125;\"><span class=\"_5afx\"><span aria-label=\"hashtag\" class=\"_58cl _5afz\">#ECU911<\/span><\/span><\/a> | <a class=\"_58cn\" href=\"https:\/\/facebook.com\/hashtag\/emergenciam&#xe9;dica?source=feed_text&#038;epa=HASHTAG&#038;__xts__%5B0%5D=68.ARD2PSBlVVw_7QiZLHzyRKCMLqMODDXShvOfVgdinpOQ__MHcnidG5iEjYqbIzUf67da14cs-XEwiX93Jmh7JeyS-w7Z_hHzSIJEXiBRslI1qgFUIUZQi8ay9_jDC3ip9pVRnkXdgpgOY9UkMa12lcfu17NR0Px95lpXvd57HUCe4umAGpIeJF4SWYfID5C5rZV735g_q5-YGHs_AHY5TKUXfwJWbnyjSnla7ZRHp6dEznNOcqNrMzdyJJU0ynx_23j09S6rafhZS6QhrhgL5sCx22eVmHM3HQxxcWuPQ6Dck4twp-0FoXzCx-KSzfu9Cf0-RpeIJqUA4PPZKPFU-Jk2SA&#038;__tn__=%2ANK-R\" data-ft=\"&#123;&quot;type&quot;:104,&quot;tn&quot;:&quot;*N&quot;&#125;\"><span class=\"_5afx\"><span aria-label=\"hashtag\" class=\"_58cl _5afz\">#EmergenciaM\u00e9dica<\/span><\/span><\/a> |<br \/> Por llamado del ECU 911 la unidad bomberil se dirige a una emergencia m\u00e9dica en el Parque Acu\u00e1tico Morete Puyo en donde se atiende a se\u00f1or de 39 a\u00f1os quien presenta una herida contusa en la parte frontal del cr\u00e1neo debido a la ca\u00edda en una de las piscinas por lo que se le traslada hasta el hospital IESS, en condici\u00f3n estable.<\/p>\n<p><a href=\"https:\/\/bomberos.puyo.gob.ec\/2019\/wp-content\/uploads\/ECU911-EmergenciaMedica.fna&#038;oh=61313d3698a7537fa6ca98f8ca5ccf96&#038;oe=5EA7B551.jpeg\"><img decoding=\"async\" class=\"wp_automatic_fb_img\" title=\"\" src=\"https:\/\/bomberos.puyo.gob.ec\/2019\/wp-content\/uploads\/ECU911-EmergenciaMedica.fna&#038;oh=61313d3698a7537fa6ca98f8ca5ccf96&#038;oe=5EA7B551.jpeg\" \/><\/a><br \/>\n<br \/><a href=\"https:\/\/www.facebook.com\/465093860312824\/posts\/1484252221730311\">en facebook&#8230; <\/a>  <\/p>\n","protected":false},"excerpt":{"rendered":"<p>| <a class=\"_58cn\" href=\"https:\/\/facebook.com\/hashtag\/ecu911?source=feed_text&#038;epa=HASHTAG&#038;__xts__%5B0%5D=68.ARD2PSBlVVw_7QiZLHzyRKCMLqMODDXShvOfVgdinpOQ__MHcnidG5iEjYqbIzUf67da14cs-XEwiX93Jmh7JeyS-w7Z_hHzSIJEXiBRslI1qgFUIUZQi8ay9_jDC3ip9pVRnkXdgpgOY9UkMa12lcfu17NR0Px95lpXvd57HUCe4umAGpIeJF4SWYfID5C5rZV735g_q5-YGHs_AHY5TKUXfwJWbnyjSnla7ZRHp6dEznNOcqNrMzdyJJU0ynx_23j09S6rafhZS6QhrhgL5sCx22eVmHM3HQxxcWuPQ6Dck4twp-0FoXzCx-KSzfu9Cf0-RpeIJqUA4PPZKPFU-Jk2SA&#038;__tn__=%2ANK-R\" data-ft=\"&#123;&quot;type&quot;:104,&quot;tn&quot;:&quot;*N&quot;&#125;\"><span class=\"_5afx\"><span aria-label=\"hashtag\" class=\"_58cl _5afz\">#ECU911<\/span><\/span><\/a> | <a class=\"_58cn\" href=\"https:\/\/facebook.com\/hashtag\/emergenciam&#xe9;dica?source=feed_text&#038;epa=HASHTAG&#038;__xts__%5B0%5D=68.ARD2PSBlVVw_7QiZLHzyRKCMLqMODDXShvOfVgdinpOQ__MHcnidG5iEjYqbIzUf67da14cs-XEwiX93Jmh7JeyS-w7Z_hHzSIJEXiBRslI1qgFUIUZQi8ay9_jDC3ip9pVRnkXdgpgOY9UkMa12lcfu17NR0Px95lpXvd57HUCe4umAGpIeJF4SWYfID5C5rZV735g_q5-YGHs_AHY5TKUXfwJWbnyjSnla7ZRHp6dEznNOcqNrMzdyJJU0ynx_23j09S6rafhZS6QhrhgL5sCx22eVmHM3HQxxcWuPQ6Dck4twp-0FoXzCx-KSzfu9Cf0-RpeIJqUA4PPZKPFU-Jk2SA&#038;__tn__=%2ANK-R\" data-ft=\"&#123;&quot;type&quot;:104,&quot;tn&quot;:&quot;*N&quot;&#125;\"><span class=\"_5afx\"><span aria-label=\"hashtag\" class=\"_58cl _5afz\">#EmergenciaM\u00e9dica<\/span><\/span><\/a> |<br \/> Por llamado del ECU 911 la unidad bomberil se dirige a una emergencia m\u00e9dica en el Parque Acu\u00e1tico Morete Puyo en donde se atiende a se\u00f1or de 39 a\u00f1os quien presenta una herida contusa en la parte frontal del cr\u00e1neo debido a la ca\u00edda en una de las piscinas por lo que se le traslada hasta el hospital IESS, en condici\u00f3n estable.<\/p>\n<p><a href=\"https:\/\/scontent.fuio15-1.fna.fbcdn.net\/v\/t1.0-9\/80860232_1484252201730313_7384736712561262592_o.jpg?_nc_cat=110&#038;_nc_ohc=JQsotp5ANc0AQm4MdGO2NvOYHssoLdBz8KFcXxvxXMWKSK4B7G4Wyb4cA&#038;_nc_ht=scontent.fuio15-1.fna&#038;oh=61313d3698a7537fa6ca98f8ca5ccf96&#038;oe=5EA7B551\"><img decoding=\"async\" class=\"wp_automatic_fb_img\" title=\"\" src=\"https:\/\/scontent.fuio15-1.fna.fbcdn.net\/v\/t1.0-9\/80860232_1484252201730313_7384736712561262592_o.jpg?_nc_cat=110&#038;_nc_ohc=JQsotp5ANc0AQm4MdGO2NvOYHssoLdBz8KFcXxvxXMWKSK4B7G4Wyb4cA&#038;_nc_ht=scontent.fuio15-1.fna&#038;oh=61313d3698a7537fa6ca98f8ca5ccf96&#038;oe=5EA7B551\" \/><\/a><\/p>\n","protected":false},"author":1,"featured_media":1328,"comment_status":"open","ping_status":"open","sticky":false,"template":"","format":"standard","meta":[],"categories":[1],"tags":[69,29],"_links":{"self":[{"href":"https:\/\/bomberos.puyo.gob.ec\/2019\/wp-json\/wp\/v2\/posts\/1327"}],"collection":[{"href":"https:\/\/bomberos.puyo.gob.ec\/2019\/wp-json\/wp\/v2\/posts"}],"about":[{"href":"https:\/\/bomberos.puyo.gob.ec\/2019\/wp-json\/wp\/v2\/types\/post"}],"author":[{"embeddable":true,"href":"https:\/\/bomberos.puyo.gob.ec\/2019\/wp-json\/wp\/v2\/users\/1"}],"replies":[{"embeddable":true,"href":"https:\/\/bomberos.puyo.gob.ec\/2019\/wp-json\/wp\/v2\/comments?post=1327"}],"version-history":[{"count":1,"href":"https:\/\/bomberos.puyo.gob.ec\/2019\/wp-json\/wp\/v2\/posts\/1327\/revisions"}],"predecessor-version":[{"id":1329,"href":"https:\/\/bomberos.puyo.gob.ec\/2019\/wp-json\/wp\/v2\/posts\/1327\/revisions\/1329"}],"wp:featuredmedia":[{"embeddable":true,"href":"https:\/\/bomberos.puyo.gob.ec\/2019\/wp-json\/wp\/v2\/media\/1328"}],"wp:attachment":[{"href":"https:\/\/bomberos.puyo.gob.ec\/2019\/wp-json\/wp\/v2\/media?parent=1327"}],"wp:term":[{"taxonomy":"category","embeddable":true,"href":"https:\/\/bomberos.puyo.gob.ec\/2019\/wp-json\/wp\/v2\/categories?post=1327"},{"taxonomy":"post_tag","embeddable":true,"href":"https:\/\/bomberos.puyo.gob.ec\/2019\/wp-json\/wp\/v2\/tags?post=1327"}],"curies":[{"name":"wp","href":"https:\/\/api.w.org\/{rel}","templated":true}]}}