{"id":1302,"date":"2019-08-08T17:04:50","date_gmt":"2019-08-08T22:04:50","guid":{"rendered":"https:\/\/bomberos.puyo.gob.ec\/emergencia-el-personal-del-cuerpo-de-bomberos-del-gobierno-municipal-del-can\/"},"modified":"2019-12-26T09:06:08","modified_gmt":"2019-12-26T14:06:08","slug":"emergencia-el-personal-del-cuerpo-de-bomberos-del-gobierno-municipal-del-can","status":"publish","type":"post","link":"https:\/\/bomberos.puyo.gob.ec\/2019\/emergencia-el-personal-del-cuerpo-de-bomberos-del-gobierno-municipal-del-can\/","title":{"rendered":"|#EMERGENCIA#\n El personal del Cuerpo de Bomberos del Gobierno Municipal del can&#8230;"},"content":{"rendered":"<p>|<a class=\"_58cn\" href=\"https:\/\/facebook.com\/hashtag\/emergencia?source=feed_text&#038;epa=HASHTAG&#038;__xts__%5B0%5D=68.ARCN7BUpsH1feVt1WNrjTswIr2aps9wdIZDWbWyYhqNiUMsq5uokI4_D-_0NHb_WbeqMEc2IDNA4Vka3o1z2Ene27TNHMrekwMGJWJLh54nSk6hR5VMU5z4BG9_MdM_JKJIbqYcohl7l0zzhgzS4c1CU_pEeEw2xWbNUg6Ru6SgM5sJKebIPpceKldNpxFWXnQ_mWfzmGUjm7Ma8-_phgp-2RRN9VlTI-rq-g8rZQYeeyF0GBYuNxio-pIgxxNy30Nmd116aKBBxSPdGvjvbCYs8LDPlxeaSVChElaQsBWJ9ZYdecjCbDbuxi6Rgok21OCYpQP7ldkJG-RUVjQh0IIDHuA&#038;__tn__=%2ANK-R\" data-ft=\"&#123;&quot;type&quot;:104,&quot;tn&quot;:&quot;*N&quot;&#125;\"><span class=\"_5afx\"><span aria-label=\"hashtag\" class=\"_58cl _5afz\">#EMERGENCIA<\/span><\/span><\/a>#<\/p>\n<p> El personal del Cuerpo de Bomberos del Gobierno Municipal del cant\u00f3n Pastaza acudi\u00f3 al llamado de emergencia reportado a travez del Ecu 911,  de  un incendio que se produjo por un corto circuito en la guarder\u00eda \u00c1ngela Mu\u00f1oz, barrio Miraflores. Los efectivos procedieron a bajar los breques y t\u00e9cnicas de entrada forzada en la infraestructura para controlar el conato.<\/p>\n<p><a href=\"https:\/\/bomberos.puyo.gob.ec\/2019\/wp-content\/uploads\/EMERGENCIA-El-personal-del-Cuerpo-de-Bomberos-del-Gobierno-Municipal.fna&#038;oh=da0f261620869a67d6f86cd1bada773c&#038;oe=5EAC41C2.jpeg\"><img decoding=\"async\" class=\"wp_automatic_fb_img\" title=\"\" src=\"https:\/\/bomberos.puyo.gob.ec\/2019\/wp-content\/uploads\/EMERGENCIA-El-personal-del-Cuerpo-de-Bomberos-del-Gobierno-Municipal.fna&#038;oh=da0f261620869a67d6f86cd1bada773c&#038;oe=5EAC41C2.jpeg\" \/><\/a><br \/><a href=\"https:\/\/bomberos.puyo.gob.ec\/2019\/wp-content\/uploads\/EMERGENCIA-El-personal-del-Cuerpo-de-Bomberos-del-Gobierno-Municipal.fna&#038;oh=6114ca13246085763d27a991b04f0ac6&#038;oe=5E6B298B.jpeg\"><img decoding=\"async\" class=\"wp_automatic_fb_img\" title=\"\" src=\"https:\/\/bomberos.puyo.gob.ec\/2019\/wp-content\/uploads\/EMERGENCIA-El-personal-del-Cuerpo-de-Bomberos-del-Gobierno-Municipal.fna&#038;oh=6114ca13246085763d27a991b04f0ac6&#038;oe=5E6B298B.jpeg\" \/><\/a><br \/><a href=\"https:\/\/bomberos.puyo.gob.ec\/2019\/wp-content\/uploads\/EMERGENCIA-El-personal-del-Cuerpo-de-Bomberos-del-Gobierno-Municipal.fna&#038;oh=802b9143a23fd39bec9a56bedd8692ae&#038;oe=5EA8F9D1.jpeg\"><img decoding=\"async\" class=\"wp_automatic_fb_img\" title=\"\" src=\"https:\/\/bomberos.puyo.gob.ec\/2019\/wp-content\/uploads\/EMERGENCIA-El-personal-del-Cuerpo-de-Bomberos-del-Gobierno-Municipal.fna&#038;oh=802b9143a23fd39bec9a56bedd8692ae&#038;oe=5EA8F9D1.jpeg\" \/><\/a><br \/>\n<br \/><a href=\"https:\/\/www.facebook.com\/465093860312824\/posts\/1351762458312622\">en facebook&#8230; <\/a>  <\/p>\n","protected":false},"excerpt":{"rendered":"<p>|<a class=\"_58cn\" href=\"https:\/\/facebook.com\/hashtag\/emergencia?source=feed_text&#038;epa=HASHTAG&#038;__xts__%5B0%5D=68.ARCN7BUpsH1feVt1WNrjTswIr2aps9wdIZDWbWyYhqNiUMsq5uokI4_D-_0NHb_WbeqMEc2IDNA4Vka3o1z2Ene27TNHMrekwMGJWJLh54nSk6hR5VMU5z4BG9_MdM_JKJIbqYcohl7l0zzhgzS4c1CU_pEeEw2xWbNUg6Ru6SgM5sJKebIPpceKldNpxFWXnQ_mWfzmGUjm7Ma8-_phgp-2RRN9VlTI-rq-g8rZQYeeyF0GBYuNxio-pIgxxNy30Nmd116aKBBxSPdGvjvbCYs8LDPlxeaSVChElaQsBWJ9ZYdecjCbDbuxi6Rgok21OCYpQP7ldkJG-RUVjQh0IIDHuA&#038;__tn__=%2ANK-R\" data-ft=\"&#123;&quot;type&quot;:104,&quot;tn&quot;:&quot;*N&quot;&#125;\"><span class=\"_5afx\"><span aria-label=\"hashtag\" class=\"_58cl _5afz\">#EMERGENCIA<\/span><\/span><\/a>#<\/p>\n<p> El personal del Cuerpo de Bomberos del Gobierno Municipal del cant\u00f3n Pastaza acudi\u00f3 al llamado de emergencia reportado a travez del Ecu 911,  de  un incendio que se produjo por un corto circuito en la guarder\u00eda \u00c1ngela Mu\u00f1oz, barrio Miraflores. Los efectivos procedieron a bajar los breques y t\u00e9cnicas de entrada forzada en la infraestructura para controlar el conato.<\/p>\n<p><a href=\"https:\/\/scontent.fuio15-1.fna.fbcdn.net\/v\/t1.0-9\/67817072_1351762368312631_7403463998332469248_n.jpg?_nc_cat=110&#038;_nc_ohc=0D4IUEqTPpIAQmuClPSrQ8YwLou9RCnC_kcrKsB2wjDuma9OwGAitalpg&#038;_nc_ht=scontent.fuio15-1.fna&#038;oh=da0f261620869a67d6f86cd1bada773c&#038;oe=5EAC41C2\"><img decoding=\"async\" class=\"wp_automatic_fb_img\" title=\"\" src=\"https:\/\/scontent.fuio15-1.fna.fbcdn.net\/v\/t1.0-9\/67817072_1351762368312631_7403463998332469248_n.jpg?_nc_cat=110&#038;_nc_ohc=0D4IUEqTPpIAQmuClPSrQ8YwLou9RCnC_kcrKsB2wjDuma9OwGAitalpg&#038;_nc_ht=scontent.fuio15-1.fna&#038;oh=da0f261620869a67d6f86cd1bada773c&#038;oe=5EAC41C2\" \/><\/a><br \/><a href=\"https:\/\/scontent.fuio15-1.fna.fbcdn.net\/v\/t1.0-9\/67690086_1351762398312628_4648997992760606720_n.jpg?_nc_cat=103&#038;_nc_ohc=DtlvC2vwxqYAQlE9pkeGD1PCj8druh9y35_l3GQVB8mOFQWCD_7Nf-raw&#038;_nc_ht=scontent.fuio15-1.fna&#038;oh=6114ca13246085763d27a991b04f0ac6&#038;oe=5E6B298B\"><img decoding=\"async\" class=\"wp_automatic_fb_img\" title=\"\" src=\"https:\/\/scontent.fuio15-1.fna.fbcdn.net\/v\/t1.0-9\/67690086_1351762398312628_4648997992760606720_n.jpg?_nc_cat=103&#038;_nc_ohc=DtlvC2vwxqYAQlE9pkeGD1PCj8druh9y35_l3GQVB8mOFQWCD_7Nf-raw&#038;_nc_ht=scontent.fuio15-1.fna&#038;oh=6114ca13246085763d27a991b04f0ac6&#038;oe=5E6B298B\" \/><\/a><br \/><a href=\"https:\/\/scontent.fuio15-1.fna.fbcdn.net\/v\/t1.0-9\/67887329_1351762434979291_4296456155003092992_n.jpg?_nc_cat=111&#038;_nc_ohc=y0SMGJXie3sAQlNlPg0kRcpSOdxuyd_ptwXVlb17MXnf_GDH1Tucn7qnw&#038;_nc_ht=scontent.fuio15-1.fna&#038;oh=802b9143a23fd39bec9a56bedd8692ae&#038;oe=5EA8F9D1\"><img decoding=\"async\" class=\"wp_automatic_fb_img\" title=\"\" src=\"https:\/\/scontent.fuio15-1.fna.fbcdn.net\/v\/t1.0-9\/67887329_1351762434979291_4296456155003092992_n.jpg?_nc_cat=111&#038;_nc_ohc=y0SMGJXie3sAQlNlPg0kRcpSOdxuyd_ptwXVlb17MXnf_GDH1Tucn7qnw&#038;_nc_ht=scontent.fuio15-1.fna&#038;oh=802b9143a23fd39bec9a56bedd8692ae&#038;oe=5EA8F9D1\" \/><\/a><\/p>\n","protected":false},"author":1,"featured_media":1303,"comment_status":"open","ping_status":"open","sticky":false,"template":"","format":"standard","meta":[],"categories":[1],"tags":[73,64,32,182,483,138,34],"_links":{"self":[{"href":"https:\/\/bomberos.puyo.gob.ec\/2019\/wp-json\/wp\/v2\/posts\/1302"}],"collection":[{"href":"https:\/\/bomberos.puyo.gob.ec\/2019\/wp-json\/wp\/v2\/posts"}],"about":[{"href":"https:\/\/bomberos.puyo.gob.ec\/2019\/wp-json\/wp\/v2\/types\/post"}],"author":[{"embeddable":true,"href":"https:\/\/bomberos.puyo.gob.ec\/2019\/wp-json\/wp\/v2\/users\/1"}],"replies":[{"embeddable":true,"href":"https:\/\/bomberos.puyo.gob.ec\/2019\/wp-json\/wp\/v2\/comments?post=1302"}],"version-history":[{"count":1,"href":"https:\/\/bomberos.puyo.gob.ec\/2019\/wp-json\/wp\/v2\/posts\/1302\/revisions"}],"predecessor-version":[{"id":1304,"href":"https:\/\/bomberos.puyo.gob.ec\/2019\/wp-json\/wp\/v2\/posts\/1302\/revisions\/1304"}],"wp:featuredmedia":[{"embeddable":true,"href":"https:\/\/bomberos.puyo.gob.ec\/2019\/wp-json\/wp\/v2\/media\/1303"}],"wp:attachment":[{"href":"https:\/\/bomberos.puyo.gob.ec\/2019\/wp-json\/wp\/v2\/media?parent=1302"}],"wp:term":[{"taxonomy":"category","embeddable":true,"href":"https:\/\/bomberos.puyo.gob.ec\/2019\/wp-json\/wp\/v2\/categories?post=1302"},{"taxonomy":"post_tag","embeddable":true,"href":"https:\/\/bomberos.puyo.gob.ec\/2019\/wp-json\/wp\/v2\/tags?post=1302"}],"curies":[{"name":"wp","href":"https:\/\/api.w.org\/{rel}","templated":true}]}}