{"id":1296,"date":"2019-08-13T08:50:13","date_gmt":"2019-08-13T13:50:13","guid":{"rendered":"https:\/\/bomberos.puyo.gob.ec\/capacitacionninos-cursovacaciona-el-personal-del-cuerpo-de-bomberos-rec\/"},"modified":"2019-12-26T09:05:40","modified_gmt":"2019-12-26T14:05:40","slug":"capacitacionninos-cursovacaciona-el-personal-del-cuerpo-de-bomberos-rec","status":"publish","type":"post","link":"https:\/\/bomberos.puyo.gob.ec\/2019\/capacitacionninos-cursovacaciona-el-personal-del-cuerpo-de-bomberos-rec\/","title":{"rendered":"|#Capacitaci\u00f3nNi\u00f1os#| |#CursoVacaciona#|\n El personal del Cuerpo de Bomberos rec&#8230;"},"content":{"rendered":"<p>|<a class=\"_58cn\" href=\"https:\/\/facebook.com\/hashtag\/capacitaci&#xf3;nni&#xf1;os?source=feed_text&#038;epa=HASHTAG&#038;__xts__%5B0%5D=68.ARAg1yP9S5WvR2m4-tPvP8ise22-6syC_u-i_xFU3XMgdyecd8e2EK6zGlUl7-U9OfqPKg9unEVDK5McJfAsT5pv5gNhIcupeESvrzFWE4rPlSIS9UoZEDwyn2UjB5WoyjeFqXEn4L2VPDWo52NdsF3XJvrt6yO5ohiCTrik_uCPts5ffyA0pvpl6f5j-Or9tbKiyThumjUa1UBTgRaS6ODoigHfaixZ4Rkv2mdB-L4p_9Ch-TCb73CzUzMzUNIuFuX_GMl6QsyqCesWPDgb_nT9weMqr_seql1EyvF2ow8UZ5OliIcqXwuFEiaL-QNmFu87OThoOXFXgeV5m5z8Ne8z5A&#038;__tn__=%2ANK-R\" data-ft=\"&#123;&quot;type&quot;:104,&quot;tn&quot;:&quot;*N&quot;&#125;\"><span class=\"_5afx\"><span aria-label=\"hashtag\" class=\"_58cl _5afz\">#Capacitaci\u00f3nNi\u00f1os<\/span><\/span><\/a>#| |<a class=\"_58cn\" href=\"https:\/\/facebook.com\/hashtag\/cursovacaciona?source=feed_text&#038;epa=HASHTAG&#038;__xts__%5B0%5D=68.ARAg1yP9S5WvR2m4-tPvP8ise22-6syC_u-i_xFU3XMgdyecd8e2EK6zGlUl7-U9OfqPKg9unEVDK5McJfAsT5pv5gNhIcupeESvrzFWE4rPlSIS9UoZEDwyn2UjB5WoyjeFqXEn4L2VPDWo52NdsF3XJvrt6yO5ohiCTrik_uCPts5ffyA0pvpl6f5j-Or9tbKiyThumjUa1UBTgRaS6ODoigHfaixZ4Rkv2mdB-L4p_9Ch-TCb73CzUzMzUNIuFuX_GMl6QsyqCesWPDgb_nT9weMqr_seql1EyvF2ow8UZ5OliIcqXwuFEiaL-QNmFu87OThoOXFXgeV5m5z8Ne8z5A&#038;__tn__=%2ANK-R\" data-ft=\"&#123;&quot;type&quot;:104,&quot;tn&quot;:&quot;*N&quot;&#125;\"><span class=\"_5afx\"><span aria-label=\"hashtag\" class=\"_58cl _5afz\">#CursoVacaciona<\/span><\/span><\/a>#|<\/p>\n<p> El personal del Cuerpo de Bomberos recibi\u00f3 en sus instalaciones la visita  de un grupo de ni\u00f1os, que participan en los cursos vacacionales del Gobierno Municipal del cant\u00f3n Pastaza. Los peque\u00f1os aprendieron parte del trabajo que emprende un bombero durante sus actividades de rescate y salvaci\u00f3n.<\/p>\n<p><a href=\"https:\/\/bomberos.puyo.gob.ec\/2019\/wp-content\/uploads\/CapacitacionNinos-CursoVacaciona-El-personal-del-Cuerpo-de-Bomberos-rec.fna&#038;oh=f3b60f89ca9c3330d8e6d45b9279f9fe&#038;oe=5E68BBDB.jpeg\"><img decoding=\"async\" class=\"wp_automatic_fb_img\" title=\"\" src=\"https:\/\/bomberos.puyo.gob.ec\/2019\/wp-content\/uploads\/CapacitacionNinos-CursoVacaciona-El-personal-del-Cuerpo-de-Bomberos-rec.fna&#038;oh=f3b60f89ca9c3330d8e6d45b9279f9fe&#038;oe=5E68BBDB.jpeg\" \/><\/a><br \/><a href=\"https:\/\/bomberos.puyo.gob.ec\/2019\/wp-content\/uploads\/CapacitacionNinos-CursoVacaciona-El-personal-del-Cuerpo-de-Bomberos-rec.fna&#038;oh=5251259c0b2c86c247cc171b045478f9&#038;oe=5EB2FB39.jpeg\"><img decoding=\"async\" class=\"wp_automatic_fb_img\" title=\"\" src=\"https:\/\/bomberos.puyo.gob.ec\/2019\/wp-content\/uploads\/CapacitacionNinos-CursoVacaciona-El-personal-del-Cuerpo-de-Bomberos-rec.fna&#038;oh=5251259c0b2c86c247cc171b045478f9&#038;oe=5EB2FB39.jpeg\" \/><\/a><br \/><a href=\"https:\/\/bomberos.puyo.gob.ec\/2019\/wp-content\/uploads\/CapacitacionNinos-CursoVacaciona-El-personal-del-Cuerpo-de-Bomberos-rec.fna&#038;oh=38b943e6a1cd214b3cf2d69e94b13f35&#038;oe=5E6C39BF.jpeg\"><img decoding=\"async\" class=\"wp_automatic_fb_img\" title=\"\" src=\"https:\/\/bomberos.puyo.gob.ec\/2019\/wp-content\/uploads\/CapacitacionNinos-CursoVacaciona-El-personal-del-Cuerpo-de-Bomberos-rec.fna&#038;oh=38b943e6a1cd214b3cf2d69e94b13f35&#038;oe=5E6C39BF.jpeg\" \/><\/a><br \/><a href=\"https:\/\/bomberos.puyo.gob.ec\/2019\/wp-content\/uploads\/CapacitacionNinos-CursoVacaciona-El-personal-del-Cuerpo-de-Bomberos-rec.fna&#038;oh=85bf2d4a5972d9769d9042defeb39b82&#038;oe=5E74E3CB.jpeg\"><img decoding=\"async\" class=\"wp_automatic_fb_img\" title=\"\" src=\"https:\/\/bomberos.puyo.gob.ec\/2019\/wp-content\/uploads\/CapacitacionNinos-CursoVacaciona-El-personal-del-Cuerpo-de-Bomberos-rec.fna&#038;oh=85bf2d4a5972d9769d9042defeb39b82&#038;oe=5E74E3CB.jpeg\" \/><\/a><br \/><a href=\"https:\/\/bomberos.puyo.gob.ec\/2019\/wp-content\/uploads\/CapacitacionNinos-CursoVacaciona-El-personal-del-Cuerpo-de-Bomberos-rec.fna&#038;oh=893918823fb4129ab017398adf3d6e91&#038;oe=5E686868.jpeg\"><img decoding=\"async\" class=\"wp_automatic_fb_img\" title=\"\" src=\"https:\/\/bomberos.puyo.gob.ec\/2019\/wp-content\/uploads\/CapacitacionNinos-CursoVacaciona-El-personal-del-Cuerpo-de-Bomberos-rec.fna&#038;oh=893918823fb4129ab017398adf3d6e91&#038;oe=5E686868.jpeg\" \/><\/a><br \/>\n<br \/><a href=\"https:\/\/www.facebook.com\/465093860312824\/posts\/1355213514634183\">en facebook&#8230; <\/a>  <\/p>\n","protected":false},"excerpt":{"rendered":"<p>|<a class=\"_58cn\" href=\"https:\/\/facebook.com\/hashtag\/capacitaci&#xf3;nni&#xf1;os?source=feed_text&#038;epa=HASHTAG&#038;__xts__%5B0%5D=68.ARAg1yP9S5WvR2m4-tPvP8ise22-6syC_u-i_xFU3XMgdyecd8e2EK6zGlUl7-U9OfqPKg9unEVDK5McJfAsT5pv5gNhIcupeESvrzFWE4rPlSIS9UoZEDwyn2UjB5WoyjeFqXEn4L2VPDWo52NdsF3XJvrt6yO5ohiCTrik_uCPts5ffyA0pvpl6f5j-Or9tbKiyThumjUa1UBTgRaS6ODoigHfaixZ4Rkv2mdB-L4p_9Ch-TCb73CzUzMzUNIuFuX_GMl6QsyqCesWPDgb_nT9weMqr_seql1EyvF2ow8UZ5OliIcqXwuFEiaL-QNmFu87OThoOXFXgeV5m5z8Ne8z5A&#038;__tn__=%2ANK-R\" data-ft=\"&#123;&quot;type&quot;:104,&quot;tn&quot;:&quot;*N&quot;&#125;\"><span class=\"_5afx\"><span aria-label=\"hashtag\" class=\"_58cl _5afz\">#Capacitaci\u00f3nNi\u00f1os<\/span><\/span><\/a>#| |<a class=\"_58cn\" href=\"https:\/\/facebook.com\/hashtag\/cursovacaciona?source=feed_text&#038;epa=HASHTAG&#038;__xts__%5B0%5D=68.ARAg1yP9S5WvR2m4-tPvP8ise22-6syC_u-i_xFU3XMgdyecd8e2EK6zGlUl7-U9OfqPKg9unEVDK5McJfAsT5pv5gNhIcupeESvrzFWE4rPlSIS9UoZEDwyn2UjB5WoyjeFqXEn4L2VPDWo52NdsF3XJvrt6yO5ohiCTrik_uCPts5ffyA0pvpl6f5j-Or9tbKiyThumjUa1UBTgRaS6ODoigHfaixZ4Rkv2mdB-L4p_9Ch-TCb73CzUzMzUNIuFuX_GMl6QsyqCesWPDgb_nT9weMqr_seql1EyvF2ow8UZ5OliIcqXwuFEiaL-QNmFu87OThoOXFXgeV5m5z8Ne8z5A&#038;__tn__=%2ANK-R\" data-ft=\"&#123;&quot;type&quot;:104,&quot;tn&quot;:&quot;*N&quot;&#125;\"><span class=\"_5afx\"><span aria-label=\"hashtag\" class=\"_58cl _5afz\">#CursoVacaciona<\/span><\/span><\/a>#|<\/p>\n<p> El personal del Cuerpo de Bomberos recibi\u00f3 en sus instalaciones la visita  de un grupo de ni\u00f1os, que participan en los cursos vacacionales del Gobierno Municipal del cant\u00f3n Pastaza. Los peque\u00f1os aprendieron parte del trabajo que emprende un bombero durante sus actividades de rescate y salvaci\u00f3n.<\/p>\n<p><a href=\"https:\/\/scontent.fuio15-1.fna.fbcdn.net\/v\/t1.0-9\/67965577_1355213321300869_4721947930678788096_n.jpg?_nc_cat=107&#038;_nc_ohc=64YZUpksJK8AQkDmMZIrlNmaBXqSEMaFe2SplhOPwv6F6wg5UeWC93xfg&#038;_nc_ht=scontent.fuio15-1.fna&#038;oh=f3b60f89ca9c3330d8e6d45b9279f9fe&#038;oe=5E68BBDB\"><img decoding=\"async\" class=\"wp_automatic_fb_img\" title=\"\" src=\"https:\/\/scontent.fuio15-1.fna.fbcdn.net\/v\/t1.0-9\/67965577_1355213321300869_4721947930678788096_n.jpg?_nc_cat=107&#038;_nc_ohc=64YZUpksJK8AQkDmMZIrlNmaBXqSEMaFe2SplhOPwv6F6wg5UeWC93xfg&#038;_nc_ht=scontent.fuio15-1.fna&#038;oh=f3b60f89ca9c3330d8e6d45b9279f9fe&#038;oe=5E68BBDB\" \/><\/a><br \/><a href=\"https:\/\/scontent.fuio15-1.fna.fbcdn.net\/v\/t1.0-9\/67894497_1355213351300866_4184226318801436672_n.jpg?_nc_cat=104&#038;_nc_ohc=GWdqLtKOv2oAQnn-o8i0kybQLiT5pQr9zxQxVg62JZHHKL6sPQAKJfkww&#038;_nc_ht=scontent.fuio15-1.fna&#038;oh=5251259c0b2c86c247cc171b045478f9&#038;oe=5EB2FB39\"><img decoding=\"async\" class=\"wp_automatic_fb_img\" title=\"\" src=\"https:\/\/scontent.fuio15-1.fna.fbcdn.net\/v\/t1.0-9\/67894497_1355213351300866_4184226318801436672_n.jpg?_nc_cat=104&#038;_nc_ohc=GWdqLtKOv2oAQnn-o8i0kybQLiT5pQr9zxQxVg62JZHHKL6sPQAKJfkww&#038;_nc_ht=scontent.fuio15-1.fna&#038;oh=5251259c0b2c86c247cc171b045478f9&#038;oe=5EB2FB39\" \/><\/a><br \/><a href=\"https:\/\/scontent.fuio15-1.fna.fbcdn.net\/v\/t1.0-9\/68555875_1355213377967530_8797021439518572544_n.jpg?_nc_cat=101&#038;_nc_ohc=qaPnaPmA6_gAQmbA3H9LUbEok4O5f9EJUHg20RXEJV_0dNJLFwHbp2tJA&#038;_nc_ht=scontent.fuio15-1.fna&#038;oh=38b943e6a1cd214b3cf2d69e94b13f35&#038;oe=5E6C39BF\"><img decoding=\"async\" class=\"wp_automatic_fb_img\" title=\"\" src=\"https:\/\/scontent.fuio15-1.fna.fbcdn.net\/v\/t1.0-9\/68555875_1355213377967530_8797021439518572544_n.jpg?_nc_cat=101&#038;_nc_ohc=qaPnaPmA6_gAQmbA3H9LUbEok4O5f9EJUHg20RXEJV_0dNJLFwHbp2tJA&#038;_nc_ht=scontent.fuio15-1.fna&#038;oh=38b943e6a1cd214b3cf2d69e94b13f35&#038;oe=5E6C39BF\" \/><\/a><br \/><a href=\"https:\/\/scontent.fuio15-1.fna.fbcdn.net\/v\/t1.0-9\/68536800_1355213444634190_8707465667680403456_n.jpg?_nc_cat=105&#038;_nc_ohc=CjFC96d3ri4AQl14rDCRt3jELlST2D6UijcKaSloXfgZAI02-E3Seb4WA&#038;_nc_ht=scontent.fuio15-1.fna&#038;oh=85bf2d4a5972d9769d9042defeb39b82&#038;oe=5E74E3CB\"><img decoding=\"async\" class=\"wp_automatic_fb_img\" title=\"\" src=\"https:\/\/scontent.fuio15-1.fna.fbcdn.net\/v\/t1.0-9\/68536800_1355213444634190_8707465667680403456_n.jpg?_nc_cat=105&#038;_nc_ohc=CjFC96d3ri4AQl14rDCRt3jELlST2D6UijcKaSloXfgZAI02-E3Seb4WA&#038;_nc_ht=scontent.fuio15-1.fna&#038;oh=85bf2d4a5972d9769d9042defeb39b82&#038;oe=5E74E3CB\" \/><\/a><br \/><a href=\"https:\/\/scontent.fuio15-1.fna.fbcdn.net\/v\/t1.0-9\/68601063_1355213494634185_8603632548377001984_n.jpg?_nc_cat=103&#038;_nc_ohc=OxUTScz9zmAAQlZQdzM1aKhTCd_9FbegW8X4Mc_pzrImOqWo76-E0cTEA&#038;_nc_ht=scontent.fuio15-1.fna&#038;oh=893918823fb4129ab017398adf3d6e91&#038;oe=5E686868\"><img decoding=\"async\" class=\"wp_automatic_fb_img\" title=\"\" src=\"https:\/\/scontent.fuio15-1.fna.fbcdn.net\/v\/t1.0-9\/68601063_1355213494634185_8603632548377001984_n.jpg?_nc_cat=103&#038;_nc_ohc=OxUTScz9zmAAQlZQdzM1aKhTCd_9FbegW8X4Mc_pzrImOqWo76-E0cTEA&#038;_nc_ht=scontent.fuio15-1.fna&#038;oh=893918823fb4129ab017398adf3d6e91&#038;oe=5E686868\" \/><\/a><\/p>\n","protected":false},"author":1,"featured_media":1297,"comment_status":"open","ping_status":"open","sticky":false,"template":"","format":"standard","meta":[],"categories":[1],"tags":[73,478,64,479,32,34,480],"_links":{"self":[{"href":"https:\/\/bomberos.puyo.gob.ec\/2019\/wp-json\/wp\/v2\/posts\/1296"}],"collection":[{"href":"https:\/\/bomberos.puyo.gob.ec\/2019\/wp-json\/wp\/v2\/posts"}],"about":[{"href":"https:\/\/bomberos.puyo.gob.ec\/2019\/wp-json\/wp\/v2\/types\/post"}],"author":[{"embeddable":true,"href":"https:\/\/bomberos.puyo.gob.ec\/2019\/wp-json\/wp\/v2\/users\/1"}],"replies":[{"embeddable":true,"href":"https:\/\/bomberos.puyo.gob.ec\/2019\/wp-json\/wp\/v2\/comments?post=1296"}],"version-history":[{"count":1,"href":"https:\/\/bomberos.puyo.gob.ec\/2019\/wp-json\/wp\/v2\/posts\/1296\/revisions"}],"predecessor-version":[{"id":1298,"href":"https:\/\/bomberos.puyo.gob.ec\/2019\/wp-json\/wp\/v2\/posts\/1296\/revisions\/1298"}],"wp:featuredmedia":[{"embeddable":true,"href":"https:\/\/bomberos.puyo.gob.ec\/2019\/wp-json\/wp\/v2\/media\/1297"}],"wp:attachment":[{"href":"https:\/\/bomberos.puyo.gob.ec\/2019\/wp-json\/wp\/v2\/media?parent=1296"}],"wp:term":[{"taxonomy":"category","embeddable":true,"href":"https:\/\/bomberos.puyo.gob.ec\/2019\/wp-json\/wp\/v2\/categories?post=1296"},{"taxonomy":"post_tag","embeddable":true,"href":"https:\/\/bomberos.puyo.gob.ec\/2019\/wp-json\/wp\/v2\/tags?post=1296"}],"curies":[{"name":"wp","href":"https:\/\/api.w.org\/{rel}","templated":true}]}}