{"id":1289,"date":"2019-08-13T21:31:29","date_gmt":"2019-08-14T02:31:29","guid":{"rendered":"https:\/\/bomberos.puyo.gob.ec\/capacitacion-en-coordinacion-con-el-cuerpo-de-bomberos-municipal-del-canton\/"},"modified":"2019-12-26T08:21:34","modified_gmt":"2019-12-26T13:21:34","slug":"capacitacion-en-coordinacion-con-el-cuerpo-de-bomberos-municipal-del-canton","status":"publish","type":"post","link":"https:\/\/bomberos.puyo.gob.ec\/2019\/capacitacion-en-coordinacion-con-el-cuerpo-de-bomberos-municipal-del-canton\/","title":{"rendered":"#Capacitaci\u00f3n#|\n En coordinaci\u00f3n con el Cuerpo de Bomberos Municipal del Cant\u00f3n &#8230;"},"content":{"rendered":"<p><span><\/p>\n<p><a>#Capacitaci\u00f3n<\/a>#|<\/p>\n<p> En coordinaci\u00f3n con el Cuerpo de Bomberos Municipal del Cant\u00f3n Pastaza y el UPC EL RECREO se capacita a los ni\u00f1os del campamento vacacional con temas de Primeros Auxilios.<\/p>\n<p><\/span><br \/>\n<br \/><a href=\"https:\/\/bomberos.puyo.gob.ec\/2019\/wp-content\/uploads\/Capacitacion-En-coordinacion-con-el-Cuerpo-de-Bomberos-Municipal-del.fna&#038;oh=b16b81594bbbd52276709615821068b6&#038;oe=5EAA4AA4.jpeg\"><img decoding=\"async\" class=\"wp_automatic_fb_img\" title=\"\" src=\"https:\/\/bomberos.puyo.gob.ec\/2019\/wp-content\/uploads\/Capacitacion-En-coordinacion-con-el-Cuerpo-de-Bomberos-Municipal-del.fna&#038;oh=b16b81594bbbd52276709615821068b6&#038;oe=5EAA4AA4.jpeg\" \/><\/a><br \/><a href=\"https:\/\/bomberos.puyo.gob.ec\/2019\/wp-content\/uploads\/Capacitacion-En-coordinacion-con-el-Cuerpo-de-Bomberos-Municipal-del.fna&#038;oh=97a8d9d54e54629ef5871dff2cbfa4a5&#038;oe=5E69CBFD.jpeg\"><img decoding=\"async\" class=\"wp_automatic_fb_img\" title=\"\" src=\"https:\/\/bomberos.puyo.gob.ec\/2019\/wp-content\/uploads\/Capacitacion-En-coordinacion-con-el-Cuerpo-de-Bomberos-Municipal-del.fna&#038;oh=97a8d9d54e54629ef5871dff2cbfa4a5&#038;oe=5E69CBFD.jpeg\" \/><\/a><br \/><a href=\"https:\/\/bomberos.puyo.gob.ec\/2019\/wp-content\/uploads\/Capacitacion-En-coordinacion-con-el-Cuerpo-de-Bomberos-Municipal-del.fna&#038;oh=0b2e075804713ab75095652f39be6783&#038;oe=5EAFCB85.jpeg\"><img decoding=\"async\" class=\"wp_automatic_fb_img\" title=\"\" src=\"https:\/\/bomberos.puyo.gob.ec\/2019\/wp-content\/uploads\/Capacitacion-En-coordinacion-con-el-Cuerpo-de-Bomberos-Municipal-del.fna&#038;oh=0b2e075804713ab75095652f39be6783&#038;oe=5EAFCB85.jpeg\" \/><\/a><br \/><a href=\"https:\/\/bomberos.puyo.gob.ec\/2019\/wp-content\/uploads\/Capacitacion-En-coordinacion-con-el-Cuerpo-de-Bomberos-Municipal-del.fna&#038;oh=ebb06a00f5b9dc34097f0ce26c0c4187&#038;oe=5EA847AA.jpeg\"><img decoding=\"async\" class=\"wp_automatic_fb_img\" title=\"\" src=\"https:\/\/bomberos.puyo.gob.ec\/2019\/wp-content\/uploads\/Capacitacion-En-coordinacion-con-el-Cuerpo-de-Bomberos-Municipal-del.fna&#038;oh=ebb06a00f5b9dc34097f0ce26c0c4187&#038;oe=5EA847AA.jpeg\" \/><\/a><br \/><a href=\"https:\/\/bomberos.puyo.gob.ec\/2019\/wp-content\/uploads\/Capacitacion-En-coordinacion-con-el-Cuerpo-de-Bomberos-Municipal-del.fna&#038;oh=8da92d9fe71480ec47f3d7b5bde79291&#038;oe=5E766FD9.jpeg\"><img decoding=\"async\" class=\"wp_automatic_fb_img\" title=\"\" src=\"https:\/\/bomberos.puyo.gob.ec\/2019\/wp-content\/uploads\/Capacitacion-En-coordinacion-con-el-Cuerpo-de-Bomberos-Municipal-del.fna&#038;oh=8da92d9fe71480ec47f3d7b5bde79291&#038;oe=5E766FD9.jpeg\" \/><\/a><br \/>\n<br \/><a href=\"https:\/\/www.facebook.com\/465093860312824\/posts\/1355613884594146\">en facebook&#8230; <\/a>  <\/p>\n","protected":false},"excerpt":{"rendered":"<p><span><\/p>\n<p><a>#Capacitaci\u00f3n<\/a>#|<\/p>\n<p> En coordinaci\u00f3n con el Cuerpo de Bomberos Municipal del Cant\u00f3n Pastaza y el UPC EL RECREO se capacita a los ni\u00f1os del campamento vacacional con temas de Primeros Auxilios.<\/p>\n<p><\/span><br \/>\n<br \/><a href=\"https:\/\/scontent.fuio15-1.fna.fbcdn.net\/v\/t1.0-9\/67911064_1355613674594167_786061199367208960_n.jpg?_nc_cat=108&#038;_nc_ohc=rJ7znt02JZ8AQkVVuJ7b5Ae1ZuBsldLH8W1QOfVBBjX84uQSO29Qy80mA&#038;_nc_ht=scontent.fuio15-1.fna&#038;oh=b16b81594bbbd52276709615821068b6&#038;oe=5EAA4AA4\"><img decoding=\"async\" class=\"wp_automatic_fb_img\" title=\"\" src=\"https:\/\/scontent.fuio15-1.fna.fbcdn.net\/v\/t1.0-9\/67911064_1355613674594167_786061199367208960_n.jpg?_nc_cat=108&#038;_nc_ohc=rJ7znt02JZ8AQkVVuJ7b5Ae1ZuBsldLH8W1QOfVBBjX84uQSO29Qy80mA&#038;_nc_ht=scontent.fuio15-1.fna&#038;oh=b16b81594bbbd52276709615821068b6&#038;oe=5EAA4AA4\" \/><\/a><br \/><a href=\"https:\/\/scontent.fuio15-1.fna.fbcdn.net\/v\/t1.0-9\/67939229_1355613704594164_1489460088061034496_n.jpg?_nc_cat=104&#038;_nc_ohc=U5Mm15ksXQ8AQl7YXGGuBJn4pzeCJP6pKJlJwzl0IfLVXKSRMdbvrRlvA&#038;_nc_ht=scontent.fuio15-1.fna&#038;oh=97a8d9d54e54629ef5871dff2cbfa4a5&#038;oe=5E69CBFD\"><img decoding=\"async\" class=\"wp_automatic_fb_img\" title=\"\" src=\"https:\/\/scontent.fuio15-1.fna.fbcdn.net\/v\/t1.0-9\/67939229_1355613704594164_1489460088061034496_n.jpg?_nc_cat=104&#038;_nc_ohc=U5Mm15ksXQ8AQl7YXGGuBJn4pzeCJP6pKJlJwzl0IfLVXKSRMdbvrRlvA&#038;_nc_ht=scontent.fuio15-1.fna&#038;oh=97a8d9d54e54629ef5871dff2cbfa4a5&#038;oe=5E69CBFD\" \/><\/a><br \/><a href=\"https:\/\/scontent.fuio15-1.fna.fbcdn.net\/v\/t1.0-9\/67926709_1355613754594159_7117858800681353216_n.jpg?_nc_cat=109&#038;_nc_ohc=-8BJDk7REOgAQkt1vSvhpBVsNYU3wD7DsyXuxQBbZk0inmE7NH590GVwA&#038;_nc_ht=scontent.fuio15-1.fna&#038;oh=0b2e075804713ab75095652f39be6783&#038;oe=5EAFCB85\"><img decoding=\"async\" class=\"wp_automatic_fb_img\" title=\"\" src=\"https:\/\/scontent.fuio15-1.fna.fbcdn.net\/v\/t1.0-9\/67926709_1355613754594159_7117858800681353216_n.jpg?_nc_cat=109&#038;_nc_ohc=-8BJDk7REOgAQkt1vSvhpBVsNYU3wD7DsyXuxQBbZk0inmE7NH590GVwA&#038;_nc_ht=scontent.fuio15-1.fna&#038;oh=0b2e075804713ab75095652f39be6783&#038;oe=5EAFCB85\" \/><\/a><br \/><a href=\"https:\/\/scontent.fuio15-1.fna.fbcdn.net\/v\/t1.0-9\/68679966_1355613787927489_6790997049127993344_n.jpg?_nc_cat=101&#038;_nc_ohc=b9B1NOkbGokAQmcb9iYF4-pRbEi1fLz3UJOV8QNsKFR2kNpTqeTeTi_9w&#038;_nc_ht=scontent.fuio15-1.fna&#038;oh=ebb06a00f5b9dc34097f0ce26c0c4187&#038;oe=5EA847AA\"><img decoding=\"async\" class=\"wp_automatic_fb_img\" title=\"\" src=\"https:\/\/scontent.fuio15-1.fna.fbcdn.net\/v\/t1.0-9\/68679966_1355613787927489_6790997049127993344_n.jpg?_nc_cat=101&#038;_nc_ohc=b9B1NOkbGokAQmcb9iYF4-pRbEi1fLz3UJOV8QNsKFR2kNpTqeTeTi_9w&#038;_nc_ht=scontent.fuio15-1.fna&#038;oh=ebb06a00f5b9dc34097f0ce26c0c4187&#038;oe=5EA847AA\" \/><\/a><br \/><a href=\"https:\/\/scontent.fuio15-1.fna.fbcdn.net\/v\/t1.0-9\/69266786_1355613864594148_3131785728703332352_n.jpg?_nc_cat=100&#038;_nc_ohc=O8oo7lthuMQAQl_7dz7Uv8sNMXwKJroniCynthaSbsD-ZGBkbh6pZmNzQ&#038;_nc_ht=scontent.fuio15-1.fna&#038;oh=8da92d9fe71480ec47f3d7b5bde79291&#038;oe=5E766FD9\"><img decoding=\"async\" class=\"wp_automatic_fb_img\" title=\"\" src=\"https:\/\/scontent.fuio15-1.fna.fbcdn.net\/v\/t1.0-9\/69266786_1355613864594148_3131785728703332352_n.jpg?_nc_cat=100&#038;_nc_ohc=O8oo7lthuMQAQl_7dz7Uv8sNMXwKJroniCynthaSbsD-ZGBkbh6pZmNzQ&#038;_nc_ht=scontent.fuio15-1.fna&#038;oh=8da92d9fe71480ec47f3d7b5bde79291&#038;oe=5E766FD9\" \/><\/a><\/p>\n","protected":false},"author":1,"featured_media":1290,"comment_status":"open","ping_status":"open","sticky":false,"template":"","format":"standard","meta":[],"categories":[1],"tags":[73,141,65,42,82,64,32,138],"_links":{"self":[{"href":"https:\/\/bomberos.puyo.gob.ec\/2019\/wp-json\/wp\/v2\/posts\/1289"}],"collection":[{"href":"https:\/\/bomberos.puyo.gob.ec\/2019\/wp-json\/wp\/v2\/posts"}],"about":[{"href":"https:\/\/bomberos.puyo.gob.ec\/2019\/wp-json\/wp\/v2\/types\/post"}],"author":[{"embeddable":true,"href":"https:\/\/bomberos.puyo.gob.ec\/2019\/wp-json\/wp\/v2\/users\/1"}],"replies":[{"embeddable":true,"href":"https:\/\/bomberos.puyo.gob.ec\/2019\/wp-json\/wp\/v2\/comments?post=1289"}],"version-history":[{"count":1,"href":"https:\/\/bomberos.puyo.gob.ec\/2019\/wp-json\/wp\/v2\/posts\/1289\/revisions"}],"predecessor-version":[{"id":1291,"href":"https:\/\/bomberos.puyo.gob.ec\/2019\/wp-json\/wp\/v2\/posts\/1289\/revisions\/1291"}],"wp:featuredmedia":[{"embeddable":true,"href":"https:\/\/bomberos.puyo.gob.ec\/2019\/wp-json\/wp\/v2\/media\/1290"}],"wp:attachment":[{"href":"https:\/\/bomberos.puyo.gob.ec\/2019\/wp-json\/wp\/v2\/media?parent=1289"}],"wp:term":[{"taxonomy":"category","embeddable":true,"href":"https:\/\/bomberos.puyo.gob.ec\/2019\/wp-json\/wp\/v2\/categories?post=1289"},{"taxonomy":"post_tag","embeddable":true,"href":"https:\/\/bomberos.puyo.gob.ec\/2019\/wp-json\/wp\/v2\/tags?post=1289"}],"curies":[{"name":"wp","href":"https:\/\/api.w.org\/{rel}","templated":true}]}}