{"id":1286,"date":"2019-08-14T09:57:46","date_gmt":"2019-08-14T14:57:46","guid":{"rendered":"https:\/\/bomberos.puyo.gob.ec\/emergenciaaccidentedetransito-el-personal-del-cuerpo-de-bomberos-traslad\/"},"modified":"2019-12-26T06:02:49","modified_gmt":"2019-12-26T11:02:49","slug":"emergenciaaccidentedetransito-el-personal-del-cuerpo-de-bomberos-traslad","status":"publish","type":"post","link":"https:\/\/bomberos.puyo.gob.ec\/2019\/emergenciaaccidentedetransito-el-personal-del-cuerpo-de-bomberos-traslad\/","title":{"rendered":"|#Emergencia||#AccidenteDeTransito#|\n El personal del Cuerpo de Bomberos traslad&#8230;"},"content":{"rendered":"<p>|<a class=\"_58cn\" href=\"https:\/\/facebook.com\/hashtag\/emergencia?source=feed_text&#038;epa=HASHTAG&#038;__xts__%5B0%5D=68.ARCqTRjBcHtnp8acd7i9tG0fCaQ2k4QF4A9HJh_nLGZWGFIQI3r-Phm-PdiZ8hhzvajGrcRuPjAuxd7KzwqmDqKx5w335vWEMwGbbZEMGKBh0HGHk1Rlvxvzq6HGvo8Gtt7S1lhBd4CBeUpULET4MSnRYSLtR33DvQazUnCejTJmQO0-ltXYUzmI9WQwYcOccaaVdIznHCcaL3dkgtVl0eyhmniWFJcbyjzALTU6js-RgcLxQCLIaM-yv7nCqNOo1XHZX5G0Y9bgGsgTP0bkBdElnrlnDc3Ig_c3K0DbLXV5Usy8Pgt4NqVNViPfcfd-gt1hVPAusl7ULbf2GbDmDY7IuQ&#038;__tn__=%2ANK-R\" data-ft=\"&#123;&quot;type&quot;:104,&quot;tn&quot;:&quot;*N&quot;&#125;\"><span class=\"_5afx\"><span aria-label=\"hashtag\" class=\"_58cl _5afz\">#Emergencia<\/span><\/span><\/a>||<a class=\"_58cn\" href=\"https:\/\/facebook.com\/hashtag\/accidentedetransito?source=feed_text&#038;epa=HASHTAG&#038;__xts__%5B0%5D=68.ARCqTRjBcHtnp8acd7i9tG0fCaQ2k4QF4A9HJh_nLGZWGFIQI3r-Phm-PdiZ8hhzvajGrcRuPjAuxd7KzwqmDqKx5w335vWEMwGbbZEMGKBh0HGHk1Rlvxvzq6HGvo8Gtt7S1lhBd4CBeUpULET4MSnRYSLtR33DvQazUnCejTJmQO0-ltXYUzmI9WQwYcOccaaVdIznHCcaL3dkgtVl0eyhmniWFJcbyjzALTU6js-RgcLxQCLIaM-yv7nCqNOo1XHZX5G0Y9bgGsgTP0bkBdElnrlnDc3Ig_c3K0DbLXV5Usy8Pgt4NqVNViPfcfd-gt1hVPAusl7ULbf2GbDmDY7IuQ&#038;__tn__=%2ANK-R\" data-ft=\"&#123;&quot;type&quot;:104,&quot;tn&quot;:&quot;*N&quot;&#125;\"><span class=\"_5afx\"><span aria-label=\"hashtag\" class=\"_58cl _5afz\">#AccidenteDeTransito<\/span><\/span><\/a>#|<\/p>\n<p> El personal del Cuerpo de Bomberos trasladaron  al hospital Puyo a un hombre de 45 a\u00f1os, quien presentaba una deformidad en el hombro izquierdo, por una posible fractura de clav\u00edcula provocada por el impacto de un cami\u00f3n hacia el taxi que el adulto conduc\u00eda, por el sector del barrio La Merced, en los sem\u00e1foros de la entrada a Uni\u00f3n Base.<\/p>\n<p><a href=\"https:\/\/bomberos.puyo.gob.ec\/2019\/wp-content\/uploads\/EmergenciaAccidenteDeTransito-El-personal-del-Cuerpo-de-Bomberos-traslad.fna&#038;oh=dbf3dd97aedddc6a8ddcb52f5c79c2c3&#038;oe=5E75440A.jpeg\"><img decoding=\"async\" class=\"wp_automatic_fb_img\" title=\"\" src=\"https:\/\/bomberos.puyo.gob.ec\/2019\/wp-content\/uploads\/EmergenciaAccidenteDeTransito-El-personal-del-Cuerpo-de-Bomberos-traslad.fna&#038;oh=dbf3dd97aedddc6a8ddcb52f5c79c2c3&#038;oe=5E75440A.jpeg\" \/><\/a><br \/><a href=\"https:\/\/bomberos.puyo.gob.ec\/2019\/wp-content\/uploads\/EmergenciaAccidenteDeTransito-El-personal-del-Cuerpo-de-Bomberos-traslad.fna&#038;oh=b694e1dd0691e21534c72eed98c43de7&#038;oe=5E681784.jpeg\"><img decoding=\"async\" class=\"wp_automatic_fb_img\" title=\"\" src=\"https:\/\/bomberos.puyo.gob.ec\/2019\/wp-content\/uploads\/EmergenciaAccidenteDeTransito-El-personal-del-Cuerpo-de-Bomberos-traslad.fna&#038;oh=b694e1dd0691e21534c72eed98c43de7&#038;oe=5E681784.jpeg\" \/><\/a><br \/><a href=\"https:\/\/bomberos.puyo.gob.ec\/2019\/wp-content\/uploads\/EmergenciaAccidenteDeTransito-El-personal-del-Cuerpo-de-Bomberos-traslad.fna&#038;oh=fd24e8f4292d3642393bcabb9edfa584&#038;oe=5EAEC5CC.jpeg\"><img decoding=\"async\" class=\"wp_automatic_fb_img\" title=\"\" src=\"https:\/\/bomberos.puyo.gob.ec\/2019\/wp-content\/uploads\/EmergenciaAccidenteDeTransito-El-personal-del-Cuerpo-de-Bomberos-traslad.fna&#038;oh=fd24e8f4292d3642393bcabb9edfa584&#038;oe=5EAEC5CC.jpeg\" \/><\/a><br \/><a href=\"https:\/\/bomberos.puyo.gob.ec\/2019\/wp-content\/uploads\/EmergenciaAccidenteDeTransito-El-personal-del-Cuerpo-de-Bomberos-traslad.fna&#038;oh=740185da5a12290b5e4515ab8012cf95&#038;oe=5E6688F9.jpeg\"><img decoding=\"async\" class=\"wp_automatic_fb_img\" title=\"\" src=\"https:\/\/bomberos.puyo.gob.ec\/2019\/wp-content\/uploads\/EmergenciaAccidenteDeTransito-El-personal-del-Cuerpo-de-Bomberos-traslad.fna&#038;oh=740185da5a12290b5e4515ab8012cf95&#038;oe=5E6688F9.jpeg\" \/><\/a><br \/>\n<br \/><a href=\"https:\/\/www.facebook.com\/465093860312824\/posts\/1355981154557419\">en facebook&#8230; <\/a>  <\/p>\n","protected":false},"excerpt":{"rendered":"<p>|<a class=\"_58cn\" href=\"https:\/\/facebook.com\/hashtag\/emergencia?source=feed_text&#038;epa=HASHTAG&#038;__xts__%5B0%5D=68.ARCqTRjBcHtnp8acd7i9tG0fCaQ2k4QF4A9HJh_nLGZWGFIQI3r-Phm-PdiZ8hhzvajGrcRuPjAuxd7KzwqmDqKx5w335vWEMwGbbZEMGKBh0HGHk1Rlvxvzq6HGvo8Gtt7S1lhBd4CBeUpULET4MSnRYSLtR33DvQazUnCejTJmQO0-ltXYUzmI9WQwYcOccaaVdIznHCcaL3dkgtVl0eyhmniWFJcbyjzALTU6js-RgcLxQCLIaM-yv7nCqNOo1XHZX5G0Y9bgGsgTP0bkBdElnrlnDc3Ig_c3K0DbLXV5Usy8Pgt4NqVNViPfcfd-gt1hVPAusl7ULbf2GbDmDY7IuQ&#038;__tn__=%2ANK-R\" data-ft=\"&#123;&quot;type&quot;:104,&quot;tn&quot;:&quot;*N&quot;&#125;\"><span class=\"_5afx\"><span aria-label=\"hashtag\" class=\"_58cl _5afz\">#Emergencia<\/span><\/span><\/a>||<a class=\"_58cn\" href=\"https:\/\/facebook.com\/hashtag\/accidentedetransito?source=feed_text&#038;epa=HASHTAG&#038;__xts__%5B0%5D=68.ARCqTRjBcHtnp8acd7i9tG0fCaQ2k4QF4A9HJh_nLGZWGFIQI3r-Phm-PdiZ8hhzvajGrcRuPjAuxd7KzwqmDqKx5w335vWEMwGbbZEMGKBh0HGHk1Rlvxvzq6HGvo8Gtt7S1lhBd4CBeUpULET4MSnRYSLtR33DvQazUnCejTJmQO0-ltXYUzmI9WQwYcOccaaVdIznHCcaL3dkgtVl0eyhmniWFJcbyjzALTU6js-RgcLxQCLIaM-yv7nCqNOo1XHZX5G0Y9bgGsgTP0bkBdElnrlnDc3Ig_c3K0DbLXV5Usy8Pgt4NqVNViPfcfd-gt1hVPAusl7ULbf2GbDmDY7IuQ&#038;__tn__=%2ANK-R\" data-ft=\"&#123;&quot;type&quot;:104,&quot;tn&quot;:&quot;*N&quot;&#125;\"><span class=\"_5afx\"><span aria-label=\"hashtag\" class=\"_58cl _5afz\">#AccidenteDeTransito<\/span><\/span><\/a>#|<\/p>\n<p> El personal del Cuerpo de Bomberos trasladaron  al hospital Puyo a un hombre de 45 a\u00f1os, quien presentaba una deformidad en el hombro izquierdo, por una posible fractura de clav\u00edcula provocada por el impacto de un cami\u00f3n hacia el taxi que el adulto conduc\u00eda, por el sector del barrio La Merced, en los sem\u00e1foros de la entrada a Uni\u00f3n Base.<\/p>\n<p><a href=\"https:\/\/scontent.fuio15-1.fna.fbcdn.net\/v\/t1.0-9\/67636516_1355980994557435_201201896214495232_n.jpg?_nc_cat=108&#038;_nc_ohc=B0MAlOoofEwAQkykCmNI219BF9IYEr5EPt2xIIJL3sXo7Tr6FxnLpFhPw&#038;_nc_ht=scontent.fuio15-1.fna&#038;oh=dbf3dd97aedddc6a8ddcb52f5c79c2c3&#038;oe=5E75440A\"><img decoding=\"async\" class=\"wp_automatic_fb_img\" title=\"\" src=\"https:\/\/scontent.fuio15-1.fna.fbcdn.net\/v\/t1.0-9\/67636516_1355980994557435_201201896214495232_n.jpg?_nc_cat=108&#038;_nc_ohc=B0MAlOoofEwAQkykCmNI219BF9IYEr5EPt2xIIJL3sXo7Tr6FxnLpFhPw&#038;_nc_ht=scontent.fuio15-1.fna&#038;oh=dbf3dd97aedddc6a8ddcb52f5c79c2c3&#038;oe=5E75440A\" \/><\/a><br \/><a href=\"https:\/\/scontent.fuio15-1.fna.fbcdn.net\/v\/t1.0-9\/69288355_1355981051224096_5177516997256151040_n.jpg?_nc_cat=102&#038;_nc_ohc=5Vaz4LQK8j8AQki2-f_caqIOIFFxH-5Dieqr-yAsLqTgNyYl7_ZG_zZ-w&#038;_nc_ht=scontent.fuio15-1.fna&#038;oh=b694e1dd0691e21534c72eed98c43de7&#038;oe=5E681784\"><img decoding=\"async\" class=\"wp_automatic_fb_img\" title=\"\" src=\"https:\/\/scontent.fuio15-1.fna.fbcdn.net\/v\/t1.0-9\/69288355_1355981051224096_5177516997256151040_n.jpg?_nc_cat=102&#038;_nc_ohc=5Vaz4LQK8j8AQki2-f_caqIOIFFxH-5Dieqr-yAsLqTgNyYl7_ZG_zZ-w&#038;_nc_ht=scontent.fuio15-1.fna&#038;oh=b694e1dd0691e21534c72eed98c43de7&#038;oe=5E681784\" \/><\/a><br \/><a href=\"https:\/\/scontent.fuio15-1.fna.fbcdn.net\/v\/t1.0-9\/68505801_1355981101224091_9075265960872509440_n.jpg?_nc_cat=102&#038;_nc_ohc=dFjp2K3QbQMAQnc6fHj38JSXCh9iw4MVwa4f5wqlGekDW3VYqN27tqt8A&#038;_nc_ht=scontent.fuio15-1.fna&#038;oh=fd24e8f4292d3642393bcabb9edfa584&#038;oe=5EAEC5CC\"><img decoding=\"async\" class=\"wp_automatic_fb_img\" title=\"\" src=\"https:\/\/scontent.fuio15-1.fna.fbcdn.net\/v\/t1.0-9\/68505801_1355981101224091_9075265960872509440_n.jpg?_nc_cat=102&#038;_nc_ohc=dFjp2K3QbQMAQnc6fHj38JSXCh9iw4MVwa4f5wqlGekDW3VYqN27tqt8A&#038;_nc_ht=scontent.fuio15-1.fna&#038;oh=fd24e8f4292d3642393bcabb9edfa584&#038;oe=5EAEC5CC\" \/><\/a><br \/><a href=\"https:\/\/scontent.fuio15-1.fna.fbcdn.net\/v\/t1.0-9\/68950822_1355981137890754_9193637965379665920_n.jpg?_nc_cat=104&#038;_nc_ohc=OlGWdL6Y-ZcAQk9zFtTtxEtl4HbaOfCl7Ut1-hPg8me9e3LBMvgG7SwZg&#038;_nc_ht=scontent.fuio15-1.fna&#038;oh=740185da5a12290b5e4515ab8012cf95&#038;oe=5E6688F9\"><img decoding=\"async\" class=\"wp_automatic_fb_img\" title=\"\" src=\"https:\/\/scontent.fuio15-1.fna.fbcdn.net\/v\/t1.0-9\/68950822_1355981137890754_9193637965379665920_n.jpg?_nc_cat=104&#038;_nc_ohc=OlGWdL6Y-ZcAQk9zFtTtxEtl4HbaOfCl7Ut1-hPg8me9e3LBMvgG7SwZg&#038;_nc_ht=scontent.fuio15-1.fna&#038;oh=740185da5a12290b5e4515ab8012cf95&#038;oe=5E6688F9\" \/><\/a><\/p>\n","protected":false},"author":1,"featured_media":1287,"comment_status":"open","ping_status":"open","sticky":false,"template":"","format":"standard","meta":[],"categories":[1],"tags":[62,73,64,32,182,475,34,476],"_links":{"self":[{"href":"https:\/\/bomberos.puyo.gob.ec\/2019\/wp-json\/wp\/v2\/posts\/1286"}],"collection":[{"href":"https:\/\/bomberos.puyo.gob.ec\/2019\/wp-json\/wp\/v2\/posts"}],"about":[{"href":"https:\/\/bomberos.puyo.gob.ec\/2019\/wp-json\/wp\/v2\/types\/post"}],"author":[{"embeddable":true,"href":"https:\/\/bomberos.puyo.gob.ec\/2019\/wp-json\/wp\/v2\/users\/1"}],"replies":[{"embeddable":true,"href":"https:\/\/bomberos.puyo.gob.ec\/2019\/wp-json\/wp\/v2\/comments?post=1286"}],"version-history":[{"count":1,"href":"https:\/\/bomberos.puyo.gob.ec\/2019\/wp-json\/wp\/v2\/posts\/1286\/revisions"}],"predecessor-version":[{"id":1288,"href":"https:\/\/bomberos.puyo.gob.ec\/2019\/wp-json\/wp\/v2\/posts\/1286\/revisions\/1288"}],"wp:featuredmedia":[{"embeddable":true,"href":"https:\/\/bomberos.puyo.gob.ec\/2019\/wp-json\/wp\/v2\/media\/1287"}],"wp:attachment":[{"href":"https:\/\/bomberos.puyo.gob.ec\/2019\/wp-json\/wp\/v2\/media?parent=1286"}],"wp:term":[{"taxonomy":"category","embeddable":true,"href":"https:\/\/bomberos.puyo.gob.ec\/2019\/wp-json\/wp\/v2\/categories?post=1286"},{"taxonomy":"post_tag","embeddable":true,"href":"https:\/\/bomberos.puyo.gob.ec\/2019\/wp-json\/wp\/v2\/tags?post=1286"}],"curies":[{"name":"wp","href":"https:\/\/api.w.org\/{rel}","templated":true}]}}