{"id":1280,"date":"2019-08-14T18:52:55","date_gmt":"2019-08-14T23:52:55","guid":{"rendered":"https:\/\/bomberos.puyo.gob.ec\/campamentovacacionalfatima-atendiendo-la-solicitud-de-la-tenencia-politica\/"},"modified":"2019-12-26T03:59:37","modified_gmt":"2019-12-26T08:59:37","slug":"campamentovacacionalfatima-atendiendo-la-solicitud-de-la-tenencia-politica","status":"publish","type":"post","link":"https:\/\/bomberos.puyo.gob.ec\/2019\/campamentovacacionalfatima-atendiendo-la-solicitud-de-la-tenencia-politica\/","title":{"rendered":"|#CampamentoVacacionalFatima#|\n Atendiendo la solicitud de la Tenencia Pol\u00edtica &#8230;"},"content":{"rendered":"<p>|<a class=\"_58cn\" href=\"https:\/\/facebook.com\/hashtag\/campamentovacacionalfatima?source=feed_text&#038;epa=HASHTAG&#038;__xts__%5B0%5D=68.ARCV5jSFATq3pqu14tGRrS4eBuA8m8uEU_xCyc9rvNLmsW5IYj_8rulHzDsa6BCsmPOC1eQbx64-YhpzPbBbsHR-F_pUQCI-5n6QEnQRgJRHp6y9DfTsTjgqWlXw1tL82vbmu9GZyaP8tSdaBBd6xsPVRIPlFMAaGnMfrE79T9NQlCiOO6z7Oi1Sq0E1MRboDtM48DofHe4pIDkicC9A-PHBqohWT27r6rBzvYOh9L3guAHBrjEsv7JInDShHB8PMcb-Ux-xfLeScEWSC95H0lV5mQYlGhHOy1A5eCQ6AtZcek3u3I8yHLYPxZLaXfqgyay9YQUx7hu294BXVp-WxSgj-A&#038;__tn__=%2ANK-R\" data-ft=\"&#123;&quot;type&quot;:104,&quot;tn&quot;:&quot;*N&quot;&#125;\"><span class=\"_5afx\"><span aria-label=\"hashtag\" class=\"_58cl _5afz\">#CampamentoVacacionalFatima<\/span><\/span><\/a>#|<\/p>\n<p> Atendiendo la solicitud de la Tenencia Pol\u00edtica y el UPC de la parroquia F\u00e1tima,  tres efectivos del Cuerpo de Bomberos del cant\u00f3n Pastaza impartieron conocimientos de prevenci\u00f3n de incendios, atenci\u00f3n pre hospitalaria y manejo de equipos de la  instituci\u00f3n a los ni\u00f1os que participan en el  campamento vacacional del sector.<\/p>\n<p><a href=\"https:\/\/bomberos.puyo.gob.ec\/2019\/wp-content\/uploads\/CampamentoVacacionalFatima-Atendiendo-la-solicitud-de-la-Tenencia-Politica.fna&#038;oh=14253a2d787d5ea75cb88e0f25a7631c&#038;oe=5E75862B.jpeg\"><img decoding=\"async\" class=\"wp_automatic_fb_img\" title=\"\" src=\"https:\/\/bomberos.puyo.gob.ec\/2019\/wp-content\/uploads\/CampamentoVacacionalFatima-Atendiendo-la-solicitud-de-la-Tenencia-Politica.fna&#038;oh=14253a2d787d5ea75cb88e0f25a7631c&#038;oe=5E75862B.jpeg\" \/><\/a><br \/><a href=\"https:\/\/bomberos.puyo.gob.ec\/2019\/wp-content\/uploads\/CampamentoVacacionalFatima-Atendiendo-la-solicitud-de-la-Tenencia-Politica.fna&#038;oh=93109f22bf751fc26dbc08fe3acbae71&#038;oe=5E729E62.jpeg\"><img decoding=\"async\" class=\"wp_automatic_fb_img\" title=\"\" src=\"https:\/\/bomberos.puyo.gob.ec\/2019\/wp-content\/uploads\/CampamentoVacacionalFatima-Atendiendo-la-solicitud-de-la-Tenencia-Politica.fna&#038;oh=93109f22bf751fc26dbc08fe3acbae71&#038;oe=5E729E62.jpeg\" \/><\/a><br \/><a href=\"https:\/\/bomberos.puyo.gob.ec\/2019\/wp-content\/uploads\/CampamentoVacacionalFatima-Atendiendo-la-solicitud-de-la-Tenencia-Politica.fna&#038;oh=88348fc41f09534d831e24d8d780dc9f&#038;oe=5EAC3D3F.jpeg\"><img decoding=\"async\" class=\"wp_automatic_fb_img\" title=\"\" src=\"https:\/\/bomberos.puyo.gob.ec\/2019\/wp-content\/uploads\/CampamentoVacacionalFatima-Atendiendo-la-solicitud-de-la-Tenencia-Politica.fna&#038;oh=88348fc41f09534d831e24d8d780dc9f&#038;oe=5EAC3D3F.jpeg\" \/><\/a><br \/><a href=\"https:\/\/bomberos.puyo.gob.ec\/2019\/wp-content\/uploads\/CampamentoVacacionalFatima-Atendiendo-la-solicitud-de-la-Tenencia-Politica.fna&#038;oh=315e1637e6a68672605f6d468383410b&#038;oe=5E6B48FC.jpeg\"><img decoding=\"async\" class=\"wp_automatic_fb_img\" title=\"\" src=\"https:\/\/bomberos.puyo.gob.ec\/2019\/wp-content\/uploads\/CampamentoVacacionalFatima-Atendiendo-la-solicitud-de-la-Tenencia-Politica.fna&#038;oh=315e1637e6a68672605f6d468383410b&#038;oe=5E6B48FC.jpeg\" \/><\/a><br \/><a href=\"https:\/\/bomberos.puyo.gob.ec\/2019\/wp-content\/uploads\/CampamentoVacacionalFatima-Atendiendo-la-solicitud-de-la-Tenencia-Politica.fna&#038;oh=b43014ba130d73f7d2dd315aeb77c5f5&#038;oe=5EAA2231.jpeg\"><img decoding=\"async\" class=\"wp_automatic_fb_img\" title=\"\" src=\"https:\/\/bomberos.puyo.gob.ec\/2019\/wp-content\/uploads\/CampamentoVacacionalFatima-Atendiendo-la-solicitud-de-la-Tenencia-Politica.fna&#038;oh=b43014ba130d73f7d2dd315aeb77c5f5&#038;oe=5EAA2231.jpeg\" \/><\/a><br \/><a href=\"https:\/\/bomberos.puyo.gob.ec\/2019\/wp-content\/uploads\/CampamentoVacacionalFatima-Atendiendo-la-solicitud-de-la-Tenencia-Politica.fna&#038;oh=372cd8e748abf9ae588493122c059d5a&#038;oe=5EA58B10.jpeg\"><img decoding=\"async\" class=\"wp_automatic_fb_img\" title=\"\" src=\"https:\/\/bomberos.puyo.gob.ec\/2019\/wp-content\/uploads\/CampamentoVacacionalFatima-Atendiendo-la-solicitud-de-la-Tenencia-Politica.fna&#038;oh=372cd8e748abf9ae588493122c059d5a&#038;oe=5EA58B10.jpeg\" \/><\/a><br \/><a href=\"https:\/\/bomberos.puyo.gob.ec\/2019\/wp-content\/uploads\/CampamentoVacacionalFatima-Atendiendo-la-solicitud-de-la-Tenencia-Politica.fna&#038;oh=5c5bd5ab5c0bca42e0ecebd2fb2dd889&#038;oe=5E6E3EB1.jpeg\"><img decoding=\"async\" class=\"wp_automatic_fb_img\" title=\"\" src=\"https:\/\/bomberos.puyo.gob.ec\/2019\/wp-content\/uploads\/CampamentoVacacionalFatima-Atendiendo-la-solicitud-de-la-Tenencia-Politica.fna&#038;oh=5c5bd5ab5c0bca42e0ecebd2fb2dd889&#038;oe=5E6E3EB1.jpeg\" \/><\/a><br \/>\n<br \/><a href=\"https:\/\/www.facebook.com\/465093860312824\/posts\/1356269921195209\">en facebook&#8230; <\/a>  <\/p>\n","protected":false},"excerpt":{"rendered":"<p>|<a class=\"_58cn\" href=\"https:\/\/facebook.com\/hashtag\/campamentovacacionalfatima?source=feed_text&#038;epa=HASHTAG&#038;__xts__%5B0%5D=68.ARCV5jSFATq3pqu14tGRrS4eBuA8m8uEU_xCyc9rvNLmsW5IYj_8rulHzDsa6BCsmPOC1eQbx64-YhpzPbBbsHR-F_pUQCI-5n6QEnQRgJRHp6y9DfTsTjgqWlXw1tL82vbmu9GZyaP8tSdaBBd6xsPVRIPlFMAaGnMfrE79T9NQlCiOO6z7Oi1Sq0E1MRboDtM48DofHe4pIDkicC9A-PHBqohWT27r6rBzvYOh9L3guAHBrjEsv7JInDShHB8PMcb-Ux-xfLeScEWSC95H0lV5mQYlGhHOy1A5eCQ6AtZcek3u3I8yHLYPxZLaXfqgyay9YQUx7hu294BXVp-WxSgj-A&#038;__tn__=%2ANK-R\" data-ft=\"&#123;&quot;type&quot;:104,&quot;tn&quot;:&quot;*N&quot;&#125;\"><span class=\"_5afx\"><span aria-label=\"hashtag\" class=\"_58cl _5afz\">#CampamentoVacacionalFatima<\/span><\/span><\/a>#|<\/p>\n<p> Atendiendo la solicitud de la Tenencia Pol\u00edtica y el UPC de la parroquia F\u00e1tima,  tres efectivos del Cuerpo de Bomberos del cant\u00f3n Pastaza impartieron conocimientos de prevenci\u00f3n de incendios, atenci\u00f3n pre hospitalaria y manejo de equipos de la  instituci\u00f3n a los ni\u00f1os que participan en el  campamento vacacional del sector.<\/p>\n<p><a href=\"https:\/\/scontent.fuio15-1.fna.fbcdn.net\/v\/t1.0-9\/68406880_1356269661195235_7938671370714480640_n.jpg?_nc_cat=109&#038;_nc_ohc=uRbhX6vJ75IAQkA3xgiQ73GezE4JScJb-6XmxD6UPog9Blaeysj-zu0Sw&#038;_nc_ht=scontent.fuio15-1.fna&#038;oh=14253a2d787d5ea75cb88e0f25a7631c&#038;oe=5E75862B\"><img decoding=\"async\" class=\"wp_automatic_fb_img\" title=\"\" src=\"https:\/\/scontent.fuio15-1.fna.fbcdn.net\/v\/t1.0-9\/68406880_1356269661195235_7938671370714480640_n.jpg?_nc_cat=109&#038;_nc_ohc=uRbhX6vJ75IAQkA3xgiQ73GezE4JScJb-6XmxD6UPog9Blaeysj-zu0Sw&#038;_nc_ht=scontent.fuio15-1.fna&#038;oh=14253a2d787d5ea75cb88e0f25a7631c&#038;oe=5E75862B\" \/><\/a><br \/><a href=\"https:\/\/scontent.fuio15-1.fna.fbcdn.net\/v\/t1.0-9\/67825377_1356269687861899_4848008089854541824_n.jpg?_nc_cat=102&#038;_nc_ohc=ftYvfQ-Sxb4AQl7f8YlW1OzeSp5IKdkR-fUT3hTxRz6UOBcNv4a2R_eyg&#038;_nc_ht=scontent.fuio15-1.fna&#038;oh=93109f22bf751fc26dbc08fe3acbae71&#038;oe=5E729E62\"><img decoding=\"async\" class=\"wp_automatic_fb_img\" title=\"\" src=\"https:\/\/scontent.fuio15-1.fna.fbcdn.net\/v\/t1.0-9\/67825377_1356269687861899_4848008089854541824_n.jpg?_nc_cat=102&#038;_nc_ohc=ftYvfQ-Sxb4AQl7f8YlW1OzeSp5IKdkR-fUT3hTxRz6UOBcNv4a2R_eyg&#038;_nc_ht=scontent.fuio15-1.fna&#038;oh=93109f22bf751fc26dbc08fe3acbae71&#038;oe=5E729E62\" \/><\/a><br \/><a href=\"https:\/\/scontent.fuio15-1.fna.fbcdn.net\/v\/t1.0-9\/67981999_1356269721195229_211237976359829504_n.jpg?_nc_cat=108&#038;_nc_ohc=yoDIafWQ78wAQk2qgakDuuAbeC7fHB3moPdckDh_DUGDvnI3acSJHaU1Q&#038;_nc_ht=scontent.fuio15-1.fna&#038;oh=88348fc41f09534d831e24d8d780dc9f&#038;oe=5EAC3D3F\"><img decoding=\"async\" class=\"wp_automatic_fb_img\" title=\"\" src=\"https:\/\/scontent.fuio15-1.fna.fbcdn.net\/v\/t1.0-9\/67981999_1356269721195229_211237976359829504_n.jpg?_nc_cat=108&#038;_nc_ohc=yoDIafWQ78wAQk2qgakDuuAbeC7fHB3moPdckDh_DUGDvnI3acSJHaU1Q&#038;_nc_ht=scontent.fuio15-1.fna&#038;oh=88348fc41f09534d831e24d8d780dc9f&#038;oe=5EAC3D3F\" \/><\/a><br \/><a href=\"https:\/\/scontent.fuio15-1.fna.fbcdn.net\/v\/t1.0-9\/67964186_1356269767861891_9198278213686525952_n.jpg?_nc_cat=100&#038;_nc_ohc=9uF76IS1PHYAQlqzRlCuMcI7u9amFPFFUlpDkN66d4WH1X6DAnaiP55vA&#038;_nc_ht=scontent.fuio15-1.fna&#038;oh=315e1637e6a68672605f6d468383410b&#038;oe=5E6B48FC\"><img decoding=\"async\" class=\"wp_automatic_fb_img\" title=\"\" src=\"https:\/\/scontent.fuio15-1.fna.fbcdn.net\/v\/t1.0-9\/67964186_1356269767861891_9198278213686525952_n.jpg?_nc_cat=100&#038;_nc_ohc=9uF76IS1PHYAQlqzRlCuMcI7u9amFPFFUlpDkN66d4WH1X6DAnaiP55vA&#038;_nc_ht=scontent.fuio15-1.fna&#038;oh=315e1637e6a68672605f6d468383410b&#038;oe=5E6B48FC\" \/><\/a><br \/><a href=\"https:\/\/scontent.fuio15-1.fna.fbcdn.net\/v\/t1.0-9\/68372456_1356269794528555_4134078954963206144_n.jpg?_nc_cat=103&#038;_nc_ohc=u_2TbyhHu58AQnB2ahRJXcb7WWUV4Fz_xZPAOZlUPWh1SrsC7rW-_SgOQ&#038;_nc_ht=scontent.fuio15-1.fna&#038;oh=b43014ba130d73f7d2dd315aeb77c5f5&#038;oe=5EAA2231\"><img decoding=\"async\" class=\"wp_automatic_fb_img\" title=\"\" src=\"https:\/\/scontent.fuio15-1.fna.fbcdn.net\/v\/t1.0-9\/68372456_1356269794528555_4134078954963206144_n.jpg?_nc_cat=103&#038;_nc_ohc=u_2TbyhHu58AQnB2ahRJXcb7WWUV4Fz_xZPAOZlUPWh1SrsC7rW-_SgOQ&#038;_nc_ht=scontent.fuio15-1.fna&#038;oh=b43014ba130d73f7d2dd315aeb77c5f5&#038;oe=5EAA2231\" \/><\/a><br \/><a href=\"https:\/\/scontent.fuio15-1.fna.fbcdn.net\/v\/t1.0-9\/68546011_1356269854528549_3403177251779379200_n.jpg?_nc_cat=111&#038;_nc_ohc=rlFXS0j_W5wAQmgTUSKsxMbApSBO4VbWs02-VKzzpVPt0bMuojM0KRs3w&#038;_nc_ht=scontent.fuio15-1.fna&#038;oh=372cd8e748abf9ae588493122c059d5a&#038;oe=5EA58B10\"><img decoding=\"async\" class=\"wp_automatic_fb_img\" title=\"\" src=\"https:\/\/scontent.fuio15-1.fna.fbcdn.net\/v\/t1.0-9\/68546011_1356269854528549_3403177251779379200_n.jpg?_nc_cat=111&#038;_nc_ohc=rlFXS0j_W5wAQmgTUSKsxMbApSBO4VbWs02-VKzzpVPt0bMuojM0KRs3w&#038;_nc_ht=scontent.fuio15-1.fna&#038;oh=372cd8e748abf9ae588493122c059d5a&#038;oe=5EA58B10\" \/><\/a><br \/><a href=\"https:\/\/scontent.fuio15-1.fna.fbcdn.net\/v\/t1.0-9\/68379254_1356269907861877_2530404515291594752_n.jpg?_nc_cat=104&#038;_nc_ohc=671xG9rWggsAQls7tMK6HX1JUhkoe7DPyS_scoE17ZMA7DGdNhfkK6wig&#038;_nc_ht=scontent.fuio15-1.fna&#038;oh=5c5bd5ab5c0bca42e0ecebd2fb2dd889&#038;oe=5E6E3EB1\"><img decoding=\"async\" class=\"wp_automatic_fb_img\" title=\"\" src=\"https:\/\/scontent.fuio15-1.fna.fbcdn.net\/v\/t1.0-9\/68379254_1356269907861877_2530404515291594752_n.jpg?_nc_cat=104&#038;_nc_ohc=671xG9rWggsAQls7tMK6HX1JUhkoe7DPyS_scoE17ZMA7DGdNhfkK6wig&#038;_nc_ht=scontent.fuio15-1.fna&#038;oh=5c5bd5ab5c0bca42e0ecebd2fb2dd889&#038;oe=5E6E3EB1\" \/><\/a><\/p>\n","protected":false},"author":1,"featured_media":1281,"comment_status":"open","ping_status":"open","sticky":false,"template":"","format":"standard","meta":[],"categories":[1],"tags":[467,468,470,173,469],"_links":{"self":[{"href":"https:\/\/bomberos.puyo.gob.ec\/2019\/wp-json\/wp\/v2\/posts\/1280"}],"collection":[{"href":"https:\/\/bomberos.puyo.gob.ec\/2019\/wp-json\/wp\/v2\/posts"}],"about":[{"href":"https:\/\/bomberos.puyo.gob.ec\/2019\/wp-json\/wp\/v2\/types\/post"}],"author":[{"embeddable":true,"href":"https:\/\/bomberos.puyo.gob.ec\/2019\/wp-json\/wp\/v2\/users\/1"}],"replies":[{"embeddable":true,"href":"https:\/\/bomberos.puyo.gob.ec\/2019\/wp-json\/wp\/v2\/comments?post=1280"}],"version-history":[{"count":1,"href":"https:\/\/bomberos.puyo.gob.ec\/2019\/wp-json\/wp\/v2\/posts\/1280\/revisions"}],"predecessor-version":[{"id":1282,"href":"https:\/\/bomberos.puyo.gob.ec\/2019\/wp-json\/wp\/v2\/posts\/1280\/revisions\/1282"}],"wp:featuredmedia":[{"embeddable":true,"href":"https:\/\/bomberos.puyo.gob.ec\/2019\/wp-json\/wp\/v2\/media\/1281"}],"wp:attachment":[{"href":"https:\/\/bomberos.puyo.gob.ec\/2019\/wp-json\/wp\/v2\/media?parent=1280"}],"wp:term":[{"taxonomy":"category","embeddable":true,"href":"https:\/\/bomberos.puyo.gob.ec\/2019\/wp-json\/wp\/v2\/categories?post=1280"},{"taxonomy":"post_tag","embeddable":true,"href":"https:\/\/bomberos.puyo.gob.ec\/2019\/wp-json\/wp\/v2\/tags?post=1280"}],"curies":[{"name":"wp","href":"https:\/\/api.w.org\/{rel}","templated":true}]}}