{"id":1274,"date":"2019-08-18T19:56:27","date_gmt":"2019-08-19T00:56:27","guid":{"rendered":"https:\/\/bomberos.puyo.gob.ec\/emergencia-acidentedetransito-el-personal-del-cuerpo-de-bomberos-de-pas\/"},"modified":"2019-12-26T01:57:19","modified_gmt":"2019-12-26T06:57:19","slug":"emergencia-acidentedetransito-el-personal-del-cuerpo-de-bomberos-de-pas","status":"publish","type":"post","link":"https:\/\/bomberos.puyo.gob.ec\/2019\/emergencia-acidentedetransito-el-personal-del-cuerpo-de-bomberos-de-pas\/","title":{"rendered":"|#Emergencia#| |#AcidenteDeTransito#|\n El personal del Cuerpo de Bomberos de Pas&#8230;"},"content":{"rendered":"<p>|<a class=\"_58cn\" href=\"https:\/\/facebook.com\/hashtag\/emergencia?source=feed_text&#038;epa=HASHTAG&#038;__xts__%5B0%5D=68.ARAoJ4omZeb31WmXejQkG6KylmMHZrFb8SWt3r34Xg5fDV5bIOZNukLbVpgf2gM80aveoLbvLVBBZ4O1tIDduSYARdQz3aUMIAfBF3WniHhMNqiytSpf73sNeHn5nLnz48yNcocRqGp9wpkHaOEcHD9s_S8CBokNLT7ko83qG5xbpe24v68_HFdku-B50TMIMIcF9GECpLYxeP1xWBMLolh8D9hqFk2NCMljCONoSct7B_ACkvMXqAesfsY1ebsruC4_8hxBakHWB2E3IT6D_Lc4Jo45B0IOFNDinaivgORR18cXX5gQbyMBGhzyyJ1P2TDLXh359W7wwPCdBoUi6FmqVQ&#038;__tn__=%2ANK-R\" data-ft=\"&#123;&quot;type&quot;:104,&quot;tn&quot;:&quot;*N&quot;&#125;\"><span class=\"_5afx\"><span aria-label=\"hashtag\" class=\"_58cl _5afz\">#Emergencia<\/span><\/span><\/a>#| |<a class=\"_58cn\" href=\"https:\/\/facebook.com\/hashtag\/acidentedetransito?source=feed_text&#038;epa=HASHTAG&#038;__xts__%5B0%5D=68.ARAoJ4omZeb31WmXejQkG6KylmMHZrFb8SWt3r34Xg5fDV5bIOZNukLbVpgf2gM80aveoLbvLVBBZ4O1tIDduSYARdQz3aUMIAfBF3WniHhMNqiytSpf73sNeHn5nLnz48yNcocRqGp9wpkHaOEcHD9s_S8CBokNLT7ko83qG5xbpe24v68_HFdku-B50TMIMIcF9GECpLYxeP1xWBMLolh8D9hqFk2NCMljCONoSct7B_ACkvMXqAesfsY1ebsruC4_8hxBakHWB2E3IT6D_Lc4Jo45B0IOFNDinaivgORR18cXX5gQbyMBGhzyyJ1P2TDLXh359W7wwPCdBoUi6FmqVQ&#038;__tn__=%2ANK-R\" data-ft=\"&#123;&quot;type&quot;:104,&quot;tn&quot;:&quot;*N&quot;&#125;\"><span class=\"_5afx\"><span aria-label=\"hashtag\" class=\"_58cl _5afz\">#AcidenteDeTransito<\/span><\/span><\/a>#|<\/p>\n<p> El personal del Cuerpo de Bomberos de Pastaza prest\u00f3 su apoyo al Cuerpo de Bomberos de Shell, para atender a un adulto de 41 a\u00f1os de edad, quien se accident\u00f3 en su motocicleta la noche de este viernes 16 de agosto en el sector de la Moravia, cant\u00f3n Mera. El herido presentaba politraumatismos. Los bomberos trasladaron al herido al Hospital Puyo.<\/p>\n<p><a href=\"https:\/\/bomberos.puyo.gob.ec\/2019\/wp-content\/uploads\/Emergencia-AcidenteDeTransito-El-personal-del-Cuerpo-de-Bomberos-de-Pas.fna&#038;oh=32d6b36ac93fd0ce15a4ff22725fe93d&#038;oe=5EA497BB.jpeg\"><img decoding=\"async\" class=\"wp_automatic_fb_img\" title=\"\" src=\"https:\/\/bomberos.puyo.gob.ec\/2019\/wp-content\/uploads\/Emergencia-AcidenteDeTransito-El-personal-del-Cuerpo-de-Bomberos-de-Pas.fna&#038;oh=32d6b36ac93fd0ce15a4ff22725fe93d&#038;oe=5EA497BB.jpeg\" \/><\/a><br \/><a href=\"https:\/\/bomberos.puyo.gob.ec\/2019\/wp-content\/uploads\/Emergencia-AcidenteDeTransito-El-personal-del-Cuerpo-de-Bomberos-de-Pas.fna&#038;oh=b7f3847150f30c15207b2d26312259ac&#038;oe=5E6B0EC2.jpeg\"><img decoding=\"async\" class=\"wp_automatic_fb_img\" title=\"\" src=\"https:\/\/bomberos.puyo.gob.ec\/2019\/wp-content\/uploads\/Emergencia-AcidenteDeTransito-El-personal-del-Cuerpo-de-Bomberos-de-Pas.fna&#038;oh=b7f3847150f30c15207b2d26312259ac&#038;oe=5E6B0EC2.jpeg\" \/><\/a><br \/><a href=\"https:\/\/bomberos.puyo.gob.ec\/2019\/wp-content\/uploads\/Emergencia-AcidenteDeTransito-El-personal-del-Cuerpo-de-Bomberos-de-Pas.fna&#038;oh=7037c685ce3011dd80269481442e9336&#038;oe=5E6F7F5A.jpeg\"><img decoding=\"async\" class=\"wp_automatic_fb_img\" title=\"\" src=\"https:\/\/bomberos.puyo.gob.ec\/2019\/wp-content\/uploads\/Emergencia-AcidenteDeTransito-El-personal-del-Cuerpo-de-Bomberos-de-Pas.fna&#038;oh=7037c685ce3011dd80269481442e9336&#038;oe=5E6F7F5A.jpeg\" \/><\/a><br \/>\n<br \/><a href=\"https:\/\/www.facebook.com\/465093860312824\/posts\/1359240754231459\">en facebook&#8230; <\/a>  <\/p>\n","protected":false},"excerpt":{"rendered":"<p>|<a class=\"_58cn\" href=\"https:\/\/facebook.com\/hashtag\/emergencia?source=feed_text&#038;epa=HASHTAG&#038;__xts__%5B0%5D=68.ARAoJ4omZeb31WmXejQkG6KylmMHZrFb8SWt3r34Xg5fDV5bIOZNukLbVpgf2gM80aveoLbvLVBBZ4O1tIDduSYARdQz3aUMIAfBF3WniHhMNqiytSpf73sNeHn5nLnz48yNcocRqGp9wpkHaOEcHD9s_S8CBokNLT7ko83qG5xbpe24v68_HFdku-B50TMIMIcF9GECpLYxeP1xWBMLolh8D9hqFk2NCMljCONoSct7B_ACkvMXqAesfsY1ebsruC4_8hxBakHWB2E3IT6D_Lc4Jo45B0IOFNDinaivgORR18cXX5gQbyMBGhzyyJ1P2TDLXh359W7wwPCdBoUi6FmqVQ&#038;__tn__=%2ANK-R\" data-ft=\"&#123;&quot;type&quot;:104,&quot;tn&quot;:&quot;*N&quot;&#125;\"><span class=\"_5afx\"><span aria-label=\"hashtag\" class=\"_58cl _5afz\">#Emergencia<\/span><\/span><\/a>#| |<a class=\"_58cn\" href=\"https:\/\/facebook.com\/hashtag\/acidentedetransito?source=feed_text&#038;epa=HASHTAG&#038;__xts__%5B0%5D=68.ARAoJ4omZeb31WmXejQkG6KylmMHZrFb8SWt3r34Xg5fDV5bIOZNukLbVpgf2gM80aveoLbvLVBBZ4O1tIDduSYARdQz3aUMIAfBF3WniHhMNqiytSpf73sNeHn5nLnz48yNcocRqGp9wpkHaOEcHD9s_S8CBokNLT7ko83qG5xbpe24v68_HFdku-B50TMIMIcF9GECpLYxeP1xWBMLolh8D9hqFk2NCMljCONoSct7B_ACkvMXqAesfsY1ebsruC4_8hxBakHWB2E3IT6D_Lc4Jo45B0IOFNDinaivgORR18cXX5gQbyMBGhzyyJ1P2TDLXh359W7wwPCdBoUi6FmqVQ&#038;__tn__=%2ANK-R\" data-ft=\"&#123;&quot;type&quot;:104,&quot;tn&quot;:&quot;*N&quot;&#125;\"><span class=\"_5afx\"><span aria-label=\"hashtag\" class=\"_58cl _5afz\">#AcidenteDeTransito<\/span><\/span><\/a>#|<\/p>\n<p> El personal del Cuerpo de Bomberos de Pastaza prest\u00f3 su apoyo al Cuerpo de Bomberos de Shell, para atender a un adulto de 41 a\u00f1os de edad, quien se accident\u00f3 en su motocicleta la noche de este viernes 16 de agosto en el sector de la Moravia, cant\u00f3n Mera. El herido presentaba politraumatismos. Los bomberos trasladaron al herido al Hospital Puyo.<\/p>\n<p><a href=\"https:\/\/scontent.fuio15-1.fna.fbcdn.net\/v\/t1.0-9\/68526818_1359240687564799_3807574716487565312_n.jpg?_nc_cat=101&#038;_nc_ohc=R63nyyyt_IQAQltnOXjFGw-unR7r5xqklOVuoj7gkQ2iO5Dkf13KM-OYg&#038;_nc_ht=scontent.fuio15-1.fna&#038;oh=32d6b36ac93fd0ce15a4ff22725fe93d&#038;oe=5EA497BB\"><img decoding=\"async\" class=\"wp_automatic_fb_img\" title=\"\" src=\"https:\/\/scontent.fuio15-1.fna.fbcdn.net\/v\/t1.0-9\/68526818_1359240687564799_3807574716487565312_n.jpg?_nc_cat=101&#038;_nc_ohc=R63nyyyt_IQAQltnOXjFGw-unR7r5xqklOVuoj7gkQ2iO5Dkf13KM-OYg&#038;_nc_ht=scontent.fuio15-1.fna&#038;oh=32d6b36ac93fd0ce15a4ff22725fe93d&#038;oe=5EA497BB\" \/><\/a><br \/><a href=\"https:\/\/scontent.fuio15-1.fna.fbcdn.net\/v\/t1.0-9\/69335947_1359240710898130_1913847782263750656_n.jpg?_nc_cat=100&#038;_nc_ohc=NBKnoO5TadIAQnNK13L9Jorq9qAjLytmyTKtBDhjQjamb4giEuJ2N6M_Q&#038;_nc_ht=scontent.fuio15-1.fna&#038;oh=b7f3847150f30c15207b2d26312259ac&#038;oe=5E6B0EC2\"><img decoding=\"async\" class=\"wp_automatic_fb_img\" title=\"\" src=\"https:\/\/scontent.fuio15-1.fna.fbcdn.net\/v\/t1.0-9\/69335947_1359240710898130_1913847782263750656_n.jpg?_nc_cat=100&#038;_nc_ohc=NBKnoO5TadIAQnNK13L9Jorq9qAjLytmyTKtBDhjQjamb4giEuJ2N6M_Q&#038;_nc_ht=scontent.fuio15-1.fna&#038;oh=b7f3847150f30c15207b2d26312259ac&#038;oe=5E6B0EC2\" \/><\/a><br \/><a href=\"https:\/\/scontent.fuio15-1.fna.fbcdn.net\/v\/t1.0-9\/68475017_1359240730898128_7143096694232580096_n.jpg?_nc_cat=111&#038;_nc_ohc=1H0Kt9oAfS8AQlbeaE_V9gAnV_dessdmQ_xseI6dDafTreMulukgDM2CA&#038;_nc_ht=scontent.fuio15-1.fna&#038;oh=7037c685ce3011dd80269481442e9336&#038;oe=5E6F7F5A\"><img decoding=\"async\" class=\"wp_automatic_fb_img\" title=\"\" src=\"https:\/\/scontent.fuio15-1.fna.fbcdn.net\/v\/t1.0-9\/68475017_1359240730898128_7143096694232580096_n.jpg?_nc_cat=111&#038;_nc_ohc=1H0Kt9oAfS8AQlbeaE_V9gAnV_dessdmQ_xseI6dDafTreMulukgDM2CA&#038;_nc_ht=scontent.fuio15-1.fna&#038;oh=7037c685ce3011dd80269481442e9336&#038;oe=5E6F7F5A\" \/><\/a><\/p>\n","protected":false},"author":1,"featured_media":1275,"comment_status":"open","ping_status":"open","sticky":false,"template":"","format":"standard","meta":[],"categories":[1],"tags":[465,73,64,32,182,466,34],"_links":{"self":[{"href":"https:\/\/bomberos.puyo.gob.ec\/2019\/wp-json\/wp\/v2\/posts\/1274"}],"collection":[{"href":"https:\/\/bomberos.puyo.gob.ec\/2019\/wp-json\/wp\/v2\/posts"}],"about":[{"href":"https:\/\/bomberos.puyo.gob.ec\/2019\/wp-json\/wp\/v2\/types\/post"}],"author":[{"embeddable":true,"href":"https:\/\/bomberos.puyo.gob.ec\/2019\/wp-json\/wp\/v2\/users\/1"}],"replies":[{"embeddable":true,"href":"https:\/\/bomberos.puyo.gob.ec\/2019\/wp-json\/wp\/v2\/comments?post=1274"}],"version-history":[{"count":1,"href":"https:\/\/bomberos.puyo.gob.ec\/2019\/wp-json\/wp\/v2\/posts\/1274\/revisions"}],"predecessor-version":[{"id":1276,"href":"https:\/\/bomberos.puyo.gob.ec\/2019\/wp-json\/wp\/v2\/posts\/1274\/revisions\/1276"}],"wp:featuredmedia":[{"embeddable":true,"href":"https:\/\/bomberos.puyo.gob.ec\/2019\/wp-json\/wp\/v2\/media\/1275"}],"wp:attachment":[{"href":"https:\/\/bomberos.puyo.gob.ec\/2019\/wp-json\/wp\/v2\/media?parent=1274"}],"wp:term":[{"taxonomy":"category","embeddable":true,"href":"https:\/\/bomberos.puyo.gob.ec\/2019\/wp-json\/wp\/v2\/categories?post=1274"},{"taxonomy":"post_tag","embeddable":true,"href":"https:\/\/bomberos.puyo.gob.ec\/2019\/wp-json\/wp\/v2\/tags?post=1274"}],"curies":[{"name":"wp","href":"https:\/\/api.w.org\/{rel}","templated":true}]}}