{"id":1268,"date":"2019-08-18T20:03:10","date_gmt":"2019-08-19T01:03:10","guid":{"rendered":"https:\/\/bomberos.puyo.gob.ec\/emergenciaincendioestructural-la-madrugada-de-este-domingo-18-de-agosto\/"},"modified":"2019-12-25T22:51:40","modified_gmt":"2019-12-26T03:51:40","slug":"emergenciaincendioestructural-la-madrugada-de-este-domingo-18-de-agosto","status":"publish","type":"post","link":"https:\/\/bomberos.puyo.gob.ec\/2019\/emergenciaincendioestructural-la-madrugada-de-este-domingo-18-de-agosto\/","title":{"rendered":"|#EMERGENCIA#||#IncendioEstructural#|\n La madrugada de este domingo 18 de agosto&#8230;"},"content":{"rendered":"<p>|<a class=\"_58cn\" href=\"https:\/\/facebook.com\/hashtag\/emergencia?source=feed_text&#038;epa=HASHTAG&#038;__xts__%5B0%5D=68.ARBQHMa-uetzOuWgzDqlKtzNGewTPAYrKeEeifHfOFmF2ryPVAiIc0lDz12uYq3SMTNnYFxGHSlLI5pBU_oSxo_-QXi78B0b8TqRU0jg8dPE9mcjLoQDum0Npah84e3VPsJ7rtgQtghrs5_BLvtzF4uRmM4-CrVXl-7XnqHP5nBo6JJ3xkIP-2IjQZhdD8q194ZVm5w8JGFfmHgyBcAxJjR0OO4VCNDpiQP_tmylb9ogxZd2L8l2iB8BcovAg9yajkPM6XnZWBtxO0k689Ej6RSwPlLKvK5HiNsA5Tknr1Dx2m1ooHtABZV6tB3gXJbABQhV_KQ4A48p2NkGIerCrYvERA&#038;__tn__=%2ANK-R\" data-ft=\"&#123;&quot;type&quot;:104,&quot;tn&quot;:&quot;*N&quot;&#125;\"><span class=\"_5afx\"><span aria-label=\"hashtag\" class=\"_58cl _5afz\">#EMERGENCIA<\/span><\/span><\/a>#||<a class=\"_58cn\" href=\"https:\/\/facebook.com\/hashtag\/incendioestructural?source=feed_text&#038;epa=HASHTAG&#038;__xts__%5B0%5D=68.ARBQHMa-uetzOuWgzDqlKtzNGewTPAYrKeEeifHfOFmF2ryPVAiIc0lDz12uYq3SMTNnYFxGHSlLI5pBU_oSxo_-QXi78B0b8TqRU0jg8dPE9mcjLoQDum0Npah84e3VPsJ7rtgQtghrs5_BLvtzF4uRmM4-CrVXl-7XnqHP5nBo6JJ3xkIP-2IjQZhdD8q194ZVm5w8JGFfmHgyBcAxJjR0OO4VCNDpiQP_tmylb9ogxZd2L8l2iB8BcovAg9yajkPM6XnZWBtxO0k689Ej6RSwPlLKvK5HiNsA5Tknr1Dx2m1ooHtABZV6tB3gXJbABQhV_KQ4A48p2NkGIerCrYvERA&#038;__tn__=%2ANK-R\" data-ft=\"&#123;&quot;type&quot;:104,&quot;tn&quot;:&quot;*N&quot;&#125;\"><span class=\"_5afx\"><span aria-label=\"hashtag\" class=\"_58cl _5afz\">#IncendioEstructural<\/span><\/span><\/a>#|<\/p>\n<p> La madrugada de este domingo 18 de agosto, el personal del Cuerpo de Bomberos recibi\u00f3 el reporte del Ecu911, de un incendio estructural  frente a la Cooperativa de la Polic\u00eda Nacional. En  el lugar los efectivos rescataron del segundo piso a una mujer de 30 a\u00f1os y  a su mascota felina. Posteriormente se sofoca el incendio. El incendio se gener\u00f3 en una habitaci\u00f3n improvisada(garaje ), la misma que result\u00f3 afectada en su totalidad sin p\u00e9rdidas humanas.<\/p>\n<p><a href=\"https:\/\/bomberos.puyo.gob.ec\/2019\/wp-content\/uploads\/EMERGENCIAIncendioEstructural-La-madrugada-de-este-domingo-18-de-agosto.fna&#038;oh=4df5c8444d30601b1aaabc50db456433&#038;oe=5E6DA195.jpeg\"><img decoding=\"async\" class=\"wp_automatic_fb_img\" title=\"\" src=\"https:\/\/bomberos.puyo.gob.ec\/2019\/wp-content\/uploads\/EMERGENCIAIncendioEstructural-La-madrugada-de-este-domingo-18-de-agosto.fna&#038;oh=4df5c8444d30601b1aaabc50db456433&#038;oe=5E6DA195.jpeg\" \/><\/a><br \/><a href=\"https:\/\/bomberos.puyo.gob.ec\/2019\/wp-content\/uploads\/EMERGENCIAIncendioEstructural-La-madrugada-de-este-domingo-18-de-agosto.fna&#038;oh=c42eec142bdb52220e40c9b83ab9332e&#038;oe=5E6E4ACC.jpeg\"><img decoding=\"async\" class=\"wp_automatic_fb_img\" title=\"\" src=\"https:\/\/bomberos.puyo.gob.ec\/2019\/wp-content\/uploads\/EMERGENCIAIncendioEstructural-La-madrugada-de-este-domingo-18-de-agosto.fna&#038;oh=c42eec142bdb52220e40c9b83ab9332e&#038;oe=5E6E4ACC.jpeg\" \/><\/a><br \/><a href=\"https:\/\/bomberos.puyo.gob.ec\/2019\/wp-content\/uploads\/EMERGENCIAIncendioEstructural-La-madrugada-de-este-domingo-18-de-agosto.fna&#038;oh=5f74d357e8476d1bed96eb0c40ef8992&#038;oe=5E67E10C.jpeg\"><img decoding=\"async\" class=\"wp_automatic_fb_img\" title=\"\" src=\"https:\/\/bomberos.puyo.gob.ec\/2019\/wp-content\/uploads\/EMERGENCIAIncendioEstructural-La-madrugada-de-este-domingo-18-de-agosto.fna&#038;oh=5f74d357e8476d1bed96eb0c40ef8992&#038;oe=5E67E10C.jpeg\" \/><\/a><br \/><a href=\"https:\/\/bomberos.puyo.gob.ec\/2019\/wp-content\/uploads\/EMERGENCIAIncendioEstructural-La-madrugada-de-este-domingo-18-de-agosto.fna&#038;oh=a9f0eb25ee02c2b73e0946988a0fd81a&#038;oe=5E9F92D2.jpeg\"><img decoding=\"async\" class=\"wp_automatic_fb_img\" title=\"\" src=\"https:\/\/bomberos.puyo.gob.ec\/2019\/wp-content\/uploads\/EMERGENCIAIncendioEstructural-La-madrugada-de-este-domingo-18-de-agosto.fna&#038;oh=a9f0eb25ee02c2b73e0946988a0fd81a&#038;oe=5E9F92D2.jpeg\" \/><\/a><br \/><a href=\"https:\/\/bomberos.puyo.gob.ec\/2019\/wp-content\/uploads\/EMERGENCIAIncendioEstructural-La-madrugada-de-este-domingo-18-de-agosto.fna&#038;oh=2c3dc121cead6d31333ab7c5d25636c9&#038;oe=5E6D22EE.jpeg\"><img decoding=\"async\" class=\"wp_automatic_fb_img\" title=\"\" src=\"https:\/\/bomberos.puyo.gob.ec\/2019\/wp-content\/uploads\/EMERGENCIAIncendioEstructural-La-madrugada-de-este-domingo-18-de-agosto.fna&#038;oh=2c3dc121cead6d31333ab7c5d25636c9&#038;oe=5E6D22EE.jpeg\" \/><\/a><br \/><a href=\"https:\/\/bomberos.puyo.gob.ec\/2019\/wp-content\/uploads\/EMERGENCIAIncendioEstructural-La-madrugada-de-este-domingo-18-de-agosto.fna&#038;oh=a81d32a08eba028cf06f3de72b0edf51&#038;oe=5E6BD7AA.jpeg\"><img decoding=\"async\" class=\"wp_automatic_fb_img\" title=\"\" src=\"https:\/\/bomberos.puyo.gob.ec\/2019\/wp-content\/uploads\/EMERGENCIAIncendioEstructural-La-madrugada-de-este-domingo-18-de-agosto.fna&#038;oh=a81d32a08eba028cf06f3de72b0edf51&#038;oe=5E6BD7AA.jpeg\" \/><\/a><br \/><a href=\"https:\/\/bomberos.puyo.gob.ec\/2019\/wp-content\/uploads\/EMERGENCIAIncendioEstructural-La-madrugada-de-este-domingo-18-de-agosto.fna&#038;oh=db34687a1af5bb9111b0f32be23013c7&#038;oe=5EA62E58.jpeg\"><img decoding=\"async\" class=\"wp_automatic_fb_img\" title=\"\" src=\"https:\/\/bomberos.puyo.gob.ec\/2019\/wp-content\/uploads\/EMERGENCIAIncendioEstructural-La-madrugada-de-este-domingo-18-de-agosto.fna&#038;oh=db34687a1af5bb9111b0f32be23013c7&#038;oe=5EA62E58.jpeg\" \/><\/a><br \/><a href=\"https:\/\/bomberos.puyo.gob.ec\/2019\/wp-content\/uploads\/EMERGENCIAIncendioEstructural-La-madrugada-de-este-domingo-18-de-agosto.fna&#038;oh=c5ec29e9f37a01aa2bc05cab961aa965&#038;oe=5EA3B06A.jpeg\"><img decoding=\"async\" class=\"wp_automatic_fb_img\" title=\"\" src=\"https:\/\/bomberos.puyo.gob.ec\/2019\/wp-content\/uploads\/EMERGENCIAIncendioEstructural-La-madrugada-de-este-domingo-18-de-agosto.fna&#038;oh=c5ec29e9f37a01aa2bc05cab961aa965&#038;oe=5EA3B06A.jpeg\" \/><\/a><br \/><a href=\"https:\/\/bomberos.puyo.gob.ec\/2019\/wp-content\/uploads\/EMERGENCIAIncendioEstructural-La-madrugada-de-este-domingo-18-de-agosto.fna&#038;oh=f12d3a7b6f990e06e5a1adfc280b40d4&#038;oe=5EB03C56.jpeg\"><img decoding=\"async\" class=\"wp_automatic_fb_img\" title=\"\" src=\"https:\/\/bomberos.puyo.gob.ec\/2019\/wp-content\/uploads\/EMERGENCIAIncendioEstructural-La-madrugada-de-este-domingo-18-de-agosto.fna&#038;oh=f12d3a7b6f990e06e5a1adfc280b40d4&#038;oe=5EB03C56.jpeg\" \/><\/a><br \/><a href=\"https:\/\/bomberos.puyo.gob.ec\/2019\/wp-content\/uploads\/EMERGENCIAIncendioEstructural-La-madrugada-de-este-domingo-18-de-agosto.fna&#038;oh=5b47c8faade4712f2df8961b19b27897&#038;oe=5EA35741.jpeg\"><img decoding=\"async\" class=\"wp_automatic_fb_img\" title=\"\" src=\"https:\/\/bomberos.puyo.gob.ec\/2019\/wp-content\/uploads\/EMERGENCIAIncendioEstructural-La-madrugada-de-este-domingo-18-de-agosto.fna&#038;oh=5b47c8faade4712f2df8961b19b27897&#038;oe=5EA35741.jpeg\" \/><\/a><br \/><a href=\"https:\/\/bomberos.puyo.gob.ec\/2019\/wp-content\/uploads\/EMERGENCIAIncendioEstructural-La-madrugada-de-este-domingo-18-de-agosto.fna&#038;oh=5071399a53801076d843347b11c35d56&#038;oe=5EAC9544.jpeg\"><img decoding=\"async\" class=\"wp_automatic_fb_img\" title=\"\" src=\"https:\/\/bomberos.puyo.gob.ec\/2019\/wp-content\/uploads\/EMERGENCIAIncendioEstructural-La-madrugada-de-este-domingo-18-de-agosto.fna&#038;oh=5071399a53801076d843347b11c35d56&#038;oe=5EAC9544.jpeg\" \/><\/a><br \/><a href=\"https:\/\/bomberos.puyo.gob.ec\/2019\/wp-content\/uploads\/EMERGENCIAIncendioEstructural-La-madrugada-de-este-domingo-18-de-agosto.fna&#038;oh=846b266f353250d98eadce837793727d&#038;oe=5E6FB09F.jpeg\"><img decoding=\"async\" class=\"wp_automatic_fb_img\" title=\"\" src=\"https:\/\/bomberos.puyo.gob.ec\/2019\/wp-content\/uploads\/EMERGENCIAIncendioEstructural-La-madrugada-de-este-domingo-18-de-agosto.fna&#038;oh=846b266f353250d98eadce837793727d&#038;oe=5E6FB09F.jpeg\" \/><\/a><br \/><a href=\"https:\/\/bomberos.puyo.gob.ec\/2019\/wp-content\/uploads\/EMERGENCIAIncendioEstructural-La-madrugada-de-este-domingo-18-de-agosto.fna&#038;oh=b686eb52fd58a0a1984fd900dc1ff3c4&#038;oe=5EB46C32.jpeg\"><img decoding=\"async\" class=\"wp_automatic_fb_img\" title=\"\" src=\"https:\/\/bomberos.puyo.gob.ec\/2019\/wp-content\/uploads\/EMERGENCIAIncendioEstructural-La-madrugada-de-este-domingo-18-de-agosto.fna&#038;oh=b686eb52fd58a0a1984fd900dc1ff3c4&#038;oe=5EB46C32.jpeg\" \/><\/a><br \/>\n<br \/><a href=\"https:\/\/www.facebook.com\/465093860312824\/posts\/1359244744231060\">en facebook&#8230; <\/a>  <\/p>\n","protected":false},"excerpt":{"rendered":"<p>|<a class=\"_58cn\" href=\"https:\/\/facebook.com\/hashtag\/emergencia?source=feed_text&#038;epa=HASHTAG&#038;__xts__%5B0%5D=68.ARBQHMa-uetzOuWgzDqlKtzNGewTPAYrKeEeifHfOFmF2ryPVAiIc0lDz12uYq3SMTNnYFxGHSlLI5pBU_oSxo_-QXi78B0b8TqRU0jg8dPE9mcjLoQDum0Npah84e3VPsJ7rtgQtghrs5_BLvtzF4uRmM4-CrVXl-7XnqHP5nBo6JJ3xkIP-2IjQZhdD8q194ZVm5w8JGFfmHgyBcAxJjR0OO4VCNDpiQP_tmylb9ogxZd2L8l2iB8BcovAg9yajkPM6XnZWBtxO0k689Ej6RSwPlLKvK5HiNsA5Tknr1Dx2m1ooHtABZV6tB3gXJbABQhV_KQ4A48p2NkGIerCrYvERA&#038;__tn__=%2ANK-R\" data-ft=\"&#123;&quot;type&quot;:104,&quot;tn&quot;:&quot;*N&quot;&#125;\"><span class=\"_5afx\"><span aria-label=\"hashtag\" class=\"_58cl _5afz\">#EMERGENCIA<\/span><\/span><\/a>#||<a class=\"_58cn\" href=\"https:\/\/facebook.com\/hashtag\/incendioestructural?source=feed_text&#038;epa=HASHTAG&#038;__xts__%5B0%5D=68.ARBQHMa-uetzOuWgzDqlKtzNGewTPAYrKeEeifHfOFmF2ryPVAiIc0lDz12uYq3SMTNnYFxGHSlLI5pBU_oSxo_-QXi78B0b8TqRU0jg8dPE9mcjLoQDum0Npah84e3VPsJ7rtgQtghrs5_BLvtzF4uRmM4-CrVXl-7XnqHP5nBo6JJ3xkIP-2IjQZhdD8q194ZVm5w8JGFfmHgyBcAxJjR0OO4VCNDpiQP_tmylb9ogxZd2L8l2iB8BcovAg9yajkPM6XnZWBtxO0k689Ej6RSwPlLKvK5HiNsA5Tknr1Dx2m1ooHtABZV6tB3gXJbABQhV_KQ4A48p2NkGIerCrYvERA&#038;__tn__=%2ANK-R\" data-ft=\"&#123;&quot;type&quot;:104,&quot;tn&quot;:&quot;*N&quot;&#125;\"><span class=\"_5afx\"><span aria-label=\"hashtag\" class=\"_58cl _5afz\">#IncendioEstructural<\/span><\/span><\/a>#|<\/p>\n<p> La madrugada de este domingo 18 de agosto, el personal del Cuerpo de Bomberos recibi\u00f3 el reporte del Ecu911, de un incendio estructural  frente a la Cooperativa de la Polic\u00eda Nacional. En  el lugar los efectivos rescataron del segundo piso a una mujer de 30 a\u00f1os y  a su mascota felina. Posteriormente se sofoca el incendio. El incendio se gener\u00f3 en una habitaci\u00f3n improvisada(garaje ), la misma que result\u00f3 afectada en su totalidad sin p\u00e9rdidas humanas.<\/p>\n<p><a href=\"https:\/\/scontent.fuio15-1.fna.fbcdn.net\/v\/t1.0-9\/68844336_1359244377564430_7384837296400367616_n.jpg?_nc_cat=103&#038;_nc_ohc=U6XgY_7oTzsAQmaaNZoTB4Jtb-xU94c_mwVjf72F2e1_eW7deiKqW5Hlg&#038;_nc_ht=scontent.fuio15-1.fna&#038;oh=4df5c8444d30601b1aaabc50db456433&#038;oe=5E6DA195\"><img decoding=\"async\" class=\"wp_automatic_fb_img\" title=\"\" src=\"https:\/\/scontent.fuio15-1.fna.fbcdn.net\/v\/t1.0-9\/68844336_1359244377564430_7384837296400367616_n.jpg?_nc_cat=103&#038;_nc_ohc=U6XgY_7oTzsAQmaaNZoTB4Jtb-xU94c_mwVjf72F2e1_eW7deiKqW5Hlg&#038;_nc_ht=scontent.fuio15-1.fna&#038;oh=4df5c8444d30601b1aaabc50db456433&#038;oe=5E6DA195\" \/><\/a><br \/><a href=\"https:\/\/scontent.fuio15-1.fna.fbcdn.net\/v\/t1.0-9\/68485560_1359244404231094_4315152160527482880_n.jpg?_nc_cat=106&#038;_nc_ohc=ouowDUDtJGIAQli86zr9IDQkU0nX4T3tABcN5jXu6sn7d4SdrnX0T0YXQ&#038;_nc_ht=scontent.fuio15-1.fna&#038;oh=c42eec142bdb52220e40c9b83ab9332e&#038;oe=5E6E4ACC\"><img decoding=\"async\" class=\"wp_automatic_fb_img\" title=\"\" src=\"https:\/\/scontent.fuio15-1.fna.fbcdn.net\/v\/t1.0-9\/68485560_1359244404231094_4315152160527482880_n.jpg?_nc_cat=106&#038;_nc_ohc=ouowDUDtJGIAQli86zr9IDQkU0nX4T3tABcN5jXu6sn7d4SdrnX0T0YXQ&#038;_nc_ht=scontent.fuio15-1.fna&#038;oh=c42eec142bdb52220e40c9b83ab9332e&#038;oe=5E6E4ACC\" \/><\/a><br \/><a href=\"https:\/\/scontent.fuio15-1.fna.fbcdn.net\/v\/t1.0-9\/68336821_1359244430897758_6950129263936798720_n.jpg?_nc_cat=104&#038;_nc_ohc=tKL4ci8LnA0AQl7nx_QLwWFS_lPhONd9hchuEmD17FxSgj3Kdhc4O0DWA&#038;_nc_ht=scontent.fuio15-1.fna&#038;oh=5f74d357e8476d1bed96eb0c40ef8992&#038;oe=5E67E10C\"><img decoding=\"async\" class=\"wp_automatic_fb_img\" title=\"\" src=\"https:\/\/scontent.fuio15-1.fna.fbcdn.net\/v\/t1.0-9\/68336821_1359244430897758_6950129263936798720_n.jpg?_nc_cat=104&#038;_nc_ohc=tKL4ci8LnA0AQl7nx_QLwWFS_lPhONd9hchuEmD17FxSgj3Kdhc4O0DWA&#038;_nc_ht=scontent.fuio15-1.fna&#038;oh=5f74d357e8476d1bed96eb0c40ef8992&#038;oe=5E67E10C\" \/><\/a><br \/><a href=\"https:\/\/scontent.fuio15-1.fna.fbcdn.net\/v\/t1.0-9\/68417702_1359244467564421_6061829911436328960_n.jpg?_nc_cat=106&#038;_nc_ohc=Bt8TKR6iCaQAQmtFWC-vaw8fgAnUhwhsQLAdmXIMdhDyNKbYvvsS-4DRw&#038;_nc_ht=scontent.fuio15-1.fna&#038;oh=a9f0eb25ee02c2b73e0946988a0fd81a&#038;oe=5E9F92D2\"><img decoding=\"async\" class=\"wp_automatic_fb_img\" title=\"\" src=\"https:\/\/scontent.fuio15-1.fna.fbcdn.net\/v\/t1.0-9\/68417702_1359244467564421_6061829911436328960_n.jpg?_nc_cat=106&#038;_nc_ohc=Bt8TKR6iCaQAQmtFWC-vaw8fgAnUhwhsQLAdmXIMdhDyNKbYvvsS-4DRw&#038;_nc_ht=scontent.fuio15-1.fna&#038;oh=a9f0eb25ee02c2b73e0946988a0fd81a&#038;oe=5E9F92D2\" \/><\/a><br \/><a href=\"https:\/\/scontent.fuio15-1.fna.fbcdn.net\/v\/t1.0-9\/69100441_1359244510897750_6921377326928232448_n.jpg?_nc_cat=105&#038;_nc_ohc=EPrH2W05qgwAQl6zN0xBA9RtNNmyvReiikqJAAB6u21x88tXsKs7Ea8Mw&#038;_nc_ht=scontent.fuio15-1.fna&#038;oh=2c3dc121cead6d31333ab7c5d25636c9&#038;oe=5E6D22EE\"><img decoding=\"async\" class=\"wp_automatic_fb_img\" title=\"\" src=\"https:\/\/scontent.fuio15-1.fna.fbcdn.net\/v\/t1.0-9\/69100441_1359244510897750_6921377326928232448_n.jpg?_nc_cat=105&#038;_nc_ohc=EPrH2W05qgwAQl6zN0xBA9RtNNmyvReiikqJAAB6u21x88tXsKs7Ea8Mw&#038;_nc_ht=scontent.fuio15-1.fna&#038;oh=2c3dc121cead6d31333ab7c5d25636c9&#038;oe=5E6D22EE\" \/><\/a><br \/><a href=\"https:\/\/scontent.fuio15-1.fna.fbcdn.net\/v\/t1.0-9\/68465819_1359244530897748_2812792967121600512_n.jpg?_nc_cat=102&#038;_nc_ohc=xSqg_bY0a2oAQnaUxunESstiIOXV6lAEKN8dY9oSqP7g01X1lg_1Pk-3w&#038;_nc_ht=scontent.fuio15-1.fna&#038;oh=a81d32a08eba028cf06f3de72b0edf51&#038;oe=5E6BD7AA\"><img decoding=\"async\" class=\"wp_automatic_fb_img\" title=\"\" src=\"https:\/\/scontent.fuio15-1.fna.fbcdn.net\/v\/t1.0-9\/68465819_1359244530897748_2812792967121600512_n.jpg?_nc_cat=102&#038;_nc_ohc=xSqg_bY0a2oAQnaUxunESstiIOXV6lAEKN8dY9oSqP7g01X1lg_1Pk-3w&#038;_nc_ht=scontent.fuio15-1.fna&#038;oh=a81d32a08eba028cf06f3de72b0edf51&#038;oe=5E6BD7AA\" \/><\/a><br \/><a href=\"https:\/\/scontent.fuio15-1.fna.fbcdn.net\/v\/t1.0-9\/69148596_1359244547564413_384946043155906560_n.jpg?_nc_cat=109&#038;_nc_ohc=pARgp74tWVQAQnoMahcukbJus9yb8h125yxhyr-HfBp9xrUpsEqdOFDBA&#038;_nc_ht=scontent.fuio15-1.fna&#038;oh=db34687a1af5bb9111b0f32be23013c7&#038;oe=5EA62E58\"><img decoding=\"async\" class=\"wp_automatic_fb_img\" title=\"\" src=\"https:\/\/scontent.fuio15-1.fna.fbcdn.net\/v\/t1.0-9\/69148596_1359244547564413_384946043155906560_n.jpg?_nc_cat=109&#038;_nc_ohc=pARgp74tWVQAQnoMahcukbJus9yb8h125yxhyr-HfBp9xrUpsEqdOFDBA&#038;_nc_ht=scontent.fuio15-1.fna&#038;oh=db34687a1af5bb9111b0f32be23013c7&#038;oe=5EA62E58\" \/><\/a><br \/><a href=\"https:\/\/scontent.fuio15-1.fna.fbcdn.net\/v\/t1.0-9\/68845642_1359244577564410_7019758535005175808_n.jpg?_nc_cat=107&#038;_nc_ohc=z9cClBrVoecAQkAslIgtYFuM0ClJbKgFS6rznw5QkF3DzVaVhRjH-hOpQ&#038;_nc_ht=scontent.fuio15-1.fna&#038;oh=c5ec29e9f37a01aa2bc05cab961aa965&#038;oe=5EA3B06A\"><img decoding=\"async\" class=\"wp_automatic_fb_img\" title=\"\" src=\"https:\/\/scontent.fuio15-1.fna.fbcdn.net\/v\/t1.0-9\/68845642_1359244577564410_7019758535005175808_n.jpg?_nc_cat=107&#038;_nc_ohc=z9cClBrVoecAQkAslIgtYFuM0ClJbKgFS6rznw5QkF3DzVaVhRjH-hOpQ&#038;_nc_ht=scontent.fuio15-1.fna&#038;oh=c5ec29e9f37a01aa2bc05cab961aa965&#038;oe=5EA3B06A\" \/><\/a><br \/><a href=\"https:\/\/scontent.fuio15-1.fna.fbcdn.net\/v\/t1.0-9\/69226182_1359244594231075_2925613292606980096_n.jpg?_nc_cat=104&#038;_nc_ohc=tkM2BRzrBXEAQkHUn25Fhb6WsJis_AQSb7nj5ZLpNZZez0HduPSVcgdoA&#038;_nc_ht=scontent.fuio15-1.fna&#038;oh=f12d3a7b6f990e06e5a1adfc280b40d4&#038;oe=5EB03C56\"><img decoding=\"async\" class=\"wp_automatic_fb_img\" title=\"\" src=\"https:\/\/scontent.fuio15-1.fna.fbcdn.net\/v\/t1.0-9\/69226182_1359244594231075_2925613292606980096_n.jpg?_nc_cat=104&#038;_nc_ohc=tkM2BRzrBXEAQkHUn25Fhb6WsJis_AQSb7nj5ZLpNZZez0HduPSVcgdoA&#038;_nc_ht=scontent.fuio15-1.fna&#038;oh=f12d3a7b6f990e06e5a1adfc280b40d4&#038;oe=5EB03C56\" \/><\/a><br \/><a href=\"https:\/\/scontent.fuio15-1.fna.fbcdn.net\/v\/t1.0-9\/69221435_1359244627564405_7844145651699941376_n.jpg?_nc_cat=111&#038;_nc_ohc=dEKfdiqI7M8AQml8oi1frnuPUmye0qbhaFeC3ClpdAOq2uPgoa2iYIC_g&#038;_nc_ht=scontent.fuio15-1.fna&#038;oh=5b47c8faade4712f2df8961b19b27897&#038;oe=5EA35741\"><img decoding=\"async\" class=\"wp_automatic_fb_img\" title=\"\" src=\"https:\/\/scontent.fuio15-1.fna.fbcdn.net\/v\/t1.0-9\/69221435_1359244627564405_7844145651699941376_n.jpg?_nc_cat=111&#038;_nc_ohc=dEKfdiqI7M8AQml8oi1frnuPUmye0qbhaFeC3ClpdAOq2uPgoa2iYIC_g&#038;_nc_ht=scontent.fuio15-1.fna&#038;oh=5b47c8faade4712f2df8961b19b27897&#038;oe=5EA35741\" \/><\/a><br \/><a href=\"https:\/\/scontent.fuio15-1.fna.fbcdn.net\/v\/t1.0-9\/68493088_1359244657564402_2452972074625400832_n.jpg?_nc_cat=108&#038;_nc_ohc=u33A3hCA-YQAQmHINWK0YEwLZzqJ7Mmg_CBeNHIPmgYnDgqMRjxc14n1w&#038;_nc_ht=scontent.fuio15-1.fna&#038;oh=5071399a53801076d843347b11c35d56&#038;oe=5EAC9544\"><img decoding=\"async\" class=\"wp_automatic_fb_img\" title=\"\" src=\"https:\/\/scontent.fuio15-1.fna.fbcdn.net\/v\/t1.0-9\/68493088_1359244657564402_2452972074625400832_n.jpg?_nc_cat=108&#038;_nc_ohc=u33A3hCA-YQAQmHINWK0YEwLZzqJ7Mmg_CBeNHIPmgYnDgqMRjxc14n1w&#038;_nc_ht=scontent.fuio15-1.fna&#038;oh=5071399a53801076d843347b11c35d56&#038;oe=5EAC9544\" \/><\/a><br \/><a href=\"https:\/\/scontent.fuio15-1.fna.fbcdn.net\/v\/t1.0-9\/68751153_1359244687564399_3675207569636327424_n.jpg?_nc_cat=103&#038;_nc_ohc=YkPPd73Wdk0AQmG1_BjDkLHRtdYtBMI6ooa01L60T57llMS_3Mr5hH_4A&#038;_nc_ht=scontent.fuio15-1.fna&#038;oh=846b266f353250d98eadce837793727d&#038;oe=5E6FB09F\"><img decoding=\"async\" class=\"wp_automatic_fb_img\" title=\"\" src=\"https:\/\/scontent.fuio15-1.fna.fbcdn.net\/v\/t1.0-9\/68751153_1359244687564399_3675207569636327424_n.jpg?_nc_cat=103&#038;_nc_ohc=YkPPd73Wdk0AQmG1_BjDkLHRtdYtBMI6ooa01L60T57llMS_3Mr5hH_4A&#038;_nc_ht=scontent.fuio15-1.fna&#038;oh=846b266f353250d98eadce837793727d&#038;oe=5E6FB09F\" \/><\/a><br \/><a href=\"https:\/\/scontent.fuio15-1.fna.fbcdn.net\/v\/t1.0-9\/68536356_1359244720897729_3935240884194377728_n.jpg?_nc_cat=106&#038;_nc_ohc=BE2tUqzMJXcAQldstc3kz1wxOaob4d-sAfGWXfh_JYRjToLfUukjNWDag&#038;_nc_ht=scontent.fuio15-1.fna&#038;oh=b686eb52fd58a0a1984fd900dc1ff3c4&#038;oe=5EB46C32\"><img decoding=\"async\" class=\"wp_automatic_fb_img\" title=\"\" src=\"https:\/\/scontent.fuio15-1.fna.fbcdn.net\/v\/t1.0-9\/68536356_1359244720897729_3935240884194377728_n.jpg?_nc_cat=106&#038;_nc_ohc=BE2tUqzMJXcAQldstc3kz1wxOaob4d-sAfGWXfh_JYRjToLfUukjNWDag&#038;_nc_ht=scontent.fuio15-1.fna&#038;oh=b686eb52fd58a0a1984fd900dc1ff3c4&#038;oe=5EB46C32\" \/><\/a><\/p>\n","protected":false},"author":1,"featured_media":1269,"comment_status":"open","ping_status":"open","sticky":false,"template":"","format":"standard","meta":[],"categories":[1],"tags":[439,461,182,459,23,458,460],"_links":{"self":[{"href":"https:\/\/bomberos.puyo.gob.ec\/2019\/wp-json\/wp\/v2\/posts\/1268"}],"collection":[{"href":"https:\/\/bomberos.puyo.gob.ec\/2019\/wp-json\/wp\/v2\/posts"}],"about":[{"href":"https:\/\/bomberos.puyo.gob.ec\/2019\/wp-json\/wp\/v2\/types\/post"}],"author":[{"embeddable":true,"href":"https:\/\/bomberos.puyo.gob.ec\/2019\/wp-json\/wp\/v2\/users\/1"}],"replies":[{"embeddable":true,"href":"https:\/\/bomberos.puyo.gob.ec\/2019\/wp-json\/wp\/v2\/comments?post=1268"}],"version-history":[{"count":1,"href":"https:\/\/bomberos.puyo.gob.ec\/2019\/wp-json\/wp\/v2\/posts\/1268\/revisions"}],"predecessor-version":[{"id":1270,"href":"https:\/\/bomberos.puyo.gob.ec\/2019\/wp-json\/wp\/v2\/posts\/1268\/revisions\/1270"}],"wp:featuredmedia":[{"embeddable":true,"href":"https:\/\/bomberos.puyo.gob.ec\/2019\/wp-json\/wp\/v2\/media\/1269"}],"wp:attachment":[{"href":"https:\/\/bomberos.puyo.gob.ec\/2019\/wp-json\/wp\/v2\/media?parent=1268"}],"wp:term":[{"taxonomy":"category","embeddable":true,"href":"https:\/\/bomberos.puyo.gob.ec\/2019\/wp-json\/wp\/v2\/categories?post=1268"},{"taxonomy":"post_tag","embeddable":true,"href":"https:\/\/bomberos.puyo.gob.ec\/2019\/wp-json\/wp\/v2\/tags?post=1268"}],"curies":[{"name":"wp","href":"https:\/\/api.w.org\/{rel}","templated":true}]}}