{"id":1253,"date":"2019-08-24T10:48:02","date_gmt":"2019-08-24T15:48:02","guid":{"rendered":"https:\/\/bomberos.puyo.gob.ec\/rescate-por-llamado-de-moradores-del-barrio-las-palmas-el-personal-del-cue\/"},"modified":"2019-12-25T16:33:15","modified_gmt":"2019-12-25T21:33:15","slug":"rescate-por-llamado-de-moradores-del-barrio-las-palmas-el-personal-del-cue","status":"publish","type":"post","link":"https:\/\/bomberos.puyo.gob.ec\/2019\/rescate-por-llamado-de-moradores-del-barrio-las-palmas-el-personal-del-cue\/","title":{"rendered":"|#RESCATE#|\n Por llamado de moradores del barrio las Palmas, el personal del Cue&#8230;"},"content":{"rendered":"<p>|<a class=\"_58cn\" href=\"https:\/\/facebook.com\/hashtag\/rescate?source=feed_text&#038;epa=HASHTAG&#038;__xts__%5B0%5D=68.ARAgdqGtw4phK6NgL3uY4v3lxGLgWhB4OCznRISZDuWpgRGTf8rg2mbhySRCWEhyN2KvAfx-F8PRNNzvg3VoD-wZOPhwqEsRKvK0RZNUctjFHyGAbYHo0sYx6D5zyrMfgNV1RErbxrtb99sP5kKO8L_z82Ber_wwqzSDjNCA-ESc_f-GRG6tTCUCMW79eMuEQirLUinQhSQO8SwPw3piXHC1gGb2lrwUhIdzuCZrcxleCwyIMZU3YzZU2zdsZjPo5HnzDnMd5jmOK0PmRk-OLxhPXYcby0hRdU04Yh8oWkkywemj0Cd293aloPR182RCx0zM8uvJ1D2KT3xjrgQnZTOpoA&#038;__tn__=%2ANK-R\" data-ft=\"&#123;&quot;type&quot;:104,&quot;tn&quot;:&quot;*N&quot;&#125;\"><span class=\"_5afx\"><span aria-label=\"hashtag\" class=\"_58cl _5afz\">#RESCATE<\/span><\/span><\/a>#|<\/p>\n<p> Por llamado de moradores del barrio las Palmas, el personal del Cuerpo de Bomberos  se dirigieron  al sector, en donde atendieron a una can hembra mestiza, la misma que se encontraba amputada la cola, se le  atendi\u00f3 con los equipos designados para la ayuda de animales heridos, dej\u00e1ndole estable en uno de los caniles de nuestra instituci\u00f3n, ubicado en la estaci\u00f3n X2 del barrio el Recreo.<\/p>\n<p><a href=\"https:\/\/bomberos.puyo.gob.ec\/2019\/wp-content\/uploads\/RESCATE-Por-llamado-de-moradores-del-barrio-las-Palmas-el.fna&#038;oh=06d1bc667b097f43a3295131716cdac0&#038;oe=5E75C734.jpeg\"><img decoding=\"async\" class=\"wp_automatic_fb_img\" title=\"\" src=\"https:\/\/bomberos.puyo.gob.ec\/2019\/wp-content\/uploads\/RESCATE-Por-llamado-de-moradores-del-barrio-las-Palmas-el.fna&#038;oh=06d1bc667b097f43a3295131716cdac0&#038;oe=5E75C734.jpeg\" \/><\/a><br \/><a href=\"https:\/\/bomberos.puyo.gob.ec\/2019\/wp-content\/uploads\/RESCATE-Por-llamado-de-moradores-del-barrio-las-Palmas-el.fna&#038;oh=36a50baa5013a7729546fd279d489e13&#038;oe=5EADE9C8.jpeg\"><img decoding=\"async\" class=\"wp_automatic_fb_img\" title=\"\" src=\"https:\/\/bomberos.puyo.gob.ec\/2019\/wp-content\/uploads\/RESCATE-Por-llamado-de-moradores-del-barrio-las-Palmas-el.fna&#038;oh=36a50baa5013a7729546fd279d489e13&#038;oe=5EADE9C8.jpeg\" \/><\/a><br \/><a href=\"https:\/\/bomberos.puyo.gob.ec\/2019\/wp-content\/uploads\/RESCATE-Por-llamado-de-moradores-del-barrio-las-Palmas-el.fna&#038;oh=f9fb9535508824144b1175221ea57811&#038;oe=5EA053CA.jpeg\"><img decoding=\"async\" class=\"wp_automatic_fb_img\" title=\"\" src=\"https:\/\/bomberos.puyo.gob.ec\/2019\/wp-content\/uploads\/RESCATE-Por-llamado-de-moradores-del-barrio-las-Palmas-el.fna&#038;oh=f9fb9535508824144b1175221ea57811&#038;oe=5EA053CA.jpeg\" \/><\/a><br \/><a href=\"https:\/\/bomberos.puyo.gob.ec\/2019\/wp-content\/uploads\/RESCATE-Por-llamado-de-moradores-del-barrio-las-Palmas-el.fna&#038;oh=36daa82b9464d0fa29931667fc0c8b58&#038;oe=5EACB9B7.jpeg\"><img decoding=\"async\" class=\"wp_automatic_fb_img\" title=\"\" src=\"https:\/\/bomberos.puyo.gob.ec\/2019\/wp-content\/uploads\/RESCATE-Por-llamado-de-moradores-del-barrio-las-Palmas-el.fna&#038;oh=36daa82b9464d0fa29931667fc0c8b58&#038;oe=5EACB9B7.jpeg\" \/><\/a><br \/><a href=\"https:\/\/bomberos.puyo.gob.ec\/2019\/wp-content\/uploads\/RESCATE-Por-llamado-de-moradores-del-barrio-las-Palmas-el.fna&#038;oh=ca89f0df70fe95b9e6bcf6e30c253ece&#038;oe=5E6D518C.jpeg\"><img decoding=\"async\" class=\"wp_automatic_fb_img\" title=\"\" src=\"https:\/\/bomberos.puyo.gob.ec\/2019\/wp-content\/uploads\/RESCATE-Por-llamado-de-moradores-del-barrio-las-Palmas-el.fna&#038;oh=ca89f0df70fe95b9e6bcf6e30c253ece&#038;oe=5E6D518C.jpeg\" \/><\/a><br \/><a href=\"https:\/\/bomberos.puyo.gob.ec\/2019\/wp-content\/uploads\/RESCATE-Por-llamado-de-moradores-del-barrio-las-Palmas-el.fna&#038;oh=5d035b9fbce6a04d7340b25222e8d9b4&#038;oe=5E7782CA.jpeg\"><img decoding=\"async\" class=\"wp_automatic_fb_img\" title=\"\" src=\"https:\/\/bomberos.puyo.gob.ec\/2019\/wp-content\/uploads\/RESCATE-Por-llamado-de-moradores-del-barrio-las-Palmas-el.fna&#038;oh=5d035b9fbce6a04d7340b25222e8d9b4&#038;oe=5E7782CA.jpeg\" \/><\/a><br \/>\n<br \/><a href=\"https:\/\/www.facebook.com\/465093860312824\/posts\/1363635813791953\">en facebook&#8230; <\/a>  <\/p>\n","protected":false},"excerpt":{"rendered":"<p>|<a class=\"_58cn\" href=\"https:\/\/facebook.com\/hashtag\/rescate?source=feed_text&#038;epa=HASHTAG&#038;__xts__%5B0%5D=68.ARAgdqGtw4phK6NgL3uY4v3lxGLgWhB4OCznRISZDuWpgRGTf8rg2mbhySRCWEhyN2KvAfx-F8PRNNzvg3VoD-wZOPhwqEsRKvK0RZNUctjFHyGAbYHo0sYx6D5zyrMfgNV1RErbxrtb99sP5kKO8L_z82Ber_wwqzSDjNCA-ESc_f-GRG6tTCUCMW79eMuEQirLUinQhSQO8SwPw3piXHC1gGb2lrwUhIdzuCZrcxleCwyIMZU3YzZU2zdsZjPo5HnzDnMd5jmOK0PmRk-OLxhPXYcby0hRdU04Yh8oWkkywemj0Cd293aloPR182RCx0zM8uvJ1D2KT3xjrgQnZTOpoA&#038;__tn__=%2ANK-R\" data-ft=\"&#123;&quot;type&quot;:104,&quot;tn&quot;:&quot;*N&quot;&#125;\"><span class=\"_5afx\"><span aria-label=\"hashtag\" class=\"_58cl _5afz\">#RESCATE<\/span><\/span><\/a>#|<\/p>\n<p> Por llamado de moradores del barrio las Palmas, el personal del Cuerpo de Bomberos  se dirigieron  al sector, en donde atendieron a una can hembra mestiza, la misma que se encontraba amputada la cola, se le  atendi\u00f3 con los equipos designados para la ayuda de animales heridos, dej\u00e1ndole estable en uno de los caniles de nuestra instituci\u00f3n, ubicado en la estaci\u00f3n X2 del barrio el Recreo.<\/p>\n<p><a href=\"https:\/\/scontent.fuio15-1.fna.fbcdn.net\/v\/t1.0-9\/68885321_1363635593791975_7575840887259791360_n.jpg?_nc_cat=101&#038;_nc_ohc=77we2EX4oAoAQleTRIEvrzeaMoVjaoygReINR2bhUsKMN3tTHwCPQLw4A&#038;_nc_ht=scontent.fuio15-1.fna&#038;oh=06d1bc667b097f43a3295131716cdac0&#038;oe=5E75C734\"><img decoding=\"async\" class=\"wp_automatic_fb_img\" title=\"\" src=\"https:\/\/scontent.fuio15-1.fna.fbcdn.net\/v\/t1.0-9\/68885321_1363635593791975_7575840887259791360_n.jpg?_nc_cat=101&#038;_nc_ohc=77we2EX4oAoAQleTRIEvrzeaMoVjaoygReINR2bhUsKMN3tTHwCPQLw4A&#038;_nc_ht=scontent.fuio15-1.fna&#038;oh=06d1bc667b097f43a3295131716cdac0&#038;oe=5E75C734\" \/><\/a><br \/><a href=\"https:\/\/scontent.fuio15-1.fna.fbcdn.net\/v\/t1.0-9\/69969951_1363635633791971_3179219364700225536_n.jpg?_nc_cat=111&#038;_nc_ohc=humrFLofkn0AQmYaX5EIRm5cgQGYcVFNwCM-arLMzQDx5e6wgnAL_irCw&#038;_nc_ht=scontent.fuio15-1.fna&#038;oh=36a50baa5013a7729546fd279d489e13&#038;oe=5EADE9C8\"><img decoding=\"async\" class=\"wp_automatic_fb_img\" title=\"\" src=\"https:\/\/scontent.fuio15-1.fna.fbcdn.net\/v\/t1.0-9\/69969951_1363635633791971_3179219364700225536_n.jpg?_nc_cat=111&#038;_nc_ohc=humrFLofkn0AQmYaX5EIRm5cgQGYcVFNwCM-arLMzQDx5e6wgnAL_irCw&#038;_nc_ht=scontent.fuio15-1.fna&#038;oh=36a50baa5013a7729546fd279d489e13&#038;oe=5EADE9C8\" \/><\/a><br \/><a href=\"https:\/\/scontent.fuio15-1.fna.fbcdn.net\/v\/t1.0-9\/69342094_1363635683791966_1015871378819121152_n.jpg?_nc_cat=105&#038;_nc_ohc=jzycAd8xsZIAQl8n1bk-CEj991Int8Lv_9Pp1uq88mzw36YPplog-wrxQ&#038;_nc_ht=scontent.fuio15-1.fna&#038;oh=f9fb9535508824144b1175221ea57811&#038;oe=5EA053CA\"><img decoding=\"async\" class=\"wp_automatic_fb_img\" title=\"\" src=\"https:\/\/scontent.fuio15-1.fna.fbcdn.net\/v\/t1.0-9\/69342094_1363635683791966_1015871378819121152_n.jpg?_nc_cat=105&#038;_nc_ohc=jzycAd8xsZIAQl8n1bk-CEj991Int8Lv_9Pp1uq88mzw36YPplog-wrxQ&#038;_nc_ht=scontent.fuio15-1.fna&#038;oh=f9fb9535508824144b1175221ea57811&#038;oe=5EA053CA\" \/><\/a><br \/><a href=\"https:\/\/scontent.fuio15-1.fna.fbcdn.net\/v\/t1.0-9\/69347840_1363635723791962_4324911060663402496_n.jpg?_nc_cat=100&#038;_nc_ohc=sVYK4ZmrTFwAQlz57-3s7UnPJBWPpvkJ2lWb7afEsGO68ksgcoITYIn3w&#038;_nc_ht=scontent.fuio15-1.fna&#038;oh=36daa82b9464d0fa29931667fc0c8b58&#038;oe=5EACB9B7\"><img decoding=\"async\" class=\"wp_automatic_fb_img\" title=\"\" src=\"https:\/\/scontent.fuio15-1.fna.fbcdn.net\/v\/t1.0-9\/69347840_1363635723791962_4324911060663402496_n.jpg?_nc_cat=100&#038;_nc_ohc=sVYK4ZmrTFwAQlz57-3s7UnPJBWPpvkJ2lWb7afEsGO68ksgcoITYIn3w&#038;_nc_ht=scontent.fuio15-1.fna&#038;oh=36daa82b9464d0fa29931667fc0c8b58&#038;oe=5EACB9B7\" \/><\/a><br \/><a href=\"https:\/\/scontent.fuio15-1.fna.fbcdn.net\/v\/t1.0-9\/69517913_1363635743791960_6259722866061737984_n.jpg?_nc_cat=107&#038;_nc_ohc=5tAFURBgkQMAQm5A0RRy42pCQPV5UssDjPHRleq4YausNvtP0pP1AucsA&#038;_nc_ht=scontent.fuio15-1.fna&#038;oh=ca89f0df70fe95b9e6bcf6e30c253ece&#038;oe=5E6D518C\"><img decoding=\"async\" class=\"wp_automatic_fb_img\" title=\"\" src=\"https:\/\/scontent.fuio15-1.fna.fbcdn.net\/v\/t1.0-9\/69517913_1363635743791960_6259722866061737984_n.jpg?_nc_cat=107&#038;_nc_ohc=5tAFURBgkQMAQm5A0RRy42pCQPV5UssDjPHRleq4YausNvtP0pP1AucsA&#038;_nc_ht=scontent.fuio15-1.fna&#038;oh=ca89f0df70fe95b9e6bcf6e30c253ece&#038;oe=5E6D518C\" \/><\/a><br \/><a href=\"https:\/\/scontent.fuio15-1.fna.fbcdn.net\/v\/t1.0-9\/68826833_1363635793791955_3558075526482493440_n.jpg?_nc_cat=111&#038;_nc_ohc=P7YPklCoXocAQlFCqmD8H9fViIrX2vme3mEig40_TArEs0DMiqV8w5naQ&#038;_nc_ht=scontent.fuio15-1.fna&#038;oh=5d035b9fbce6a04d7340b25222e8d9b4&#038;oe=5E7782CA\"><img decoding=\"async\" class=\"wp_automatic_fb_img\" title=\"\" src=\"https:\/\/scontent.fuio15-1.fna.fbcdn.net\/v\/t1.0-9\/68826833_1363635793791955_3558075526482493440_n.jpg?_nc_cat=111&#038;_nc_ohc=P7YPklCoXocAQlFCqmD8H9fViIrX2vme3mEig40_TArEs0DMiqV8w5naQ&#038;_nc_ht=scontent.fuio15-1.fna&#038;oh=5d035b9fbce6a04d7340b25222e8d9b4&#038;oe=5E7782CA\" \/><\/a><\/p>\n","protected":false},"author":1,"featured_media":1254,"comment_status":"open","ping_status":"open","sticky":false,"template":"","format":"standard","meta":[],"categories":[1],"tags":[408,448,32,22,31,275,447,34,30,183],"_links":{"self":[{"href":"https:\/\/bomberos.puyo.gob.ec\/2019\/wp-json\/wp\/v2\/posts\/1253"}],"collection":[{"href":"https:\/\/bomberos.puyo.gob.ec\/2019\/wp-json\/wp\/v2\/posts"}],"about":[{"href":"https:\/\/bomberos.puyo.gob.ec\/2019\/wp-json\/wp\/v2\/types\/post"}],"author":[{"embeddable":true,"href":"https:\/\/bomberos.puyo.gob.ec\/2019\/wp-json\/wp\/v2\/users\/1"}],"replies":[{"embeddable":true,"href":"https:\/\/bomberos.puyo.gob.ec\/2019\/wp-json\/wp\/v2\/comments?post=1253"}],"version-history":[{"count":1,"href":"https:\/\/bomberos.puyo.gob.ec\/2019\/wp-json\/wp\/v2\/posts\/1253\/revisions"}],"predecessor-version":[{"id":1255,"href":"https:\/\/bomberos.puyo.gob.ec\/2019\/wp-json\/wp\/v2\/posts\/1253\/revisions\/1255"}],"wp:featuredmedia":[{"embeddable":true,"href":"https:\/\/bomberos.puyo.gob.ec\/2019\/wp-json\/wp\/v2\/media\/1254"}],"wp:attachment":[{"href":"https:\/\/bomberos.puyo.gob.ec\/2019\/wp-json\/wp\/v2\/media?parent=1253"}],"wp:term":[{"taxonomy":"category","embeddable":true,"href":"https:\/\/bomberos.puyo.gob.ec\/2019\/wp-json\/wp\/v2\/categories?post=1253"},{"taxonomy":"post_tag","embeddable":true,"href":"https:\/\/bomberos.puyo.gob.ec\/2019\/wp-json\/wp\/v2\/tags?post=1253"}],"curies":[{"name":"wp","href":"https:\/\/api.w.org\/{rel}","templated":true}]}}