{"id":1247,"date":"2019-08-24T10:50:55","date_gmt":"2019-08-24T15:50:55","guid":{"rendered":"https:\/\/bomberos.puyo.gob.ec\/capacitacion-el-personal-del-cuerpo-de-bomberos-de-puyo-impartio-una-capac\/"},"modified":"2019-12-25T14:27:23","modified_gmt":"2019-12-25T19:27:23","slug":"capacitacion-el-personal-del-cuerpo-de-bomberos-de-puyo-impartio-una-capac","status":"publish","type":"post","link":"https:\/\/bomberos.puyo.gob.ec\/2019\/capacitacion-el-personal-del-cuerpo-de-bomberos-de-puyo-impartio-una-capac\/","title":{"rendered":"|#Capacitaci\u00f3n#|\n El personal del Cuerpo de Bomberos de Puyo imparti\u00f3  una capac&#8230;"},"content":{"rendered":"<p><span><\/p>\n<p>|<a>#Capacitaci\u00f3n<\/a>#|<\/p>\n<p> El personal del Cuerpo de Bomberos de Puyo imparti\u00f3  una capacitaci\u00f3n de prevenci\u00f3n de incendios y primeros auxilios, a los alumnos de  la Escuela de Baloncesto Halcones, en  el complejo el Dorado, este viernes 23 de agosto.<\/p>\n<p><\/span><br \/>\n<br \/><a href=\"https:\/\/bomberos.puyo.gob.ec\/2019\/wp-content\/uploads\/Capacitacion-El-personal-del-Cuerpo-de-Bomberos-de-Puyo-impartio.fna&#038;oh=141662a89e79a7e4b51c99088704e698&#038;oe=5EAB585D.jpeg\"><img decoding=\"async\" class=\"wp_automatic_fb_img\" title=\"\" src=\"https:\/\/bomberos.puyo.gob.ec\/2019\/wp-content\/uploads\/Capacitacion-El-personal-del-Cuerpo-de-Bomberos-de-Puyo-impartio.fna&#038;oh=141662a89e79a7e4b51c99088704e698&#038;oe=5EAB585D.jpeg\" \/><\/a><br \/><a href=\"https:\/\/bomberos.puyo.gob.ec\/2019\/wp-content\/uploads\/Capacitacion-El-personal-del-Cuerpo-de-Bomberos-de-Puyo-impartio.fna&#038;oh=4c98120808c9ee6ef16d262d70259e05&#038;oe=5EAF7B9B.jpeg\"><img decoding=\"async\" class=\"wp_automatic_fb_img\" title=\"\" src=\"https:\/\/bomberos.puyo.gob.ec\/2019\/wp-content\/uploads\/Capacitacion-El-personal-del-Cuerpo-de-Bomberos-de-Puyo-impartio.fna&#038;oh=4c98120808c9ee6ef16d262d70259e05&#038;oe=5EAF7B9B.jpeg\" \/><\/a><br \/><a href=\"https:\/\/bomberos.puyo.gob.ec\/2019\/wp-content\/uploads\/Capacitacion-El-personal-del-Cuerpo-de-Bomberos-de-Puyo-impartio.fna&#038;oh=de70a5692a441582806cfa85d0192684&#038;oe=5E7557D3.jpeg\"><img decoding=\"async\" class=\"wp_automatic_fb_img\" title=\"\" src=\"https:\/\/bomberos.puyo.gob.ec\/2019\/wp-content\/uploads\/Capacitacion-El-personal-del-Cuerpo-de-Bomberos-de-Puyo-impartio.fna&#038;oh=de70a5692a441582806cfa85d0192684&#038;oe=5E7557D3.jpeg\" \/><\/a><br \/><a href=\"https:\/\/bomberos.puyo.gob.ec\/2019\/wp-content\/uploads\/Capacitacion-El-personal-del-Cuerpo-de-Bomberos-de-Puyo-impartio.fna&#038;oh=7a21675df9cbcb9781744e65699eb0fa&#038;oe=5E6B80B4.jpeg\"><img decoding=\"async\" class=\"wp_automatic_fb_img\" title=\"\" src=\"https:\/\/bomberos.puyo.gob.ec\/2019\/wp-content\/uploads\/Capacitacion-El-personal-del-Cuerpo-de-Bomberos-de-Puyo-impartio.fna&#038;oh=7a21675df9cbcb9781744e65699eb0fa&#038;oe=5E6B80B4.jpeg\" \/><\/a><br \/>\n<br \/><a href=\"https:\/\/www.facebook.com\/465093860312824\/posts\/1363640020458199\">en facebook&#8230; <\/a>  <\/p>\n","protected":false},"excerpt":{"rendered":"<p><span><\/p>\n<p>|<a>#Capacitaci\u00f3n<\/a>#|<\/p>\n<p> El personal del Cuerpo de Bomberos de Puyo imparti\u00f3  una capacitaci\u00f3n de prevenci\u00f3n de incendios y primeros auxilios, a los alumnos de  la Escuela de Baloncesto Halcones, en  el complejo el Dorado, este viernes 23 de agosto.<\/p>\n<p><\/span><br \/>\n<br \/><a href=\"https:\/\/scontent.fuio15-1.fna.fbcdn.net\/v\/t1.0-9\/69399006_1363639773791557_3765339850639671296_n.jpg?_nc_cat=110&#038;_nc_ohc=YQGAkO-31LQAQnDq_rynin69kOC2RlQFCm6iObbLCE6V3YKAL3Ep97aeQ&#038;_nc_ht=scontent.fuio15-1.fna&#038;oh=141662a89e79a7e4b51c99088704e698&#038;oe=5EAB585D\"><img decoding=\"async\" class=\"wp_automatic_fb_img\" title=\"\" src=\"https:\/\/scontent.fuio15-1.fna.fbcdn.net\/v\/t1.0-9\/69399006_1363639773791557_3765339850639671296_n.jpg?_nc_cat=110&#038;_nc_ohc=YQGAkO-31LQAQnDq_rynin69kOC2RlQFCm6iObbLCE6V3YKAL3Ep97aeQ&#038;_nc_ht=scontent.fuio15-1.fna&#038;oh=141662a89e79a7e4b51c99088704e698&#038;oe=5EAB585D\" \/><\/a><br \/><a href=\"https:\/\/scontent.fuio15-1.fna.fbcdn.net\/v\/t1.0-9\/69061303_1363639847124883_8815934160502784000_n.jpg?_nc_cat=105&#038;_nc_ohc=dRaNVCF9mcQAQnv0sudcrErXmZAKf_HvG-shfMwJqeZKAi-sNEGZCykRg&#038;_nc_ht=scontent.fuio15-1.fna&#038;oh=4c98120808c9ee6ef16d262d70259e05&#038;oe=5EAF7B9B\"><img decoding=\"async\" class=\"wp_automatic_fb_img\" title=\"\" src=\"https:\/\/scontent.fuio15-1.fna.fbcdn.net\/v\/t1.0-9\/69061303_1363639847124883_8815934160502784000_n.jpg?_nc_cat=105&#038;_nc_ohc=dRaNVCF9mcQAQnv0sudcrErXmZAKf_HvG-shfMwJqeZKAi-sNEGZCykRg&#038;_nc_ht=scontent.fuio15-1.fna&#038;oh=4c98120808c9ee6ef16d262d70259e05&#038;oe=5EAF7B9B\" \/><\/a><br \/><a href=\"https:\/\/scontent.fuio15-1.fna.fbcdn.net\/v\/t1.0-9\/68952261_1363639897124878_1527856442852245504_n.jpg?_nc_cat=101&#038;_nc_ohc=VbcGsy_UOUIAQl0k0yT4N7kjpnuruDZ16uOdFfm3BEGkxD9WqHqr02BHg&#038;_nc_ht=scontent.fuio15-1.fna&#038;oh=de70a5692a441582806cfa85d0192684&#038;oe=5E7557D3\"><img decoding=\"async\" class=\"wp_automatic_fb_img\" title=\"\" src=\"https:\/\/scontent.fuio15-1.fna.fbcdn.net\/v\/t1.0-9\/68952261_1363639897124878_1527856442852245504_n.jpg?_nc_cat=101&#038;_nc_ohc=VbcGsy_UOUIAQl0k0yT4N7kjpnuruDZ16uOdFfm3BEGkxD9WqHqr02BHg&#038;_nc_ht=scontent.fuio15-1.fna&#038;oh=de70a5692a441582806cfa85d0192684&#038;oe=5E7557D3\" \/><\/a><br \/><a href=\"https:\/\/scontent.fuio15-1.fna.fbcdn.net\/v\/t1.0-9\/69005897_1363640003791534_2850371207952334848_n.jpg?_nc_cat=110&#038;_nc_ohc=ttMuyTeUXhMAQkqZDxUezh0md3wkZnTcMOjLL0DfSSmnsP-KggKJkbOUQ&#038;_nc_ht=scontent.fuio15-1.fna&#038;oh=7a21675df9cbcb9781744e65699eb0fa&#038;oe=5E6B80B4\"><img decoding=\"async\" class=\"wp_automatic_fb_img\" title=\"\" src=\"https:\/\/scontent.fuio15-1.fna.fbcdn.net\/v\/t1.0-9\/69005897_1363640003791534_2850371207952334848_n.jpg?_nc_cat=110&#038;_nc_ohc=ttMuyTeUXhMAQkqZDxUezh0md3wkZnTcMOjLL0DfSSmnsP-KggKJkbOUQ&#038;_nc_ht=scontent.fuio15-1.fna&#038;oh=7a21675df9cbcb9781744e65699eb0fa&#038;oe=5E6B80B4\" \/><\/a><\/p>\n","protected":false},"author":1,"featured_media":1248,"comment_status":"open","ping_status":"open","sticky":false,"template":"","format":"standard","meta":[],"categories":[1],"tags":[73,443,65,64,32,442,34,283,119],"_links":{"self":[{"href":"https:\/\/bomberos.puyo.gob.ec\/2019\/wp-json\/wp\/v2\/posts\/1247"}],"collection":[{"href":"https:\/\/bomberos.puyo.gob.ec\/2019\/wp-json\/wp\/v2\/posts"}],"about":[{"href":"https:\/\/bomberos.puyo.gob.ec\/2019\/wp-json\/wp\/v2\/types\/post"}],"author":[{"embeddable":true,"href":"https:\/\/bomberos.puyo.gob.ec\/2019\/wp-json\/wp\/v2\/users\/1"}],"replies":[{"embeddable":true,"href":"https:\/\/bomberos.puyo.gob.ec\/2019\/wp-json\/wp\/v2\/comments?post=1247"}],"version-history":[{"count":1,"href":"https:\/\/bomberos.puyo.gob.ec\/2019\/wp-json\/wp\/v2\/posts\/1247\/revisions"}],"predecessor-version":[{"id":1249,"href":"https:\/\/bomberos.puyo.gob.ec\/2019\/wp-json\/wp\/v2\/posts\/1247\/revisions\/1249"}],"wp:featuredmedia":[{"embeddable":true,"href":"https:\/\/bomberos.puyo.gob.ec\/2019\/wp-json\/wp\/v2\/media\/1248"}],"wp:attachment":[{"href":"https:\/\/bomberos.puyo.gob.ec\/2019\/wp-json\/wp\/v2\/media?parent=1247"}],"wp:term":[{"taxonomy":"category","embeddable":true,"href":"https:\/\/bomberos.puyo.gob.ec\/2019\/wp-json\/wp\/v2\/categories?post=1247"},{"taxonomy":"post_tag","embeddable":true,"href":"https:\/\/bomberos.puyo.gob.ec\/2019\/wp-json\/wp\/v2\/tags?post=1247"}],"curies":[{"name":"wp","href":"https:\/\/api.w.org\/{rel}","templated":true}]}}