{"id":1238,"date":"2019-08-26T09:55:42","date_gmt":"2019-08-26T14:55:42","guid":{"rendered":"https:\/\/bomberos.puyo.gob.ec\/emergencia-accidentedetransito-este-sabado-24-de-agosto-se-produjo-un-im\/"},"modified":"2019-12-25T10:12:55","modified_gmt":"2019-12-25T15:12:55","slug":"emergencia-accidentedetransito-este-sabado-24-de-agosto-se-produjo-un-im","status":"publish","type":"post","link":"https:\/\/bomberos.puyo.gob.ec\/2019\/emergencia-accidentedetransito-este-sabado-24-de-agosto-se-produjo-un-im\/","title":{"rendered":"|#EMERGENCIA#| |#AccidenteDeTransito#\n Este s\u00e1bado 24 de agosto se produjo un im&#8230;"},"content":{"rendered":"<p>|<a class=\"_58cn\" href=\"https:\/\/facebook.com\/hashtag\/emergencia?source=feed_text&#038;epa=HASHTAG&#038;__xts__%5B0%5D=68.ARCWlX70S8llcIU1jEMQ_UY6h-O5kRopoekfoqccR1FOB-ofHixwMTLSi4xo9SC-ZUWGuzRU_ZIARdCg4OVXTJjT9xRFJc_zZoZyb_ZtR-goDnYlxkoUGV647XzafFJALPN0kqB4zhgzKLrrJkl9_7fKS7uF3egflU8KIOTyEPX7yJSyaLr6mfKcdKSPmqaEUn-ZZrfBmEhtlX1-YpRrHD-y2LZ9_APuPGJBoGujzgSS_RUztvo2G-L1kD9FCvnNlrQDvS3fscEPI7IpLxSwnYu0BtnumR_T4myBXP9k-b_x5V5FvLHyJHAmPhlMpI5zNmpV7asyQwWiCkV9nbOGMhGgzQ&#038;__tn__=%2ANK-R\" data-ft=\"&#123;&quot;type&quot;:104,&quot;tn&quot;:&quot;*N&quot;&#125;\"><span class=\"_5afx\"><span aria-label=\"hashtag\" class=\"_58cl _5afz\">#EMERGENCIA<\/span><\/span><\/a>#| |<a class=\"_58cn\" href=\"https:\/\/facebook.com\/hashtag\/accidentedetransito?source=feed_text&#038;epa=HASHTAG&#038;__xts__%5B0%5D=68.ARCWlX70S8llcIU1jEMQ_UY6h-O5kRopoekfoqccR1FOB-ofHixwMTLSi4xo9SC-ZUWGuzRU_ZIARdCg4OVXTJjT9xRFJc_zZoZyb_ZtR-goDnYlxkoUGV647XzafFJALPN0kqB4zhgzKLrrJkl9_7fKS7uF3egflU8KIOTyEPX7yJSyaLr6mfKcdKSPmqaEUn-ZZrfBmEhtlX1-YpRrHD-y2LZ9_APuPGJBoGujzgSS_RUztvo2G-L1kD9FCvnNlrQDvS3fscEPI7IpLxSwnYu0BtnumR_T4myBXP9k-b_x5V5FvLHyJHAmPhlMpI5zNmpV7asyQwWiCkV9nbOGMhGgzQ&#038;__tn__=%2ANK-R\" data-ft=\"&#123;&quot;type&quot;:104,&quot;tn&quot;:&quot;*N&quot;&#125;\"><span class=\"_5afx\"><span aria-label=\"hashtag\" class=\"_58cl _5afz\">#AccidenteDeTransito<\/span><\/span><\/a>#<\/p>\n<p> Este s\u00e1bado 24 de agosto se produjo un impacto frontal entre un veh\u00edculo blanco placas TBG-8324 y un cami\u00f3n blanco JAC  sin placas, en el km 18 v\u00eda a Macas. El Cuerpo de Bomberos de Pastaza recibi\u00f3 el reporte  del Ecu 911 y acudi\u00f3 al rescate de 2  mujeres  que resultaron heridas, una de las damas de  45 a\u00f1os se encontraba en el interior del veh\u00edculo y presentaba  politraumatismos en el rostro por la explosi\u00f3n del AIBAG, y  laceraciones en miembros superiores e inferiores, tambi\u00e9n  se atendi\u00f3 a una adulta mayor de 65 a\u00f1os de edad quien presentaba fuerte dolor en el pecho por el efecto latigazo del cintur\u00f3n de seguridad, las pacientes fueron trasladadas al Hospital del IESS en la ambulancia del Ministerio de Salud. Luego que la Polic\u00eda retir\u00f3 los veh\u00edculos se realiz\u00f3 la limpieza de la calzada.<\/p>\n<p><a href=\"https:\/\/bomberos.puyo.gob.ec\/2019\/wp-content\/uploads\/EMERGENCIA-AccidenteDeTransito-Este-sabado-24-de-agosto-se-produjo-un.fna&#038;oh=8f16e447787d08a6ede85c4070ba3148&#038;oe=5E6FDFCF.jpeg\"><img decoding=\"async\" class=\"wp_automatic_fb_img\" title=\"\" src=\"https:\/\/bomberos.puyo.gob.ec\/2019\/wp-content\/uploads\/EMERGENCIA-AccidenteDeTransito-Este-sabado-24-de-agosto-se-produjo-un.fna&#038;oh=8f16e447787d08a6ede85c4070ba3148&#038;oe=5E6FDFCF.jpeg\" \/><\/a><br \/><a href=\"https:\/\/bomberos.puyo.gob.ec\/2019\/wp-content\/uploads\/EMERGENCIA-AccidenteDeTransito-Este-sabado-24-de-agosto-se-produjo-un.fna&#038;oh=a36d0ee6bde2dd4a9650973c65a8ad65&#038;oe=5E693BA1.jpeg\"><img decoding=\"async\" class=\"wp_automatic_fb_img\" title=\"\" src=\"https:\/\/bomberos.puyo.gob.ec\/2019\/wp-content\/uploads\/EMERGENCIA-AccidenteDeTransito-Este-sabado-24-de-agosto-se-produjo-un.fna&#038;oh=a36d0ee6bde2dd4a9650973c65a8ad65&#038;oe=5E693BA1.jpeg\" \/><\/a><br \/><a href=\"https:\/\/bomberos.puyo.gob.ec\/2019\/wp-content\/uploads\/EMERGENCIA-AccidenteDeTransito-Este-sabado-24-de-agosto-se-produjo-un.fna&#038;oh=1a84b7ee4e35b4b5b0e554d5cea0eb22&#038;oe=5E672064.jpeg\"><img decoding=\"async\" class=\"wp_automatic_fb_img\" title=\"\" src=\"https:\/\/bomberos.puyo.gob.ec\/2019\/wp-content\/uploads\/EMERGENCIA-AccidenteDeTransito-Este-sabado-24-de-agosto-se-produjo-un.fna&#038;oh=1a84b7ee4e35b4b5b0e554d5cea0eb22&#038;oe=5E672064.jpeg\" \/><\/a><br \/><a href=\"https:\/\/bomberos.puyo.gob.ec\/2019\/wp-content\/uploads\/EMERGENCIA-AccidenteDeTransito-Este-sabado-24-de-agosto-se-produjo-un.fna&#038;oh=a769bdf8e232ec9f56bf23fc0d9271b2&#038;oe=5EA11ABF.jpeg\"><img decoding=\"async\" class=\"wp_automatic_fb_img\" title=\"\" src=\"https:\/\/bomberos.puyo.gob.ec\/2019\/wp-content\/uploads\/EMERGENCIA-AccidenteDeTransito-Este-sabado-24-de-agosto-se-produjo-un.fna&#038;oh=a769bdf8e232ec9f56bf23fc0d9271b2&#038;oe=5EA11ABF.jpeg\" \/><\/a><br \/><a href=\"https:\/\/bomberos.puyo.gob.ec\/2019\/wp-content\/uploads\/EMERGENCIA-AccidenteDeTransito-Este-sabado-24-de-agosto-se-produjo-un.fna&#038;oh=3dafeae8db1744c423ac56a37f4a637e&#038;oe=5E673C13.jpeg\"><img decoding=\"async\" class=\"wp_automatic_fb_img\" title=\"\" src=\"https:\/\/bomberos.puyo.gob.ec\/2019\/wp-content\/uploads\/EMERGENCIA-AccidenteDeTransito-Este-sabado-24-de-agosto-se-produjo-un.fna&#038;oh=3dafeae8db1744c423ac56a37f4a637e&#038;oe=5E673C13.jpeg\" \/><\/a><br \/><a href=\"https:\/\/bomberos.puyo.gob.ec\/2019\/wp-content\/uploads\/EMERGENCIA-AccidenteDeTransito-Este-sabado-24-de-agosto-se-produjo-un.fna&#038;oh=bbd6d5ecc9408d052a7f80b386f9d70f&#038;oe=5E7641AF.jpeg\"><img decoding=\"async\" class=\"wp_automatic_fb_img\" title=\"\" src=\"https:\/\/bomberos.puyo.gob.ec\/2019\/wp-content\/uploads\/EMERGENCIA-AccidenteDeTransito-Este-sabado-24-de-agosto-se-produjo-un.fna&#038;oh=bbd6d5ecc9408d052a7f80b386f9d70f&#038;oe=5E7641AF.jpeg\" \/><\/a><br \/><a href=\"https:\/\/bomberos.puyo.gob.ec\/2019\/wp-content\/uploads\/EMERGENCIA-AccidenteDeTransito-Este-sabado-24-de-agosto-se-produjo-un.fna&#038;oh=75bebd4cc248f48b0fc898ebce416a7f&#038;oe=5EA7E40C.jpeg\"><img decoding=\"async\" class=\"wp_automatic_fb_img\" title=\"\" src=\"https:\/\/bomberos.puyo.gob.ec\/2019\/wp-content\/uploads\/EMERGENCIA-AccidenteDeTransito-Este-sabado-24-de-agosto-se-produjo-un.fna&#038;oh=75bebd4cc248f48b0fc898ebce416a7f&#038;oe=5EA7E40C.jpeg\" \/><\/a><br \/><a href=\"https:\/\/bomberos.puyo.gob.ec\/2019\/wp-content\/uploads\/EMERGENCIA-AccidenteDeTransito-Este-sabado-24-de-agosto-se-produjo-un.fna&#038;oh=1519359ac01c069617789917066a9c51&#038;oe=5E67B4C7.jpeg\"><img decoding=\"async\" class=\"wp_automatic_fb_img\" title=\"\" src=\"https:\/\/bomberos.puyo.gob.ec\/2019\/wp-content\/uploads\/EMERGENCIA-AccidenteDeTransito-Este-sabado-24-de-agosto-se-produjo-un.fna&#038;oh=1519359ac01c069617789917066a9c51&#038;oe=5E67B4C7.jpeg\" \/><\/a><br \/><a href=\"https:\/\/bomberos.puyo.gob.ec\/2019\/wp-content\/uploads\/EMERGENCIA-AccidenteDeTransito-Este-sabado-24-de-agosto-se-produjo-un.fna&#038;oh=415162e3bbf1ad9c821bf01423cb8845&#038;oe=5EB1C158.jpeg\"><img decoding=\"async\" class=\"wp_automatic_fb_img\" title=\"\" src=\"https:\/\/bomberos.puyo.gob.ec\/2019\/wp-content\/uploads\/EMERGENCIA-AccidenteDeTransito-Este-sabado-24-de-agosto-se-produjo-un.fna&#038;oh=415162e3bbf1ad9c821bf01423cb8845&#038;oe=5EB1C158.jpeg\" \/><\/a><br \/><a href=\"https:\/\/bomberos.puyo.gob.ec\/2019\/wp-content\/uploads\/EMERGENCIA-AccidenteDeTransito-Este-sabado-24-de-agosto-se-produjo-un.fna&#038;oh=64c63b6079baad43c457b6b964a142ca&#038;oe=5E700B68.jpeg\"><img decoding=\"async\" class=\"wp_automatic_fb_img\" title=\"\" src=\"https:\/\/bomberos.puyo.gob.ec\/2019\/wp-content\/uploads\/EMERGENCIA-AccidenteDeTransito-Este-sabado-24-de-agosto-se-produjo-un.fna&#038;oh=64c63b6079baad43c457b6b964a142ca&#038;oe=5E700B68.jpeg\" \/><\/a><br \/><a href=\"https:\/\/bomberos.puyo.gob.ec\/2019\/wp-content\/uploads\/EMERGENCIA-AccidenteDeTransito-Este-sabado-24-de-agosto-se-produjo-un.fna&#038;oh=7f3e004b6b2e0c805dc43d26d8975ac1&#038;oe=5EA5D370.jpeg\"><img decoding=\"async\" class=\"wp_automatic_fb_img\" title=\"\" src=\"https:\/\/bomberos.puyo.gob.ec\/2019\/wp-content\/uploads\/EMERGENCIA-AccidenteDeTransito-Este-sabado-24-de-agosto-se-produjo-un.fna&#038;oh=7f3e004b6b2e0c805dc43d26d8975ac1&#038;oe=5EA5D370.jpeg\" \/><\/a><br \/><a href=\"https:\/\/bomberos.puyo.gob.ec\/2019\/wp-content\/uploads\/EMERGENCIA-AccidenteDeTransito-Este-sabado-24-de-agosto-se-produjo-un.fna&#038;oh=5865f546617a4f25da15119f6aaa4696&#038;oe=5EAEAF91.jpeg\"><img decoding=\"async\" class=\"wp_automatic_fb_img\" title=\"\" src=\"https:\/\/bomberos.puyo.gob.ec\/2019\/wp-content\/uploads\/EMERGENCIA-AccidenteDeTransito-Este-sabado-24-de-agosto-se-produjo-un.fna&#038;oh=5865f546617a4f25da15119f6aaa4696&#038;oe=5EAEAF91.jpeg\" \/><\/a><br \/>\n<br \/><a href=\"https:\/\/www.facebook.com\/465093860312824\/posts\/1365171670305034\">en facebook&#8230; <\/a>  <\/p>\n","protected":false},"excerpt":{"rendered":"<p>|<a class=\"_58cn\" href=\"https:\/\/facebook.com\/hashtag\/emergencia?source=feed_text&#038;epa=HASHTAG&#038;__xts__%5B0%5D=68.ARCWlX70S8llcIU1jEMQ_UY6h-O5kRopoekfoqccR1FOB-ofHixwMTLSi4xo9SC-ZUWGuzRU_ZIARdCg4OVXTJjT9xRFJc_zZoZyb_ZtR-goDnYlxkoUGV647XzafFJALPN0kqB4zhgzKLrrJkl9_7fKS7uF3egflU8KIOTyEPX7yJSyaLr6mfKcdKSPmqaEUn-ZZrfBmEhtlX1-YpRrHD-y2LZ9_APuPGJBoGujzgSS_RUztvo2G-L1kD9FCvnNlrQDvS3fscEPI7IpLxSwnYu0BtnumR_T4myBXP9k-b_x5V5FvLHyJHAmPhlMpI5zNmpV7asyQwWiCkV9nbOGMhGgzQ&#038;__tn__=%2ANK-R\" data-ft=\"&#123;&quot;type&quot;:104,&quot;tn&quot;:&quot;*N&quot;&#125;\"><span class=\"_5afx\"><span aria-label=\"hashtag\" class=\"_58cl _5afz\">#EMERGENCIA<\/span><\/span><\/a>#| |<a class=\"_58cn\" href=\"https:\/\/facebook.com\/hashtag\/accidentedetransito?source=feed_text&#038;epa=HASHTAG&#038;__xts__%5B0%5D=68.ARCWlX70S8llcIU1jEMQ_UY6h-O5kRopoekfoqccR1FOB-ofHixwMTLSi4xo9SC-ZUWGuzRU_ZIARdCg4OVXTJjT9xRFJc_zZoZyb_ZtR-goDnYlxkoUGV647XzafFJALPN0kqB4zhgzKLrrJkl9_7fKS7uF3egflU8KIOTyEPX7yJSyaLr6mfKcdKSPmqaEUn-ZZrfBmEhtlX1-YpRrHD-y2LZ9_APuPGJBoGujzgSS_RUztvo2G-L1kD9FCvnNlrQDvS3fscEPI7IpLxSwnYu0BtnumR_T4myBXP9k-b_x5V5FvLHyJHAmPhlMpI5zNmpV7asyQwWiCkV9nbOGMhGgzQ&#038;__tn__=%2ANK-R\" data-ft=\"&#123;&quot;type&quot;:104,&quot;tn&quot;:&quot;*N&quot;&#125;\"><span class=\"_5afx\"><span aria-label=\"hashtag\" class=\"_58cl _5afz\">#AccidenteDeTransito<\/span><\/span><\/a>#<\/p>\n<p> Este s\u00e1bado 24 de agosto se produjo un impacto frontal entre un veh\u00edculo blanco placas TBG-8324 y un cami\u00f3n blanco JAC  sin placas, en el km 18 v\u00eda a Macas. El Cuerpo de Bomberos de Pastaza recibi\u00f3 el reporte  del Ecu 911 y acudi\u00f3 al rescate de 2  mujeres  que resultaron heridas, una de las damas de  45 a\u00f1os se encontraba en el interior del veh\u00edculo y presentaba  politraumatismos en el rostro por la explosi\u00f3n del AIBAG, y  laceraciones en miembros superiores e inferiores, tambi\u00e9n  se atendi\u00f3 a una adulta mayor de 65 a\u00f1os de edad quien presentaba fuerte dolor en el pecho por el efecto latigazo del cintur\u00f3n de seguridad, las pacientes fueron trasladadas al Hospital del IESS en la ambulancia del Ministerio de Salud. Luego que la Polic\u00eda retir\u00f3 los veh\u00edculos se realiz\u00f3 la limpieza de la calzada.<\/p>\n<p><a href=\"https:\/\/scontent.fuio15-1.fna.fbcdn.net\/v\/t1.0-9\/69460563_1365171140305087_8347874860877217792_n.jpg?_nc_cat=104&#038;_nc_ohc=83wlKkgcig4AQm4N4CHdU_MXfVsc0fLW_ts75EMhaC1W3BB8g9P5IjQBg&#038;_nc_ht=scontent.fuio15-1.fna&#038;oh=8f16e447787d08a6ede85c4070ba3148&#038;oe=5E6FDFCF\"><img decoding=\"async\" class=\"wp_automatic_fb_img\" title=\"\" src=\"https:\/\/scontent.fuio15-1.fna.fbcdn.net\/v\/t1.0-9\/69460563_1365171140305087_8347874860877217792_n.jpg?_nc_cat=104&#038;_nc_ohc=83wlKkgcig4AQm4N4CHdU_MXfVsc0fLW_ts75EMhaC1W3BB8g9P5IjQBg&#038;_nc_ht=scontent.fuio15-1.fna&#038;oh=8f16e447787d08a6ede85c4070ba3148&#038;oe=5E6FDFCF\" \/><\/a><br \/><a href=\"https:\/\/scontent.fuio15-1.fna.fbcdn.net\/v\/t1.0-9\/69162113_1365171176971750_6932069922889531392_n.jpg?_nc_cat=101&#038;_nc_ohc=oR5YyABlhMEAQkJsGwaC9_Ol9mDVBvt7sv9mrTtLmlFcGyear704DR87Q&#038;_nc_ht=scontent.fuio15-1.fna&#038;oh=a36d0ee6bde2dd4a9650973c65a8ad65&#038;oe=5E693BA1\"><img decoding=\"async\" class=\"wp_automatic_fb_img\" title=\"\" src=\"https:\/\/scontent.fuio15-1.fna.fbcdn.net\/v\/t1.0-9\/69162113_1365171176971750_6932069922889531392_n.jpg?_nc_cat=101&#038;_nc_ohc=oR5YyABlhMEAQkJsGwaC9_Ol9mDVBvt7sv9mrTtLmlFcGyear704DR87Q&#038;_nc_ht=scontent.fuio15-1.fna&#038;oh=a36d0ee6bde2dd4a9650973c65a8ad65&#038;oe=5E693BA1\" \/><\/a><br \/><a href=\"https:\/\/scontent.fuio15-1.fna.fbcdn.net\/v\/t1.0-9\/69259808_1365171233638411_5415002918921175040_n.jpg?_nc_cat=111&#038;_nc_ohc=t6A-clgIi50AQl0fKbt7TfbE6pcF9vDixUpa_fZWiv1FFdXzPfBnzPXtA&#038;_nc_ht=scontent.fuio15-1.fna&#038;oh=1a84b7ee4e35b4b5b0e554d5cea0eb22&#038;oe=5E672064\"><img decoding=\"async\" class=\"wp_automatic_fb_img\" title=\"\" src=\"https:\/\/scontent.fuio15-1.fna.fbcdn.net\/v\/t1.0-9\/69259808_1365171233638411_5415002918921175040_n.jpg?_nc_cat=111&#038;_nc_ohc=t6A-clgIi50AQl0fKbt7TfbE6pcF9vDixUpa_fZWiv1FFdXzPfBnzPXtA&#038;_nc_ht=scontent.fuio15-1.fna&#038;oh=1a84b7ee4e35b4b5b0e554d5cea0eb22&#038;oe=5E672064\" \/><\/a><br \/><a href=\"https:\/\/scontent.fuio15-1.fna.fbcdn.net\/v\/t1.0-9\/69402328_1365171276971740_6504002249167994880_n.jpg?_nc_cat=110&#038;_nc_ohc=EYJSLfciUXoAQkq6owVkPpV2uoS_1WDxuUe6eZI2BP6ZXsITIZf7t-GRg&#038;_nc_ht=scontent.fuio15-1.fna&#038;oh=a769bdf8e232ec9f56bf23fc0d9271b2&#038;oe=5EA11ABF\"><img decoding=\"async\" class=\"wp_automatic_fb_img\" title=\"\" src=\"https:\/\/scontent.fuio15-1.fna.fbcdn.net\/v\/t1.0-9\/69402328_1365171276971740_6504002249167994880_n.jpg?_nc_cat=110&#038;_nc_ohc=EYJSLfciUXoAQkq6owVkPpV2uoS_1WDxuUe6eZI2BP6ZXsITIZf7t-GRg&#038;_nc_ht=scontent.fuio15-1.fna&#038;oh=a769bdf8e232ec9f56bf23fc0d9271b2&#038;oe=5EA11ABF\" \/><\/a><br \/><a href=\"https:\/\/scontent.fuio15-1.fna.fbcdn.net\/v\/t1.0-9\/69459074_1365171326971735_6597937246970576896_n.jpg?_nc_cat=105&#038;_nc_ohc=XQ3OAZ4oV2MAQlSwCGj4fc0unJQdPd_WETqWRmXrw3X4hTazWxzqUcxyg&#038;_nc_ht=scontent.fuio15-1.fna&#038;oh=3dafeae8db1744c423ac56a37f4a637e&#038;oe=5E673C13\"><img decoding=\"async\" class=\"wp_automatic_fb_img\" title=\"\" src=\"https:\/\/scontent.fuio15-1.fna.fbcdn.net\/v\/t1.0-9\/69459074_1365171326971735_6597937246970576896_n.jpg?_nc_cat=105&#038;_nc_ohc=XQ3OAZ4oV2MAQlSwCGj4fc0unJQdPd_WETqWRmXrw3X4hTazWxzqUcxyg&#038;_nc_ht=scontent.fuio15-1.fna&#038;oh=3dafeae8db1744c423ac56a37f4a637e&#038;oe=5E673C13\" \/><\/a><br \/><a href=\"https:\/\/scontent.fuio15-1.fna.fbcdn.net\/v\/t1.0-9\/69224907_1365171376971730_8095431251747405824_n.jpg?_nc_cat=106&#038;_nc_ohc=HmoTDBskKSEAQmhUY-hWM397QCPAKVpzcSzmyR3Hxh0Gr6ceeLeeruapQ&#038;_nc_ht=scontent.fuio15-1.fna&#038;oh=bbd6d5ecc9408d052a7f80b386f9d70f&#038;oe=5E7641AF\"><img decoding=\"async\" class=\"wp_automatic_fb_img\" title=\"\" src=\"https:\/\/scontent.fuio15-1.fna.fbcdn.net\/v\/t1.0-9\/69224907_1365171376971730_8095431251747405824_n.jpg?_nc_cat=106&#038;_nc_ohc=HmoTDBskKSEAQmhUY-hWM397QCPAKVpzcSzmyR3Hxh0Gr6ceeLeeruapQ&#038;_nc_ht=scontent.fuio15-1.fna&#038;oh=bbd6d5ecc9408d052a7f80b386f9d70f&#038;oe=5E7641AF\" \/><\/a><br \/><a href=\"https:\/\/scontent.fuio15-1.fna.fbcdn.net\/v\/t1.0-9\/69789487_1365171426971725_4420766462898077696_n.jpg?_nc_cat=105&#038;_nc_ohc=qs06MnhvSg4AQmEdtcb-Gn6DMNbbHj9UCWTdjxSlc2uSDEM254-ahcA3A&#038;_nc_ht=scontent.fuio15-1.fna&#038;oh=75bebd4cc248f48b0fc898ebce416a7f&#038;oe=5EA7E40C\"><img decoding=\"async\" class=\"wp_automatic_fb_img\" title=\"\" src=\"https:\/\/scontent.fuio15-1.fna.fbcdn.net\/v\/t1.0-9\/69789487_1365171426971725_4420766462898077696_n.jpg?_nc_cat=105&#038;_nc_ohc=qs06MnhvSg4AQmEdtcb-Gn6DMNbbHj9UCWTdjxSlc2uSDEM254-ahcA3A&#038;_nc_ht=scontent.fuio15-1.fna&#038;oh=75bebd4cc248f48b0fc898ebce416a7f&#038;oe=5EA7E40C\" \/><\/a><br \/><a href=\"https:\/\/scontent.fuio15-1.fna.fbcdn.net\/v\/t1.0-9\/69296805_1365171483638386_7317853037991559168_n.jpg?_nc_cat=108&#038;_nc_ohc=s2mS88VmceoAQly5TCHC_nJRqgNLDJyrPM4NRbjzgDqXTEN_Miy420ywg&#038;_nc_ht=scontent.fuio15-1.fna&#038;oh=1519359ac01c069617789917066a9c51&#038;oe=5E67B4C7\"><img decoding=\"async\" class=\"wp_automatic_fb_img\" title=\"\" src=\"https:\/\/scontent.fuio15-1.fna.fbcdn.net\/v\/t1.0-9\/69296805_1365171483638386_7317853037991559168_n.jpg?_nc_cat=108&#038;_nc_ohc=s2mS88VmceoAQly5TCHC_nJRqgNLDJyrPM4NRbjzgDqXTEN_Miy420ywg&#038;_nc_ht=scontent.fuio15-1.fna&#038;oh=1519359ac01c069617789917066a9c51&#038;oe=5E67B4C7\" \/><\/a><br \/><a href=\"https:\/\/scontent.fuio15-1.fna.fbcdn.net\/v\/t1.0-9\/69183940_1365171510305050_1447880337869766656_n.jpg?_nc_cat=104&#038;_nc_ohc=ZQTPURzSCTIAQnDDVpmFVD9n6SA4jd_zFbxfoN2Zp5Zf0z08v6EdLF7AQ&#038;_nc_ht=scontent.fuio15-1.fna&#038;oh=415162e3bbf1ad9c821bf01423cb8845&#038;oe=5EB1C158\"><img decoding=\"async\" class=\"wp_automatic_fb_img\" title=\"\" src=\"https:\/\/scontent.fuio15-1.fna.fbcdn.net\/v\/t1.0-9\/69183940_1365171510305050_1447880337869766656_n.jpg?_nc_cat=104&#038;_nc_ohc=ZQTPURzSCTIAQnDDVpmFVD9n6SA4jd_zFbxfoN2Zp5Zf0z08v6EdLF7AQ&#038;_nc_ht=scontent.fuio15-1.fna&#038;oh=415162e3bbf1ad9c821bf01423cb8845&#038;oe=5EB1C158\" \/><\/a><br \/><a href=\"https:\/\/scontent.fuio15-1.fna.fbcdn.net\/v\/t1.0-9\/69848964_1365171566971711_5233340306404933632_n.jpg?_nc_cat=102&#038;_nc_ohc=qnF9veRvQIkAQlpPoVmdlmoU52X1og6HN8dZ5tIRrlvgkyYoUIa4zWN1g&#038;_nc_ht=scontent.fuio15-1.fna&#038;oh=64c63b6079baad43c457b6b964a142ca&#038;oe=5E700B68\"><img decoding=\"async\" class=\"wp_automatic_fb_img\" title=\"\" src=\"https:\/\/scontent.fuio15-1.fna.fbcdn.net\/v\/t1.0-9\/69848964_1365171566971711_5233340306404933632_n.jpg?_nc_cat=102&#038;_nc_ohc=qnF9veRvQIkAQlpPoVmdlmoU52X1og6HN8dZ5tIRrlvgkyYoUIa4zWN1g&#038;_nc_ht=scontent.fuio15-1.fna&#038;oh=64c63b6079baad43c457b6b964a142ca&#038;oe=5E700B68\" \/><\/a><br \/><a href=\"https:\/\/scontent.fuio15-1.fna.fbcdn.net\/v\/t1.0-9\/69801609_1365171610305040_8511259638769909760_n.jpg?_nc_cat=100&#038;_nc_ohc=PQBLpgAZwCUAQlLrlaUg6N-gENZq-jyxLuJs7QU_tuEb9DecCL2NH59OA&#038;_nc_ht=scontent.fuio15-1.fna&#038;oh=7f3e004b6b2e0c805dc43d26d8975ac1&#038;oe=5EA5D370\"><img decoding=\"async\" class=\"wp_automatic_fb_img\" title=\"\" src=\"https:\/\/scontent.fuio15-1.fna.fbcdn.net\/v\/t1.0-9\/69801609_1365171610305040_8511259638769909760_n.jpg?_nc_cat=100&#038;_nc_ohc=PQBLpgAZwCUAQlLrlaUg6N-gENZq-jyxLuJs7QU_tuEb9DecCL2NH59OA&#038;_nc_ht=scontent.fuio15-1.fna&#038;oh=7f3e004b6b2e0c805dc43d26d8975ac1&#038;oe=5EA5D370\" \/><\/a><br \/><a href=\"https:\/\/scontent.fuio15-1.fna.fbcdn.net\/v\/t1.0-9\/69400030_1365171656971702_77658656593674240_n.jpg?_nc_cat=111&#038;_nc_ohc=wXi4m2PPzq4AQlOSMpRX9CHogeffwbJskhWoWpZnZqE91x6ulF7PqeYPg&#038;_nc_ht=scontent.fuio15-1.fna&#038;oh=5865f546617a4f25da15119f6aaa4696&#038;oe=5EAEAF91\"><img decoding=\"async\" class=\"wp_automatic_fb_img\" title=\"\" src=\"https:\/\/scontent.fuio15-1.fna.fbcdn.net\/v\/t1.0-9\/69400030_1365171656971702_77658656593674240_n.jpg?_nc_cat=111&#038;_nc_ohc=wXi4m2PPzq4AQlOSMpRX9CHogeffwbJskhWoWpZnZqE91x6ulF7PqeYPg&#038;_nc_ht=scontent.fuio15-1.fna&#038;oh=5865f546617a4f25da15119f6aaa4696&#038;oe=5EAEAF91\" \/><\/a><\/p>\n","protected":false},"author":1,"featured_media":1239,"comment_status":"open","ping_status":"open","sticky":false,"template":"","format":"standard","meta":[],"categories":[1],"tags":[62,439,182,23,440,438],"_links":{"self":[{"href":"https:\/\/bomberos.puyo.gob.ec\/2019\/wp-json\/wp\/v2\/posts\/1238"}],"collection":[{"href":"https:\/\/bomberos.puyo.gob.ec\/2019\/wp-json\/wp\/v2\/posts"}],"about":[{"href":"https:\/\/bomberos.puyo.gob.ec\/2019\/wp-json\/wp\/v2\/types\/post"}],"author":[{"embeddable":true,"href":"https:\/\/bomberos.puyo.gob.ec\/2019\/wp-json\/wp\/v2\/users\/1"}],"replies":[{"embeddable":true,"href":"https:\/\/bomberos.puyo.gob.ec\/2019\/wp-json\/wp\/v2\/comments?post=1238"}],"version-history":[{"count":1,"href":"https:\/\/bomberos.puyo.gob.ec\/2019\/wp-json\/wp\/v2\/posts\/1238\/revisions"}],"predecessor-version":[{"id":1240,"href":"https:\/\/bomberos.puyo.gob.ec\/2019\/wp-json\/wp\/v2\/posts\/1238\/revisions\/1240"}],"wp:featuredmedia":[{"embeddable":true,"href":"https:\/\/bomberos.puyo.gob.ec\/2019\/wp-json\/wp\/v2\/media\/1239"}],"wp:attachment":[{"href":"https:\/\/bomberos.puyo.gob.ec\/2019\/wp-json\/wp\/v2\/media?parent=1238"}],"wp:term":[{"taxonomy":"category","embeddable":true,"href":"https:\/\/bomberos.puyo.gob.ec\/2019\/wp-json\/wp\/v2\/categories?post=1238"},{"taxonomy":"post_tag","embeddable":true,"href":"https:\/\/bomberos.puyo.gob.ec\/2019\/wp-json\/wp\/v2\/tags?post=1238"}],"curies":[{"name":"wp","href":"https:\/\/api.w.org\/{rel}","templated":true}]}}