{"id":1235,"date":"2019-08-31T19:02:08","date_gmt":"2019-09-01T00:02:08","guid":{"rendered":"https:\/\/bomberos.puyo.gob.ec\/se-restablece-servicio-de-agua-potable-en-puyo\/"},"modified":"2019-12-25T09:09:47","modified_gmt":"2019-12-25T14:09:47","slug":"se-restablece-servicio-de-agua-potable-en-puyo","status":"publish","type":"post","link":"https:\/\/bomberos.puyo.gob.ec\/2019\/se-restablece-servicio-de-agua-potable-en-puyo\/","title":{"rendered":"Se restablece servicio de agua potable en Puyo"},"content":{"rendered":"<p><img decoding=\"async\"  title=\" Se restablece servicio de agua potable en Puyo\" src=\"https:\/\/bomberos.puyo.gob.ec\/2019\/wp-content\/uploads\/Se-restablece-servicio-de-agua-potable-en-Puyo.fna&#038;oh=3f8d970cec0c54df11bae1dc530df918&#038;oe=5E71911A.jpeg\" \/><\/a><\/p>\n<p>\/\/\u00faltima hora<\/p>\n<p> Tras cuatro d\u00edas de trabajar intensamente con dos m\u00e1quinas, una institucional y otra alquilada por Emapast por la emergencia, con el apoyo de seis t\u00e9cnicos y 50 trabajadores, el Municipio del cant\u00f3n Pastaza logr\u00f3 restablecer el servicio de agua que afect\u00f3 desde el mi\u00e9rcoles a varios sectores de Puyo. Se trata de la mayor afectaci\u00f3n hist\u00f3rica sufrida por esta planta que qued\u00f3 enterrada bajo decenas de metros c\u00fabicos de arena, roca y palizada, producto de la creciente del r\u00edo Blanco. El alcalde Oswaldo Z\u00fa\u00f1iga hizo el anuncio oficial la tarde de este s\u00e1bado 31 de agosto de 2019.<\/p>\n<p>[fb_vid  mute=1  autoplay= \u00abtrue\u00bb  id=\u00bbphoto_id\u00bb:\u00bb657246841450393&#8243;\u00bb][fb_vid  mute=1  autoplay= \u00abtrue\u00bb  id=\u00bb657246841450393&#8243;]\n<br \/><a href=\"https:\/\/www.facebook.com\/465093860312824\/posts\/1369133409908860\">en facebook&#8230; <\/a>  <\/p>\n","protected":false},"excerpt":{"rendered":"<p><img decoding=\"async\"  title=\" Se restablece servicio de agua potable en Puyo\" src=\"https:\/\/scontent.fuio15-1.fna.fbcdn.net\/v\/t15.13418-10\/67366792_433769473903859_6375860894869487616_n.jpg?_nc_cat=108&#038;_nc_ohc=L7_tdkWxvhUAQlQ3W9-fcdkNNepGt3SC5nQqLBSDev6O3WvJkBDyMxHOw&#038;_nc_ht=scontent.fuio15-1.fna&#038;oh=3f8d970cec0c54df11bae1dc530df918&#038;oe=5E71911A\" \/><\/a><\/p>\n<p>\/\/\u00faltima hora<\/p>\n<p> Tras cuatro d\u00edas de trabajar intensamente con dos m\u00e1quinas, una institucional y otra alquilada por Emapast por la emergencia, con el apoyo de seis t\u00e9cnicos y 50 trabajadores, el Municipio del cant\u00f3n Pastaza logr\u00f3 restablecer el servicio de agua que afect\u00f3 desde el mi\u00e9rcoles a varios sectores de Puyo. Se trata de la mayor afectaci\u00f3n hist\u00f3rica sufrida por esta planta que qued\u00f3 enterrada bajo decenas de metros c\u00fabicos de arena, roca y palizada, producto de la creciente del r\u00edo Blanco. El alcalde Oswaldo Z\u00fa\u00f1iga hizo el anuncio oficial la tarde de este s\u00e1bado 31 de agosto de 2019.<\/p>\n<p>[fb_vid  mute=1  autoplay= \u00abtrue\u00bb  id=\u00bbphoto_id\u00bb:\u00bb657246841450393&#8243;\u00bb][fb_vid  mute=1  autoplay= \u00abtrue\u00bb  id=\u00bb657246841450393&#8243;]<\/p>\n","protected":false},"author":1,"featured_media":1236,"comment_status":"open","ping_status":"open","sticky":false,"template":"","format":"standard","meta":[],"categories":[1],"tags":[435,437,283,436,164],"_links":{"self":[{"href":"https:\/\/bomberos.puyo.gob.ec\/2019\/wp-json\/wp\/v2\/posts\/1235"}],"collection":[{"href":"https:\/\/bomberos.puyo.gob.ec\/2019\/wp-json\/wp\/v2\/posts"}],"about":[{"href":"https:\/\/bomberos.puyo.gob.ec\/2019\/wp-json\/wp\/v2\/types\/post"}],"author":[{"embeddable":true,"href":"https:\/\/bomberos.puyo.gob.ec\/2019\/wp-json\/wp\/v2\/users\/1"}],"replies":[{"embeddable":true,"href":"https:\/\/bomberos.puyo.gob.ec\/2019\/wp-json\/wp\/v2\/comments?post=1235"}],"version-history":[{"count":1,"href":"https:\/\/bomberos.puyo.gob.ec\/2019\/wp-json\/wp\/v2\/posts\/1235\/revisions"}],"predecessor-version":[{"id":1237,"href":"https:\/\/bomberos.puyo.gob.ec\/2019\/wp-json\/wp\/v2\/posts\/1235\/revisions\/1237"}],"wp:featuredmedia":[{"embeddable":true,"href":"https:\/\/bomberos.puyo.gob.ec\/2019\/wp-json\/wp\/v2\/media\/1236"}],"wp:attachment":[{"href":"https:\/\/bomberos.puyo.gob.ec\/2019\/wp-json\/wp\/v2\/media?parent=1235"}],"wp:term":[{"taxonomy":"category","embeddable":true,"href":"https:\/\/bomberos.puyo.gob.ec\/2019\/wp-json\/wp\/v2\/categories?post=1235"},{"taxonomy":"post_tag","embeddable":true,"href":"https:\/\/bomberos.puyo.gob.ec\/2019\/wp-json\/wp\/v2\/tags?post=1235"}],"curies":[{"name":"wp","href":"https:\/\/api.w.org\/{rel}","templated":true}]}}