{"id":1226,"date":"2019-09-03T13:09:27","date_gmt":"2019-09-03T18:09:27","guid":{"rendered":"https:\/\/bomberos.puyo.gob.ec\/incendioforestal-el-ecu-911-reporto-la-emergencia-del-flagelo-que-se-produ\/"},"modified":"2019-12-25T04:57:12","modified_gmt":"2019-12-25T09:57:12","slug":"incendioforestal-el-ecu-911-reporto-la-emergencia-del-flagelo-que-se-produ","status":"publish","type":"post","link":"https:\/\/bomberos.puyo.gob.ec\/2019\/incendioforestal-el-ecu-911-reporto-la-emergencia-del-flagelo-que-se-produ\/","title":{"rendered":"|#IncendioForestal#|\n El Ecu 911 report\u00f3 la emergencia del flagelo que se  produ&#8230;"},"content":{"rendered":"<p><span><\/p>\n<p>|<a><span>#IncendioForest<\/span><wbr><\/wbr><span class=\"word_break\"><\/span>al<\/a>#|<\/p>\n<p> El Ecu 911 report\u00f3 la emergencia del flagelo que se  produjo en el km  40 v\u00eda a Macas. El personal del Cuerpo de Bomberos acudi\u00f3 de inmediato y  apag\u00f3 las llamas que consum\u00edan la vegetaci\u00f3n varios metros a lo largo de la v\u00eda. Se desconocen las causas del fuego.<\/p>\n<p><\/span><br \/>\n<br \/><a href=\"https:\/\/bomberos.puyo.gob.ec\/2019\/wp-content\/uploads\/IncendioForestal-El-Ecu-911-reporto-la-emergencia-del-flagelo-que.fna&#038;oh=7f0877bdc31ae9c7f44d8bdcb5bdbe5b&#038;oe=5E748E18.jpeg\"><img decoding=\"async\" class=\"wp_automatic_fb_img\" title=\"\" src=\"https:\/\/bomberos.puyo.gob.ec\/2019\/wp-content\/uploads\/IncendioForestal-El-Ecu-911-reporto-la-emergencia-del-flagelo-que.fna&#038;oh=7f0877bdc31ae9c7f44d8bdcb5bdbe5b&#038;oe=5E748E18.jpeg\" \/><\/a><br \/><a href=\"https:\/\/bomberos.puyo.gob.ec\/2019\/wp-content\/uploads\/IncendioForestal-El-Ecu-911-reporto-la-emergencia-del-flagelo-que.fna&#038;oh=ca882cc9390fba09187ae62339b178a9&#038;oe=5EB3F4C1.jpeg\"><img decoding=\"async\" class=\"wp_automatic_fb_img\" title=\"\" src=\"https:\/\/bomberos.puyo.gob.ec\/2019\/wp-content\/uploads\/IncendioForestal-El-Ecu-911-reporto-la-emergencia-del-flagelo-que.fna&#038;oh=ca882cc9390fba09187ae62339b178a9&#038;oe=5EB3F4C1.jpeg\" \/><\/a><br \/><a href=\"https:\/\/bomberos.puyo.gob.ec\/2019\/wp-content\/uploads\/IncendioForestal-El-Ecu-911-reporto-la-emergencia-del-flagelo-que.fna&#038;oh=aa8328a4ea8afadc9a29c1b167598c67&#038;oe=5E7743BA.jpeg\"><img decoding=\"async\" class=\"wp_automatic_fb_img\" title=\"\" src=\"https:\/\/bomberos.puyo.gob.ec\/2019\/wp-content\/uploads\/IncendioForestal-El-Ecu-911-reporto-la-emergencia-del-flagelo-que.fna&#038;oh=aa8328a4ea8afadc9a29c1b167598c67&#038;oe=5E7743BA.jpeg\" \/><\/a><br \/><a href=\"https:\/\/bomberos.puyo.gob.ec\/2019\/wp-content\/uploads\/IncendioForestal-El-Ecu-911-reporto-la-emergencia-del-flagelo-que.fna&#038;oh=ff6723d5fef01749ad67831ecdcc641a&#038;oe=5E75EDF7.jpeg\"><img decoding=\"async\" class=\"wp_automatic_fb_img\" title=\"\" src=\"https:\/\/bomberos.puyo.gob.ec\/2019\/wp-content\/uploads\/IncendioForestal-El-Ecu-911-reporto-la-emergencia-del-flagelo-que.fna&#038;oh=ff6723d5fef01749ad67831ecdcc641a&#038;oe=5E75EDF7.jpeg\" \/><\/a><br \/><a href=\"https:\/\/bomberos.puyo.gob.ec\/2019\/wp-content\/uploads\/IncendioForestal-El-Ecu-911-reporto-la-emergencia-del-flagelo-que.fna&#038;oh=bcd9290c6476e2b236666cbfb23826c6&#038;oe=5E736552.jpeg\"><img decoding=\"async\" class=\"wp_automatic_fb_img\" title=\"\" src=\"https:\/\/bomberos.puyo.gob.ec\/2019\/wp-content\/uploads\/IncendioForestal-El-Ecu-911-reporto-la-emergencia-del-flagelo-que.fna&#038;oh=bcd9290c6476e2b236666cbfb23826c6&#038;oe=5E736552.jpeg\" \/><\/a><br \/><a href=\"https:\/\/bomberos.puyo.gob.ec\/2019\/wp-content\/uploads\/IncendioForestal-El-Ecu-911-reporto-la-emergencia-del-flagelo-que.fna&#038;oh=ba4f7aa9d19f080d2020ce657dc21296&#038;oe=5EB0A4E7.jpeg\"><img decoding=\"async\" class=\"wp_automatic_fb_img\" title=\"\" src=\"https:\/\/bomberos.puyo.gob.ec\/2019\/wp-content\/uploads\/IncendioForestal-El-Ecu-911-reporto-la-emergencia-del-flagelo-que.fna&#038;oh=ba4f7aa9d19f080d2020ce657dc21296&#038;oe=5EB0A4E7.jpeg\" \/><\/a><br \/>\n<br \/><a href=\"https:\/\/www.facebook.com\/465093860312824\/posts\/1371195739702627\">en facebook&#8230; <\/a>  <\/p>\n","protected":false},"excerpt":{"rendered":"<p><span><\/p>\n<p>|<a><span>#IncendioForest<\/span><wbr><\/wbr><span class=\"word_break\"><\/span>al<\/a>#|<\/p>\n<p> El Ecu 911 report\u00f3 la emergencia del flagelo que se  produjo en el km  40 v\u00eda a Macas. El personal del Cuerpo de Bomberos acudi\u00f3 de inmediato y  apag\u00f3 las llamas que consum\u00edan la vegetaci\u00f3n varios metros a lo largo de la v\u00eda. Se desconocen las causas del fuego.<\/p>\n<p><\/span><br \/>\n<br \/><a href=\"https:\/\/scontent.fuio15-1.fna.fbcdn.net\/v\/t1.0-9\/69695686_1371195353035999_2011605876485390336_n.jpg?_nc_cat=110&#038;_nc_ohc=S6aabEHmvbYAQlNYwYCOtVbHjsexBi3zpBcAOHncR8IEU9aGtkXSsvs1A&#038;_nc_ht=scontent.fuio15-1.fna&#038;oh=7f0877bdc31ae9c7f44d8bdcb5bdbe5b&#038;oe=5E748E18\"><img decoding=\"async\" class=\"wp_automatic_fb_img\" title=\"\" src=\"https:\/\/scontent.fuio15-1.fna.fbcdn.net\/v\/t1.0-9\/69695686_1371195353035999_2011605876485390336_n.jpg?_nc_cat=110&#038;_nc_ohc=S6aabEHmvbYAQlNYwYCOtVbHjsexBi3zpBcAOHncR8IEU9aGtkXSsvs1A&#038;_nc_ht=scontent.fuio15-1.fna&#038;oh=7f0877bdc31ae9c7f44d8bdcb5bdbe5b&#038;oe=5E748E18\" \/><\/a><br \/><a href=\"https:\/\/scontent.fuio15-1.fna.fbcdn.net\/v\/t1.0-9\/69348207_1371195389702662_4150282788534222848_n.jpg?_nc_cat=101&#038;_nc_ohc=qjRWwydoE2YAQlAikcrkQ0LXWq4_e-xR87MdRWOLS-MvwWITT8BvRRE1g&#038;_nc_ht=scontent.fuio15-1.fna&#038;oh=ca882cc9390fba09187ae62339b178a9&#038;oe=5EB3F4C1\"><img decoding=\"async\" class=\"wp_automatic_fb_img\" title=\"\" src=\"https:\/\/scontent.fuio15-1.fna.fbcdn.net\/v\/t1.0-9\/69348207_1371195389702662_4150282788534222848_n.jpg?_nc_cat=101&#038;_nc_ohc=qjRWwydoE2YAQlAikcrkQ0LXWq4_e-xR87MdRWOLS-MvwWITT8BvRRE1g&#038;_nc_ht=scontent.fuio15-1.fna&#038;oh=ca882cc9390fba09187ae62339b178a9&#038;oe=5EB3F4C1\" \/><\/a><br \/><a href=\"https:\/\/scontent.fuio15-1.fna.fbcdn.net\/v\/t1.0-9\/69425358_1371195463035988_5679454204343615488_n.jpg?_nc_cat=102&#038;_nc_ohc=BSKkt5JDRVYAQmnONAv1U8iAKk6Mic2EdfGDxksA20aZaBZavOqkTT7pg&#038;_nc_ht=scontent.fuio15-1.fna&#038;oh=aa8328a4ea8afadc9a29c1b167598c67&#038;oe=5E7743BA\"><img decoding=\"async\" class=\"wp_automatic_fb_img\" title=\"\" src=\"https:\/\/scontent.fuio15-1.fna.fbcdn.net\/v\/t1.0-9\/69425358_1371195463035988_5679454204343615488_n.jpg?_nc_cat=102&#038;_nc_ohc=BSKkt5JDRVYAQmnONAv1U8iAKk6Mic2EdfGDxksA20aZaBZavOqkTT7pg&#038;_nc_ht=scontent.fuio15-1.fna&#038;oh=aa8328a4ea8afadc9a29c1b167598c67&#038;oe=5E7743BA\" \/><\/a><br \/><a href=\"https:\/\/scontent.fuio15-1.fna.fbcdn.net\/v\/t1.0-9\/69641207_1371195559702645_3578712380483305472_n.jpg?_nc_cat=102&#038;_nc_ohc=yVDu7iVRZewAQkLe4meu7C_haZrntIYS7o7g_4mNJnxzm2-Dx9la8RxmA&#038;_nc_ht=scontent.fuio15-1.fna&#038;oh=ff6723d5fef01749ad67831ecdcc641a&#038;oe=5E75EDF7\"><img decoding=\"async\" class=\"wp_automatic_fb_img\" title=\"\" src=\"https:\/\/scontent.fuio15-1.fna.fbcdn.net\/v\/t1.0-9\/69641207_1371195559702645_3578712380483305472_n.jpg?_nc_cat=102&#038;_nc_ohc=yVDu7iVRZewAQkLe4meu7C_haZrntIYS7o7g_4mNJnxzm2-Dx9la8RxmA&#038;_nc_ht=scontent.fuio15-1.fna&#038;oh=ff6723d5fef01749ad67831ecdcc641a&#038;oe=5E75EDF7\" \/><\/a><br \/><a href=\"https:\/\/scontent.fuio15-1.fna.fbcdn.net\/v\/t1.0-9\/69696066_1371195639702637_6672095045656510464_n.jpg?_nc_cat=107&#038;_nc_ohc=tsmxXwXVpBAAQnQIDs6ctd7ISJBq7iYEb3XdVTulI0gVlb4HVu-Uyw60A&#038;_nc_ht=scontent.fuio15-1.fna&#038;oh=bcd9290c6476e2b236666cbfb23826c6&#038;oe=5E736552\"><img decoding=\"async\" class=\"wp_automatic_fb_img\" title=\"\" src=\"https:\/\/scontent.fuio15-1.fna.fbcdn.net\/v\/t1.0-9\/69696066_1371195639702637_6672095045656510464_n.jpg?_nc_cat=107&#038;_nc_ohc=tsmxXwXVpBAAQnQIDs6ctd7ISJBq7iYEb3XdVTulI0gVlb4HVu-Uyw60A&#038;_nc_ht=scontent.fuio15-1.fna&#038;oh=bcd9290c6476e2b236666cbfb23826c6&#038;oe=5E736552\" \/><\/a><br \/><a href=\"https:\/\/scontent.fuio15-1.fna.fbcdn.net\/v\/t1.0-9\/69318715_1371195729702628_2364633895950876672_n.jpg?_nc_cat=106&#038;_nc_ohc=bvFcabSd3JkAQlfMmji7OR0DjwW4CkQ_Zcf4HxEDNGNbZ1rzn5CZYZWpg&#038;_nc_ht=scontent.fuio15-1.fna&#038;oh=ba4f7aa9d19f080d2020ce657dc21296&#038;oe=5EB0A4E7\"><img decoding=\"async\" class=\"wp_automatic_fb_img\" title=\"\" src=\"https:\/\/scontent.fuio15-1.fna.fbcdn.net\/v\/t1.0-9\/69318715_1371195729702628_2364633895950876672_n.jpg?_nc_cat=106&#038;_nc_ohc=bvFcabSd3JkAQlfMmji7OR0DjwW4CkQ_Zcf4HxEDNGNbZ1rzn5CZYZWpg&#038;_nc_ht=scontent.fuio15-1.fna&#038;oh=ba4f7aa9d19f080d2020ce657dc21296&#038;oe=5EB0A4E7\" \/><\/a><\/p>\n","protected":false},"author":1,"featured_media":1227,"comment_status":"open","ping_status":"open","sticky":false,"template":"","format":"standard","meta":[],"categories":[1],"tags":[32,33,182,426,424,427,425],"_links":{"self":[{"href":"https:\/\/bomberos.puyo.gob.ec\/2019\/wp-json\/wp\/v2\/posts\/1226"}],"collection":[{"href":"https:\/\/bomberos.puyo.gob.ec\/2019\/wp-json\/wp\/v2\/posts"}],"about":[{"href":"https:\/\/bomberos.puyo.gob.ec\/2019\/wp-json\/wp\/v2\/types\/post"}],"author":[{"embeddable":true,"href":"https:\/\/bomberos.puyo.gob.ec\/2019\/wp-json\/wp\/v2\/users\/1"}],"replies":[{"embeddable":true,"href":"https:\/\/bomberos.puyo.gob.ec\/2019\/wp-json\/wp\/v2\/comments?post=1226"}],"version-history":[{"count":1,"href":"https:\/\/bomberos.puyo.gob.ec\/2019\/wp-json\/wp\/v2\/posts\/1226\/revisions"}],"predecessor-version":[{"id":1228,"href":"https:\/\/bomberos.puyo.gob.ec\/2019\/wp-json\/wp\/v2\/posts\/1226\/revisions\/1228"}],"wp:featuredmedia":[{"embeddable":true,"href":"https:\/\/bomberos.puyo.gob.ec\/2019\/wp-json\/wp\/v2\/media\/1227"}],"wp:attachment":[{"href":"https:\/\/bomberos.puyo.gob.ec\/2019\/wp-json\/wp\/v2\/media?parent=1226"}],"wp:term":[{"taxonomy":"category","embeddable":true,"href":"https:\/\/bomberos.puyo.gob.ec\/2019\/wp-json\/wp\/v2\/categories?post=1226"},{"taxonomy":"post_tag","embeddable":true,"href":"https:\/\/bomberos.puyo.gob.ec\/2019\/wp-json\/wp\/v2\/tags?post=1226"}],"curies":[{"name":"wp","href":"https:\/\/api.w.org\/{rel}","templated":true}]}}