{"id":1208,"date":"2019-09-10T08:15:16","date_gmt":"2019-09-10T13:15:16","guid":{"rendered":"https:\/\/bomberos.puyo.gob.ec\/minutocivico-en-la-brigada-de-selva-17-pastaza-el-cuerpo-de-bomberos-municipa\/"},"modified":"2019-12-24T21:40:00","modified_gmt":"2019-12-25T02:40:00","slug":"minutocivico-en-la-brigada-de-selva-17-pastaza-el-cuerpo-de-bomberos-municipa","status":"publish","type":"post","link":"https:\/\/bomberos.puyo.gob.ec\/2019\/minutocivico-en-la-brigada-de-selva-17-pastaza-el-cuerpo-de-bomberos-municipa\/","title":{"rendered":"#MinutoCivico#\n En la Brigada de Selva 17 Pastaza el Cuerpo de Bomberos Municipa&#8230;"},"content":{"rendered":"<p><a class=\"_58cn\" href=\"https:\/\/facebook.com\/hashtag\/minutocivico?source=feed_text&#038;epa=HASHTAG&#038;__xts__%5B0%5D=68.ARARbpqE3_xWeQqP76rHj6STjpu3129bEfKVEW9yqfxIu_2o8xuiYOGnJke304Y-hSJRq_V60bxUS_Crv81PNOEtURy7kglu_NL423ya0eivIfeZJdw5BKA_QNQus20RISTDDJnVeJkfK6NTygIr8g61TiQnWZV_vRTQaEmU4JpnjZPbuX-IrVRyw6TRvKfuOHTHdQmiK8RZSQ9zGxMLLuu5kMBEjrV2yXKPL5kThdrWX87oShk1vYSkhnCM2rfQSQ8ROHv4nlx5EXduUJrJaPTiIjVOAeQfFgz3dAlFjkoFkhZMSRuqwlCSYQ22O9zTtMGtRJccAbOqlTXjgnVAxMCb9w&#038;__tn__=%2ANK-R\" data-ft=\"&#123;&quot;type&quot;:104,&quot;tn&quot;:&quot;*N&quot;&#125;\"><span class=\"_5afx\"><span aria-label=\"hashtag\" class=\"_58cl _5afz\">#MinutoCivico<\/span><\/span><\/a>#<\/p>\n<p> En la Brigada de Selva 17 Pastaza el Cuerpo de Bomberos Municipal del cant\u00f3n Pastaza  junto a las instituciones activadas para la b\u00fasqueda y rescate de Carlos Paucar y Paul Quintero, participan en el Minuto C\u00edvico y Ceremonia de agradecimiento por parte del Presidente del Comit\u00e9 de Trabajadores del Municipio de Pillaro y familiares de los rescatados en los Llanganates.<\/p>\n<p><a href=\"https:\/\/bomberos.puyo.gob.ec\/2019\/wp-content\/uploads\/MinutoCivico-En-la-Brigada-de-Selva-17-Pastaza-el-Cuerpo.fna&#038;oh=9b9faade94b6c8f366b039ad9fad3b80&#038;oe=5EA8C7F7.jpeg\"><img decoding=\"async\" class=\"wp_automatic_fb_img\" title=\"\" src=\"https:\/\/bomberos.puyo.gob.ec\/2019\/wp-content\/uploads\/MinutoCivico-En-la-Brigada-de-Selva-17-Pastaza-el-Cuerpo.fna&#038;oh=9b9faade94b6c8f366b039ad9fad3b80&#038;oe=5EA8C7F7.jpeg\" \/><\/a><br \/><a href=\"https:\/\/bomberos.puyo.gob.ec\/2019\/wp-content\/uploads\/MinutoCivico-En-la-Brigada-de-Selva-17-Pastaza-el-Cuerpo.fna&#038;oh=131a1efaf86ba8e3ab992edf50819d11&#038;oe=5E73C8A9.jpeg\"><img decoding=\"async\" class=\"wp_automatic_fb_img\" title=\"\" src=\"https:\/\/bomberos.puyo.gob.ec\/2019\/wp-content\/uploads\/MinutoCivico-En-la-Brigada-de-Selva-17-Pastaza-el-Cuerpo.fna&#038;oh=131a1efaf86ba8e3ab992edf50819d11&#038;oe=5E73C8A9.jpeg\" \/><\/a><br \/><a href=\"https:\/\/bomberos.puyo.gob.ec\/2019\/wp-content\/uploads\/MinutoCivico-En-la-Brigada-de-Selva-17-Pastaza-el-Cuerpo.fna&#038;oh=4409e12eae94481c4c5b25fe6b461edb&#038;oe=5E6D7662.jpeg\"><img decoding=\"async\" class=\"wp_automatic_fb_img\" title=\"\" src=\"https:\/\/bomberos.puyo.gob.ec\/2019\/wp-content\/uploads\/MinutoCivico-En-la-Brigada-de-Selva-17-Pastaza-el-Cuerpo.fna&#038;oh=4409e12eae94481c4c5b25fe6b461edb&#038;oe=5E6D7662.jpeg\" \/><\/a><br \/><a href=\"https:\/\/bomberos.puyo.gob.ec\/2019\/wp-content\/uploads\/MinutoCivico-En-la-Brigada-de-Selva-17-Pastaza-el-Cuerpo.fna&#038;oh=d42494f16e1c8b10e3e0d9003204083b&#038;oe=5EB1FC41.jpeg\"><img decoding=\"async\" class=\"wp_automatic_fb_img\" title=\"\" src=\"https:\/\/bomberos.puyo.gob.ec\/2019\/wp-content\/uploads\/MinutoCivico-En-la-Brigada-de-Selva-17-Pastaza-el-Cuerpo.fna&#038;oh=d42494f16e1c8b10e3e0d9003204083b&#038;oe=5EB1FC41.jpeg\" \/><\/a><br \/>\n<br \/><a href=\"https:\/\/www.facebook.com\/465093860312824\/posts\/1376628659159335\">en facebook&#8230; <\/a>  <\/p>\n","protected":false},"excerpt":{"rendered":"<p><a class=\"_58cn\" href=\"https:\/\/facebook.com\/hashtag\/minutocivico?source=feed_text&#038;epa=HASHTAG&#038;__xts__%5B0%5D=68.ARARbpqE3_xWeQqP76rHj6STjpu3129bEfKVEW9yqfxIu_2o8xuiYOGnJke304Y-hSJRq_V60bxUS_Crv81PNOEtURy7kglu_NL423ya0eivIfeZJdw5BKA_QNQus20RISTDDJnVeJkfK6NTygIr8g61TiQnWZV_vRTQaEmU4JpnjZPbuX-IrVRyw6TRvKfuOHTHdQmiK8RZSQ9zGxMLLuu5kMBEjrV2yXKPL5kThdrWX87oShk1vYSkhnCM2rfQSQ8ROHv4nlx5EXduUJrJaPTiIjVOAeQfFgz3dAlFjkoFkhZMSRuqwlCSYQ22O9zTtMGtRJccAbOqlTXjgnVAxMCb9w&#038;__tn__=%2ANK-R\" data-ft=\"&#123;&quot;type&quot;:104,&quot;tn&quot;:&quot;*N&quot;&#125;\"><span class=\"_5afx\"><span aria-label=\"hashtag\" class=\"_58cl _5afz\">#MinutoCivico<\/span><\/span><\/a>#<\/p>\n<p> En la Brigada de Selva 17 Pastaza el Cuerpo de Bomberos Municipal del cant\u00f3n Pastaza  junto a las instituciones activadas para la b\u00fasqueda y rescate de Carlos Paucar y Paul Quintero, participan en el Minuto C\u00edvico y Ceremonia de agradecimiento por parte del Presidente del Comit\u00e9 de Trabajadores del Municipio de Pillaro y familiares de los rescatados en los Llanganates.<\/p>\n<p><a href=\"https:\/\/scontent.fuio15-1.fna.fbcdn.net\/v\/t1.0-9\/70178814_1376628459159355_6204908620824444928_n.jpg?_nc_cat=109&#038;_nc_ohc=yLEuEKK-_WEAQkkEHYDlvZTclX938V7W_T8fhlazRN_vpEftJxtahM9iw&#038;_nc_ht=scontent.fuio15-1.fna&#038;oh=9b9faade94b6c8f366b039ad9fad3b80&#038;oe=5EA8C7F7\"><img decoding=\"async\" class=\"wp_automatic_fb_img\" title=\"\" src=\"https:\/\/scontent.fuio15-1.fna.fbcdn.net\/v\/t1.0-9\/70178814_1376628459159355_6204908620824444928_n.jpg?_nc_cat=109&#038;_nc_ohc=yLEuEKK-_WEAQkkEHYDlvZTclX938V7W_T8fhlazRN_vpEftJxtahM9iw&#038;_nc_ht=scontent.fuio15-1.fna&#038;oh=9b9faade94b6c8f366b039ad9fad3b80&#038;oe=5EA8C7F7\" \/><\/a><br \/><a href=\"https:\/\/scontent.fuio15-1.fna.fbcdn.net\/v\/t1.0-9\/71085959_1376628535826014_7257813986513518592_n.jpg?_nc_cat=109&#038;_nc_ohc=2tS144ScEisAQkc7TqUHmKb0R1vqPmKlBrypAAfncw0Wo7NUkgjiKd52Q&#038;_nc_ht=scontent.fuio15-1.fna&#038;oh=131a1efaf86ba8e3ab992edf50819d11&#038;oe=5E73C8A9\"><img decoding=\"async\" class=\"wp_automatic_fb_img\" title=\"\" src=\"https:\/\/scontent.fuio15-1.fna.fbcdn.net\/v\/t1.0-9\/71085959_1376628535826014_7257813986513518592_n.jpg?_nc_cat=109&#038;_nc_ohc=2tS144ScEisAQkc7TqUHmKb0R1vqPmKlBrypAAfncw0Wo7NUkgjiKd52Q&#038;_nc_ht=scontent.fuio15-1.fna&#038;oh=131a1efaf86ba8e3ab992edf50819d11&#038;oe=5E73C8A9\" \/><\/a><br \/><a href=\"https:\/\/scontent.fuio15-1.fna.fbcdn.net\/v\/t1.0-9\/69651314_1376628592492675_7289548726769549312_n.jpg?_nc_cat=101&#038;_nc_ohc=3RAR7MurJwEAQmfrwM_OFxTBBYRl7qACm7GMZEo6QXKca8JIeC0L9ku3w&#038;_nc_ht=scontent.fuio15-1.fna&#038;oh=4409e12eae94481c4c5b25fe6b461edb&#038;oe=5E6D7662\"><img decoding=\"async\" class=\"wp_automatic_fb_img\" title=\"\" src=\"https:\/\/scontent.fuio15-1.fna.fbcdn.net\/v\/t1.0-9\/69651314_1376628592492675_7289548726769549312_n.jpg?_nc_cat=101&#038;_nc_ohc=3RAR7MurJwEAQmfrwM_OFxTBBYRl7qACm7GMZEo6QXKca8JIeC0L9ku3w&#038;_nc_ht=scontent.fuio15-1.fna&#038;oh=4409e12eae94481c4c5b25fe6b461edb&#038;oe=5E6D7662\" \/><\/a><br \/><a href=\"https:\/\/scontent.fuio15-1.fna.fbcdn.net\/v\/t1.0-9\/69865045_1376628629159338_4788069888503578624_n.jpg?_nc_cat=107&#038;_nc_ohc=JhRFWSdVolYAQkzkWLliMpKP1NwsDcAxGyQCOlfta90effacx0a70qN2Q&#038;_nc_ht=scontent.fuio15-1.fna&#038;oh=d42494f16e1c8b10e3e0d9003204083b&#038;oe=5EB1FC41\"><img decoding=\"async\" class=\"wp_automatic_fb_img\" title=\"\" src=\"https:\/\/scontent.fuio15-1.fna.fbcdn.net\/v\/t1.0-9\/69865045_1376628629159338_4788069888503578624_n.jpg?_nc_cat=107&#038;_nc_ohc=JhRFWSdVolYAQkzkWLliMpKP1NwsDcAxGyQCOlfta90effacx0a70qN2Q&#038;_nc_ht=scontent.fuio15-1.fna&#038;oh=d42494f16e1c8b10e3e0d9003204083b&#038;oe=5EB1FC41\" \/><\/a><\/p>\n","protected":false},"author":1,"featured_media":1209,"comment_status":"open","ping_status":"open","sticky":false,"template":"","format":"standard","meta":[],"categories":[1],"tags":[73,413,64,412,415,74,414],"_links":{"self":[{"href":"https:\/\/bomberos.puyo.gob.ec\/2019\/wp-json\/wp\/v2\/posts\/1208"}],"collection":[{"href":"https:\/\/bomberos.puyo.gob.ec\/2019\/wp-json\/wp\/v2\/posts"}],"about":[{"href":"https:\/\/bomberos.puyo.gob.ec\/2019\/wp-json\/wp\/v2\/types\/post"}],"author":[{"embeddable":true,"href":"https:\/\/bomberos.puyo.gob.ec\/2019\/wp-json\/wp\/v2\/users\/1"}],"replies":[{"embeddable":true,"href":"https:\/\/bomberos.puyo.gob.ec\/2019\/wp-json\/wp\/v2\/comments?post=1208"}],"version-history":[{"count":1,"href":"https:\/\/bomberos.puyo.gob.ec\/2019\/wp-json\/wp\/v2\/posts\/1208\/revisions"}],"predecessor-version":[{"id":1210,"href":"https:\/\/bomberos.puyo.gob.ec\/2019\/wp-json\/wp\/v2\/posts\/1208\/revisions\/1210"}],"wp:featuredmedia":[{"embeddable":true,"href":"https:\/\/bomberos.puyo.gob.ec\/2019\/wp-json\/wp\/v2\/media\/1209"}],"wp:attachment":[{"href":"https:\/\/bomberos.puyo.gob.ec\/2019\/wp-json\/wp\/v2\/media?parent=1208"}],"wp:term":[{"taxonomy":"category","embeddable":true,"href":"https:\/\/bomberos.puyo.gob.ec\/2019\/wp-json\/wp\/v2\/categories?post=1208"},{"taxonomy":"post_tag","embeddable":true,"href":"https:\/\/bomberos.puyo.gob.ec\/2019\/wp-json\/wp\/v2\/tags?post=1208"}],"curies":[{"name":"wp","href":"https:\/\/api.w.org\/{rel}","templated":true}]}}