{"id":1202,"date":"2019-09-10T14:48:09","date_gmt":"2019-09-10T19:48:09","guid":{"rendered":"https:\/\/bomberos.puyo.gob.ec\/capacitaciondesde-el-dia-de-hoy-dio-inicio-el-taller-de-manejo-y-contencion-de\/"},"modified":"2019-12-24T18:33:29","modified_gmt":"2019-12-24T23:33:29","slug":"capacitaciondesde-el-dia-de-hoy-dio-inicio-el-taller-de-manejo-y-contencion-de","status":"publish","type":"post","link":"https:\/\/bomberos.puyo.gob.ec\/2019\/capacitaciondesde-el-dia-de-hoy-dio-inicio-el-taller-de-manejo-y-contencion-de\/","title":{"rendered":"#Capacitacion#Desde el d\u00eda de hoy dio inicio el TALLER DE MANEJO Y CONTENCI\u00d3N DE&#8230;"},"content":{"rendered":"<p><a class=\"_58cn\" href=\"https:\/\/facebook.com\/hashtag\/capacitacion?source=feed_text&#038;epa=HASHTAG&#038;__xts__%5B0%5D=68.ARBR65GtAtIc3JfkpoO3V8INeoPW0b2okpkq6adAUaCVf1N90y5l981OrPY5_rjJgQ7XrM42IdRGsbIALWW2ijlL5ttmV5ftanjSPfnT2MlhFgovUbA7OZY9y6Jd78Iz1ChgqjFX1RwsnHjg1afhjEHwK6PsFJ6yxkXFHkNSYFb5V0hxYgUPo6pMReC0_Lwj_hvvzWkrfG7DqczppGqLGg4n9q_1UYSd5PVZbjNz-f3lOaEkWkJ-D7Ke3aXV3us927SwU8wh0eOV39Kd27TGcozaS6risri1ErMh2qtjWLjUXWndclI6zgkg_QXUnD3zlUr0UmeRBaUQv8uYrITrG4RBjw&#038;__tn__=%2ANK-R\" data-ft=\"&#123;&quot;type&quot;:104,&quot;tn&quot;:&quot;*N&quot;&#125;\"><span class=\"_5afx\"><span aria-label=\"hashtag\" class=\"_58cl _5afz\">#Capacitacion<\/span><\/span><\/a>#Desde el d\u00eda de hoy dio inicio el TALLER DE MANEJO Y CONTENCI\u00d3N DE FAUNA SILVESTRE hasta el viernes 13  de septiembre, impartido por el Ministerio de Ambiente de Pastaza MAE. <br \/> En dicho Taller participan 20 efectivos de nuestra instituci\u00f3n, personal del Cuerpo de Bomberos de Mera, Personal de la Brigada de selva 17 Pastaza y personal de Polic\u00eda Nacional. <br \/> Este taller nos ser\u00e1 de gran ayuda y mejorar el manejo y contenci\u00f3n de la fauna silvestre que hoy en d\u00eda a trav\u00e9s del ECU 911 nos reportan para el respectivo rescate.<\/p>\n<p><a href=\"https:\/\/bomberos.puyo.gob.ec\/2019\/wp-content\/uploads\/CapacitacionDesde-el-dia-de-hoy-dio-inicio-el-TALLER-DE.fna&#038;oh=68fecc792038c8639662bb9f45a4e314&#038;oe=5EA99484.jpeg\"><img decoding=\"async\" class=\"wp_automatic_fb_img\" title=\"\" src=\"https:\/\/bomberos.puyo.gob.ec\/2019\/wp-content\/uploads\/CapacitacionDesde-el-dia-de-hoy-dio-inicio-el-TALLER-DE.fna&#038;oh=68fecc792038c8639662bb9f45a4e314&#038;oe=5EA99484.jpeg\" \/><\/a><br \/><a href=\"https:\/\/bomberos.puyo.gob.ec\/2019\/wp-content\/uploads\/CapacitacionDesde-el-dia-de-hoy-dio-inicio-el-TALLER-DE.fna&#038;oh=3908f21859884ab30e2aef8b4e5651d3&#038;oe=5E686CAB.jpeg\"><img decoding=\"async\" class=\"wp_automatic_fb_img\" title=\"\" src=\"https:\/\/bomberos.puyo.gob.ec\/2019\/wp-content\/uploads\/CapacitacionDesde-el-dia-de-hoy-dio-inicio-el-TALLER-DE.fna&#038;oh=3908f21859884ab30e2aef8b4e5651d3&#038;oe=5E686CAB.jpeg\" \/><\/a><br \/><a href=\"https:\/\/bomberos.puyo.gob.ec\/2019\/wp-content\/uploads\/CapacitacionDesde-el-dia-de-hoy-dio-inicio-el-TALLER-DE.fna&#038;oh=db06f28f96272684379221aa58c33302&#038;oe=5E6977D4.jpeg\"><img decoding=\"async\" class=\"wp_automatic_fb_img\" title=\"\" src=\"https:\/\/bomberos.puyo.gob.ec\/2019\/wp-content\/uploads\/CapacitacionDesde-el-dia-de-hoy-dio-inicio-el-TALLER-DE.fna&#038;oh=db06f28f96272684379221aa58c33302&#038;oe=5E6977D4.jpeg\" \/><\/a><br \/><a href=\"https:\/\/bomberos.puyo.gob.ec\/2019\/wp-content\/uploads\/CapacitacionDesde-el-dia-de-hoy-dio-inicio-el-TALLER-DE.fna&#038;oh=ae53baf80865148080bcf1f230f3975f&#038;oe=5E75A1E5.jpeg\"><img decoding=\"async\" class=\"wp_automatic_fb_img\" title=\"\" src=\"https:\/\/bomberos.puyo.gob.ec\/2019\/wp-content\/uploads\/CapacitacionDesde-el-dia-de-hoy-dio-inicio-el-TALLER-DE.fna&#038;oh=ae53baf80865148080bcf1f230f3975f&#038;oe=5E75A1E5.jpeg\" \/><\/a><br \/>\n<br \/><a href=\"https:\/\/www.facebook.com\/465093860312824\/posts\/1376871459135055\">en facebook&#8230; <\/a>  <\/p>\n","protected":false},"excerpt":{"rendered":"<p><a class=\"_58cn\" href=\"https:\/\/facebook.com\/hashtag\/capacitacion?source=feed_text&#038;epa=HASHTAG&#038;__xts__%5B0%5D=68.ARBR65GtAtIc3JfkpoO3V8INeoPW0b2okpkq6adAUaCVf1N90y5l981OrPY5_rjJgQ7XrM42IdRGsbIALWW2ijlL5ttmV5ftanjSPfnT2MlhFgovUbA7OZY9y6Jd78Iz1ChgqjFX1RwsnHjg1afhjEHwK6PsFJ6yxkXFHkNSYFb5V0hxYgUPo6pMReC0_Lwj_hvvzWkrfG7DqczppGqLGg4n9q_1UYSd5PVZbjNz-f3lOaEkWkJ-D7Ke3aXV3us927SwU8wh0eOV39Kd27TGcozaS6risri1ErMh2qtjWLjUXWndclI6zgkg_QXUnD3zlUr0UmeRBaUQv8uYrITrG4RBjw&#038;__tn__=%2ANK-R\" data-ft=\"&#123;&quot;type&quot;:104,&quot;tn&quot;:&quot;*N&quot;&#125;\"><span class=\"_5afx\"><span aria-label=\"hashtag\" class=\"_58cl _5afz\">#Capacitacion<\/span><\/span><\/a>#Desde el d\u00eda de hoy dio inicio el TALLER DE MANEJO Y CONTENCI\u00d3N DE FAUNA SILVESTRE hasta el viernes 13  de septiembre, impartido por el Ministerio de Ambiente de Pastaza MAE. <br \/> En dicho Taller participan 20 efectivos de nuestra instituci\u00f3n, personal del Cuerpo de Bomberos de Mera, Personal de la Brigada de selva 17 Pastaza y personal de Polic\u00eda Nacional. <br \/> Este taller nos ser\u00e1 de gran ayuda y mejorar el manejo y contenci\u00f3n de la fauna silvestre que hoy en d\u00eda a trav\u00e9s del ECU 911 nos reportan para el respectivo rescate.<\/p>\n<p><a href=\"https:\/\/scontent.fuio15-1.fna.fbcdn.net\/v\/t1.0-9\/70127819_1376871302468404_6024472835651534848_n.jpg?_nc_cat=110&#038;_nc_ohc=GI22VTs8AxMAQmvVBzZHLwiWOBly-UlNKpAoUMS0q0qSgIFVoZ9urVv7w&#038;_nc_ht=scontent.fuio15-1.fna&#038;oh=68fecc792038c8639662bb9f45a4e314&#038;oe=5EA99484\"><img decoding=\"async\" class=\"wp_automatic_fb_img\" title=\"\" src=\"https:\/\/scontent.fuio15-1.fna.fbcdn.net\/v\/t1.0-9\/70127819_1376871302468404_6024472835651534848_n.jpg?_nc_cat=110&#038;_nc_ohc=GI22VTs8AxMAQmvVBzZHLwiWOBly-UlNKpAoUMS0q0qSgIFVoZ9urVv7w&#038;_nc_ht=scontent.fuio15-1.fna&#038;oh=68fecc792038c8639662bb9f45a4e314&#038;oe=5EA99484\" \/><\/a><br \/><a href=\"https:\/\/scontent.fuio15-1.fna.fbcdn.net\/v\/t1.0-9\/70962969_1376871335801734_3161243264414121984_n.jpg?_nc_cat=108&#038;_nc_ohc=8Y18z4YadxcAQkxqsnwpSSma7i1hrrhAU7whNaBHBHkOdBFa6Bd4mG1Iw&#038;_nc_ht=scontent.fuio15-1.fna&#038;oh=3908f21859884ab30e2aef8b4e5651d3&#038;oe=5E686CAB\"><img decoding=\"async\" class=\"wp_automatic_fb_img\" title=\"\" src=\"https:\/\/scontent.fuio15-1.fna.fbcdn.net\/v\/t1.0-9\/70962969_1376871335801734_3161243264414121984_n.jpg?_nc_cat=108&#038;_nc_ohc=8Y18z4YadxcAQkxqsnwpSSma7i1hrrhAU7whNaBHBHkOdBFa6Bd4mG1Iw&#038;_nc_ht=scontent.fuio15-1.fna&#038;oh=3908f21859884ab30e2aef8b4e5651d3&#038;oe=5E686CAB\" \/><\/a><br \/><a href=\"https:\/\/scontent.fuio15-1.fna.fbcdn.net\/v\/t1.0-9\/70446945_1376871382468396_855146869309833216_n.jpg?_nc_cat=110&#038;_nc_ohc=C74IwfzEmX8AQlNs-vX4CHwmgIpXV_wJ4qSugj0A4M22fEdeIlOKvsxPQ&#038;_nc_ht=scontent.fuio15-1.fna&#038;oh=db06f28f96272684379221aa58c33302&#038;oe=5E6977D4\"><img decoding=\"async\" class=\"wp_automatic_fb_img\" title=\"\" src=\"https:\/\/scontent.fuio15-1.fna.fbcdn.net\/v\/t1.0-9\/70446945_1376871382468396_855146869309833216_n.jpg?_nc_cat=110&#038;_nc_ohc=C74IwfzEmX8AQlNs-vX4CHwmgIpXV_wJ4qSugj0A4M22fEdeIlOKvsxPQ&#038;_nc_ht=scontent.fuio15-1.fna&#038;oh=db06f28f96272684379221aa58c33302&#038;oe=5E6977D4\" \/><\/a><br \/><a href=\"https:\/\/scontent.fuio15-1.fna.fbcdn.net\/v\/t1.0-9\/70256303_1376871412468393_1916252439963500544_n.jpg?_nc_cat=101&#038;_nc_ohc=__0bvBZXcwAAQkLh33Q-1AseSxzSp7vZjyvStLkqhvijla_n5iSlwa_Mg&#038;_nc_ht=scontent.fuio15-1.fna&#038;oh=ae53baf80865148080bcf1f230f3975f&#038;oe=5E75A1E5\"><img decoding=\"async\" class=\"wp_automatic_fb_img\" title=\"\" src=\"https:\/\/scontent.fuio15-1.fna.fbcdn.net\/v\/t1.0-9\/70256303_1376871412468393_1916252439963500544_n.jpg?_nc_cat=101&#038;_nc_ohc=__0bvBZXcwAAQkLh33Q-1AseSxzSp7vZjyvStLkqhvijla_n5iSlwa_Mg&#038;_nc_ht=scontent.fuio15-1.fna&#038;oh=ae53baf80865148080bcf1f230f3975f&#038;oe=5E75A1E5\" \/><\/a><\/p>\n","protected":false},"author":1,"featured_media":1203,"comment_status":"open","ping_status":"open","sticky":false,"template":"","format":"standard","meta":[],"categories":[1],"tags":[65,403,407,24,209,202,404,406,405],"_links":{"self":[{"href":"https:\/\/bomberos.puyo.gob.ec\/2019\/wp-json\/wp\/v2\/posts\/1202"}],"collection":[{"href":"https:\/\/bomberos.puyo.gob.ec\/2019\/wp-json\/wp\/v2\/posts"}],"about":[{"href":"https:\/\/bomberos.puyo.gob.ec\/2019\/wp-json\/wp\/v2\/types\/post"}],"author":[{"embeddable":true,"href":"https:\/\/bomberos.puyo.gob.ec\/2019\/wp-json\/wp\/v2\/users\/1"}],"replies":[{"embeddable":true,"href":"https:\/\/bomberos.puyo.gob.ec\/2019\/wp-json\/wp\/v2\/comments?post=1202"}],"version-history":[{"count":1,"href":"https:\/\/bomberos.puyo.gob.ec\/2019\/wp-json\/wp\/v2\/posts\/1202\/revisions"}],"predecessor-version":[{"id":1204,"href":"https:\/\/bomberos.puyo.gob.ec\/2019\/wp-json\/wp\/v2\/posts\/1202\/revisions\/1204"}],"wp:featuredmedia":[{"embeddable":true,"href":"https:\/\/bomberos.puyo.gob.ec\/2019\/wp-json\/wp\/v2\/media\/1203"}],"wp:attachment":[{"href":"https:\/\/bomberos.puyo.gob.ec\/2019\/wp-json\/wp\/v2\/media?parent=1202"}],"wp:term":[{"taxonomy":"category","embeddable":true,"href":"https:\/\/bomberos.puyo.gob.ec\/2019\/wp-json\/wp\/v2\/categories?post=1202"},{"taxonomy":"post_tag","embeddable":true,"href":"https:\/\/bomberos.puyo.gob.ec\/2019\/wp-json\/wp\/v2\/tags?post=1202"}],"curies":[{"name":"wp","href":"https:\/\/api.w.org\/{rel}","templated":true}]}}