{"id":1170,"date":"2019-09-20T08:00:01","date_gmt":"2019-09-20T13:00:01","guid":{"rendered":"https:\/\/bomberos.puyo.gob.ec\/capacitacion-prevencion-policia-en-coordinacion-con-el-departamento\/"},"modified":"2019-12-24T04:53:53","modified_gmt":"2019-12-24T09:53:53","slug":"capacitacion-prevencion-policia-en-coordinacion-con-el-departamento","status":"publish","type":"post","link":"https:\/\/bomberos.puyo.gob.ec\/2019\/capacitacion-prevencion-policia-en-coordinacion-con-el-departamento\/","title":{"rendered":"| #CAPACITACI\u00d3N | #PREVENCI\u00d3N | #POLICIA |\n En coordinaci\u00f3n con el Departamento &#8230;"},"content":{"rendered":"<p><span><\/p>\n<p>| <a>#CAPACITACI\u00d3N<\/a> | <a>#PREVENCI\u00d3N<\/a> | <a>#POLICIA<\/a> |<br \/> En coordinaci\u00f3n con el Departamento de Prevenci\u00f3n se realiza la capacitaci\u00f3n de prevenci\u00f3n, uso y manejo de extintores, solicitada por el Comando de Polic\u00eda, que fue impartida a los se\u00f1ores aspirantes a Polic\u00edas.<\/p>\n<p><\/span>\n<\/p>\n<p><a href=\"https:\/\/bomberos.puyo.gob.ec\/2019\/wp-content\/uploads\/CAPACITACION-PREVENCION-POLICIA-En-coordinacion-con.fna&#038;oh=8a0035d9fb78f206ea8673c0138cdd31&#038;oe=5EA96326.png\"><img decoding=\"async\" class=\"wp_automatic_fb_img\" title=\"\" src=\"https:\/\/bomberos.puyo.gob.ec\/2019\/wp-content\/uploads\/CAPACITACION-PREVENCION-POLICIA-En-coordinacion-con.fna&#038;oh=8a0035d9fb78f206ea8673c0138cdd31&#038;oe=5EA96326.png\" \/><\/a><br \/>\n<br \/><a href=\"https:\/\/www.facebook.com\/465093860312824\/posts\/1384340741721460\">en facebook&#8230; <\/a>  <\/p>\n","protected":false},"excerpt":{"rendered":"<p><span><\/p>\n<p>| <a>#CAPACITACI\u00d3N<\/a> | <a>#PREVENCI\u00d3N<\/a> | <a>#POLICIA<\/a> |<br \/> En coordinaci\u00f3n con el Departamento de Prevenci\u00f3n se realiza la capacitaci\u00f3n de prevenci\u00f3n, uso y manejo de extintores, solicitada por el Comando de Polic\u00eda, que fue impartida a los se\u00f1ores aspirantes a Polic\u00edas.<\/p>\n<p><\/span>\n<\/p>\n<p><a href=\"https:\/\/scontent.fuio15-1.fna.fbcdn.net\/v\/t1.0-9\/71301428_1384339418388259_1516871535711748096_o.png?_nc_cat=110&#038;_nc_ohc=unMTJDPTHiQAQkH7bc7yZTi4iElBJpiwOWKP1pdiTA8FYItaLyngbkWVA&#038;_nc_ht=scontent.fuio15-1.fna&#038;oh=8a0035d9fb78f206ea8673c0138cdd31&#038;oe=5EA96326\"><img decoding=\"async\" class=\"wp_automatic_fb_img\" title=\"\" src=\"https:\/\/scontent.fuio15-1.fna.fbcdn.net\/v\/t1.0-9\/71301428_1384339418388259_1516871535711748096_o.png?_nc_cat=110&#038;_nc_ohc=unMTJDPTHiQAQkH7bc7yZTi4iElBJpiwOWKP1pdiTA8FYItaLyngbkWVA&#038;_nc_ht=scontent.fuio15-1.fna&#038;oh=8a0035d9fb78f206ea8673c0138cdd31&#038;oe=5EA96326\" \/><\/a><\/p>\n","protected":false},"author":1,"featured_media":1171,"comment_status":"open","ping_status":"open","sticky":false,"template":"","format":"standard","meta":[],"categories":[1],"tags":[65,42,82,83,213,39],"_links":{"self":[{"href":"https:\/\/bomberos.puyo.gob.ec\/2019\/wp-json\/wp\/v2\/posts\/1170"}],"collection":[{"href":"https:\/\/bomberos.puyo.gob.ec\/2019\/wp-json\/wp\/v2\/posts"}],"about":[{"href":"https:\/\/bomberos.puyo.gob.ec\/2019\/wp-json\/wp\/v2\/types\/post"}],"author":[{"embeddable":true,"href":"https:\/\/bomberos.puyo.gob.ec\/2019\/wp-json\/wp\/v2\/users\/1"}],"replies":[{"embeddable":true,"href":"https:\/\/bomberos.puyo.gob.ec\/2019\/wp-json\/wp\/v2\/comments?post=1170"}],"version-history":[{"count":1,"href":"https:\/\/bomberos.puyo.gob.ec\/2019\/wp-json\/wp\/v2\/posts\/1170\/revisions"}],"predecessor-version":[{"id":1172,"href":"https:\/\/bomberos.puyo.gob.ec\/2019\/wp-json\/wp\/v2\/posts\/1170\/revisions\/1172"}],"wp:featuredmedia":[{"embeddable":true,"href":"https:\/\/bomberos.puyo.gob.ec\/2019\/wp-json\/wp\/v2\/media\/1171"}],"wp:attachment":[{"href":"https:\/\/bomberos.puyo.gob.ec\/2019\/wp-json\/wp\/v2\/media?parent=1170"}],"wp:term":[{"taxonomy":"category","embeddable":true,"href":"https:\/\/bomberos.puyo.gob.ec\/2019\/wp-json\/wp\/v2\/categories?post=1170"},{"taxonomy":"post_tag","embeddable":true,"href":"https:\/\/bomberos.puyo.gob.ec\/2019\/wp-json\/wp\/v2\/tags?post=1170"}],"curies":[{"name":"wp","href":"https:\/\/api.w.org\/{rel}","templated":true}]}}